{"id":1001,"date":"2022-04-11T07:05:32","date_gmt":"2022-04-11T07:05:32","guid":{"rendered":"https:\/\/altisk-mlak.edu.hu\/?p=1001"},"modified":"2022-04-11T07:11:02","modified_gmt":"2022-04-11T07:11:02","slug":"lelekben-is-felkeszultunk-a-husvetra","status":"publish","type":"post","link":"https:\/\/altisk-mlak.edu.hu\/index.php\/lelekben-is-felkeszultunk-a-husvetra\/","title":{"rendered":"L\u00e9lekben is felk\u00e9sz\u00fclt\u00fcnk a h\u00fasv\u00e9tra"},"content":{"rendered":"<p><img fetchpriority=\"high\" decoding=\"async\" class=\"aligncenter wp-image-1002 size-medium\" src=\"https:\/\/altisk-mlak.edu.hu\/wp-content\/uploads\/2022\/04\/Keresztut_1-225x300.jpg\" alt=\"\" width=\"225\" height=\"300\" srcset=\"https:\/\/altisk-mlak.edu.hu\/wp-content\/uploads\/2022\/04\/Keresztut_1-225x300.jpg 225w, https:\/\/altisk-mlak.edu.hu\/wp-content\/uploads\/2022\/04\/Keresztut_1.jpg 720w\" sizes=\"(max-width: 225px) 100vw, 225px\" \/><\/p>\n<p align=\"justify\">\u00c1prilis 8-\u00e1n (p\u00e9nteken) csod\u00e1latos lelki \u00e9lm\u00e9nyben volt r\u00e9sze a helyi iskol\u00e1soknak \u00e9s pedag\u00f3gusoknak. Dr. Tak\u00e1cs Gyula iskolalelk\u00e9sz \u00e9s \u00c1gnes n\u0151v\u00e9r vezet\u00e9s\u00e9vel mindannyian k\u00f6z\u00f6sen v\u00e9gigj\u00e1rtuk a cs\u00f6r\u00f6tneki \u00d6r\u00f6k Ige templom melletti keresztutat. J\u00e9zus jeruzs\u00e1lemi \u00fatj\u00e1t tett\u00fck meg, kicsiben, de m\u00e9ly \u00e1t\u00e9rz\u00e9ssel \u00e9s al\u00e1zattal.<br \/>\nA k\u00f6rmenet kezd\u0151\u00e9nekkel vette kezdet\u00e9t, \u00e9s az egyes st\u00e1ci\u00f3k k\u00f6z\u00f6tt is \u00e9neksz\u00f3val vonult a fegyelmezett k\u00f6z\u00f6ss\u00e9g. Gyula atya minden egyes \u00e1llom\u00e1sn\u00e1l ismertette a st\u00e1ci\u00f3 c\u00edm\u00e9t \u00e9s a hozz\u00e1 f\u0171z\u0151d\u0151 esem\u00e9nyeket. Ezt k\u00f6vette a lelk\u00e9szi el\u0151im\u00e1dkoz\u00e1s: \u201eIm\u00e1dunk T\u00e9ged Krisztus, \u00e9s \u00e1ldunk T\u00e9ged!\u201d A r\u00e9sztvev\u0151k egy\u00fctt v\u00e1laszolt\u00e1k: \u201eMert Szent Kereszted \u00e1ltal megv\u00e1ltottad a vil\u00e1got.\u201d<br \/>\nAz elm\u00e9lked\u00e9sben az iskolalelk\u00e9sz p\u00e1rhuzamot vont a m\u00faltb\u00e9li t\u00f6rt\u00e9n\u00e9sek \u00e9s a mai vil\u00e1g k\u00f6z\u00f6tt. Javaslatokat, j\u00f3 tan\u00e1csokat adott, hogy \u00e9lj\u00fcnk \u00e9s cselekedj\u00fcnk, hogy Istennek tetsz\u0151 \u00e9let\u00fcnk legyen. A tov\u00e1bbiakban a \u201eMiaty\u00e1nk\u201d \u00e9s az \u201e\u00dcdv\u00f6zl\u00e9gy M\u00e1ria\u201d kezdet\u0171 im\u00e1ds\u00e1gokkal foh\u00e1szkodtak a menet tagjai.<br \/>\nV\u00e9gezet\u00fcl a \u201eK\u00f6ny\u00f6r\u00fclj rajtunk, Urunk!\u201d lelk\u00e9szi el\u0151im\u00e1dkoz\u00e1sra az iskolak\u00f6z\u00f6ss\u00e9g ekk\u00e9ppen v\u00e1laszolt: \u201eK\u00f6ny\u00f6r\u00fclj rajtunk, \u00e9s a tiszt\u00edt\u00f3t\u0171zben szenved\u0151 lelkeken!\u201d. Felejthetetlen \u00e9lm\u00e9ny volt a k\u00f6z\u00f6s v\u00e1ndorl\u00e1s J\u00e9zus nyomdokain, mert \u00fagy \u00e9rezt\u00fck, hogy az \u00dar J\u00e9zus v\u00e9gig vel\u00fcnk volt.<\/p>\n<p align=\"justify\"><img decoding=\"async\" class=\"wp-image-1003 size-medium aligncenter\" src=\"https:\/\/altisk-mlak.edu.hu\/wp-content\/uploads\/2022\/04\/Keresztut_2-225x300.jpg\" alt=\"\" width=\"225\" height=\"300\" srcset=\"https:\/\/altisk-mlak.edu.hu\/wp-content\/uploads\/2022\/04\/Keresztut_2-225x300.jpg 225w, https:\/\/altisk-mlak.edu.hu\/wp-content\/uploads\/2022\/04\/Keresztut_2.jpg 720w\" sizes=\"(max-width: 225px) 100vw, 225px\" \/><\/p>\n<p align=\"justify\">A kereszt\u00fat bej\u00e1r\u00e1s\u00e1t k\u00f6vet\u0151en iskolamis\u00e9t mutatott be Dr. Tak\u00e1cs Gyula a h\u00fasv\u00e9tra k\u00e9sz\u00fcl\u0151d\u00e9s jegy\u00e9ben. A szentmis\u00e9n az iskolak\u00f3rus egyh\u00e1zi szolg\u00e1latot ny\u00fajtott.<\/p>\n","protected":false},"excerpt":{"rendered":"<p>\u00c1prilis 8-\u00e1n (p\u00e9nteken) csod\u00e1latos lelki \u00e9lm\u00e9nyben volt r\u00e9sze a helyi iskol\u00e1soknak \u00e9s pedag\u00f3gusoknak. Dr. Tak\u00e1cs Gyula iskolalelk\u00e9sz \u00e9s \u00c1gnes n\u0151v\u00e9r vezet\u00e9s\u00e9vel mindannyian k\u00f6z\u00f6sen v\u00e9gigj\u00e1rtuk a cs\u00f6r\u00f6tneki \u00d6r\u00f6k Ige templom melletti keresztutat. J\u00e9zus<a class=\"moretag\" href=\"https:\/\/altisk-mlak.edu.hu\/index.php\/lelekben-is-felkeszultunk-a-husvetra\/\">Read More&#8230;<\/a><\/p>\n","protected":false},"author":3,"featured_media":0,"comment_status":"closed","ping_status":"closed","sticky":false,"template":"","format":"standard","meta":{"two_page_speed":[],"footnotes":""},"categories":[1],"tags":[],"class_list":["post-1001","post","type-post","status-publish","format-standard","hentry","category-egyeb"],"_links":{"self":[{"href":"https:\/\/altisk-mlak.edu.hu\/index.php\/wp-json\/wp\/v2\/posts\/1001","targetHints":{"allow":["GET"]}}],"collection":[{"href":"https:\/\/altisk-mlak.edu.hu\/index.php\/wp-json\/wp\/v2\/posts"}],"about":[{"href":"https:\/\/altisk-mlak.edu.hu\/index.php\/wp-json\/wp\/v2\/types\/post"}],"author":[{"embeddable":true,"href":"https:\/\/altisk-mlak.edu.hu\/index.php\/wp-json\/wp\/v2\/users\/3"}],"replies":[{"embeddable":true,"href":"https:\/\/altisk-mlak.edu.hu\/index.php\/wp-json\/wp\/v2\/comments?post=1001"}],"version-history":[{"count":2,"href":"https:\/\/altisk-mlak.edu.hu\/index.php\/wp-json\/wp\/v2\/posts\/1001\/revisions"}],"predecessor-version":[{"id":1008,"href":"https:\/\/altisk-mlak.edu.hu\/index.php\/wp-json\/wp\/v2\/posts\/1001\/revisions\/1008"}],"wp:attachment":[{"href":"https:\/\/altisk-mlak.edu.hu\/index.php\/wp-json\/wp\/v2\/media?parent=1001"}],"wp:term":[{"taxonomy":"category","embeddable":true,"href":"https:\/\/altisk-mlak.edu.hu\/index.php\/wp-json\/wp\/v2\/categories?post=1001"},{"taxonomy":"post_tag","embeddable":true,"href":"https:\/\/altisk-mlak.edu.hu\/index.php\/wp-json\/wp\/v2\/tags?post=1001"}],"curies":[{"name":"wp","href":"https:\/\/api.w.org\/{rel}","templated":true}]}}