{"id":1028,"date":"2022-04-20T06:23:36","date_gmt":"2022-04-20T06:23:36","guid":{"rendered":"https:\/\/altisk-mlak.edu.hu\/?p=1028"},"modified":"2022-05-09T06:35:55","modified_gmt":"2022-05-09T06:35:55","slug":"tennivalok-beiratkozas-elott","status":"publish","type":"post","link":"https:\/\/altisk-mlak.edu.hu\/index.php\/tennivalok-beiratkozas-elott\/","title":{"rendered":"Tennival\u00f3k beiratkoz\u00e1s el\u0151tt"},"content":{"rendered":"<p class=\"western\" align=\"center\"><span style=\"font-size: large;\"><b>Tisztelt Sz\u00fcl\u0151k!<\/b><\/span><\/p>\n<p class=\"western\" align=\"justify\"><b>2022. \u00e1prilis 21-\u00e9n (cs\u00fct\u00f6rt\u00f6k) 8.00-18.00<\/b>-ig, \u00e9s <b>22-\u00e9n (p\u00e9ntek) 8.00-17.00<\/b>-ig lesz a leend\u0151 els\u0151 oszt\u00e1lyosok be\u00edrat\u00e1sa.<\/p>\n<p class=\"western\" align=\"justify\">A beiratkoz\u00e1s helye: <b>Szent Gotth\u00e1rd \u00c1ltal\u00e1nos Iskola \u00e9s Gimn\u00e1zium<\/b><\/p>\n<p class=\"western\" align=\"justify\"><b> Magyarlak \u2013 Cs\u00f6r\u00f6tnek \u00c1ltal\u00e1nos Iskol\u00e1ja (\u00fcgyint\u00e9z\u0151i iroda)<\/b><\/p>\n<p class=\"western\" align=\"justify\"><b>9963 Magyarlak, Kossuth Lajos \u00fat 236.<\/b><\/p>\n<p class=\"western\" align=\"justify\">K\u00e9rn\u00e9m \u00d6n\u00f6ket, hogy erre az id\u0151re gyermek\u00fckkel egy\u00fctt sz\u00edveskedjenek bemenni a szentgotth\u00e1rdi okm\u00e1nyirod\u00e1ba!<\/p>\n<p class=\"western\" align=\"justify\">Az \u00fcgyint\u00e9z\u0151nek meg kell mondani, hogy di\u00e1kigazolv\u00e1ny k\u00e9sz\u00edt\u00e9se c\u00e9lj\u00e1b\u00f3l jelentek meg. Az okm\u00e1nyirodai \u00fcgyint\u00e9z\u00e9shez elengedhetetlen:<\/p>\n<ul>\n<li>\n<p class=\"western\" align=\"justify\">a szem\u00e9lyes megjelen\u00e9s,<\/p>\n<\/li>\n<li>\n<p class=\"western\" align=\"justify\">\u00e9rv\u00e9nyes szem\u00e9lyazonos\u00edt\u00f3 igazolv\u00e1ny vagy \u00fatlev\u00e9l,<\/p>\n<\/li>\n<li>\n<p class=\"western\" align=\"justify\">lakc\u00edmet igazol\u00f3 hat\u00f3s\u00e1gi igazolv\u00e1ny<\/p>\n<\/li>\n<li>\n<p class=\"western\" align=\"justify\">14. \u00e9let\u00e9vet be nem t\u00f6lt\u00f6tt ig\u00e9nyl\u0151 eset\u00e9n, ha van m\u00e1r szem\u00e9lyi igazolv\u00e1nya, akkor 1 sz\u00fcl\u0151 jelenl\u00e9te sz\u00fcks\u00e9ges.<\/p>\n<\/li>\n<li>\n<p class=\"western\" align=\"justify\">A megjelen\u0151 sz\u00fcl\u0151k szem\u00e9lyazonos\u00edt\u00f3 igazolv\u00e1nya\/ vezet\u0151i enged\u00e9lye\/\u00fatlevele \u00e9s lakc\u00edmet igazol\u00f3 hat\u00f3s\u00e1gi igazolv\u00e1nya.<\/p>\n<\/li>\n<\/ul>\n<p class=\"western\" align=\"justify\"><span style=\"font-size: large;\"><b>Ha a gyermeknek m\u00e9g nincs szem\u00e9lyi igazolv\u00e1nya, akkor mindk\u00e9t sz\u00fcl\u0151 megjelen\u00e9se k\u00f6telez\u0151.<\/b><\/span><\/p>\n<p class=\"western\" align=\"justify\">Az okm\u00e1nyirod\u00e1ban kapott adatlapot hozz\u00e1k magukkal a beiratkoz\u00e1skor.<\/p>\n<p class=\"western\" align=\"justify\">Ezek ut\u00e1n ind\u00edthat\u00f3 el a di\u00e1kigazolv\u00e1ny ig\u00e9nyl\u00e9se.<\/p>\n<p class=\"western\" align=\"justify\">Hozz\u00e1k m\u00e9g magukkal a <b>GYERMEK sz\u00fclet\u00e9si anyak\u00f6nyvi kivonat\u00e1t, lakc\u00edmk\u00e1rty\u00e1t, TAJ<\/b> <b>k\u00e1rty\u00e1t<\/b>, ha van <b>ad\u00f3k\u00e1rty\u00e1t, szakv\u00e9lem\u00e9nyt<\/b>, valamint a <b>rendszeres gyermekv\u00e9delmi<\/b> kedvezm\u00e9nyre jogos\u00edt\u00f3 hat\u00e1rozatot.<\/p>\n<p class=\"western\" align=\"justify\">Az okm\u00e1nyiroda \u00fcgyf\u00e9lfogad\u00e1si rendje a k\u00f6vetkez\u0151:<\/p>\n<p class=\"western\" style=\"padding-left: 40px;\" align=\"justify\"><b>H\u00e9tf\u0151: 8-18-ig <\/b><\/p>\n<p class=\"western\" style=\"padding-left: 40px;\" align=\"justify\"><b>Kedd: 8-16-ig <\/b><\/p>\n<p class=\"western\" style=\"padding-left: 40px;\" align=\"justify\"><b>Szerda: 8-18-ig <\/b><\/p>\n<p class=\"western\" style=\"padding-left: 40px;\" align=\"justify\"><b>Cs\u00fct\u00f6rt\u00f6k: 8-16-ig <\/b><\/p>\n<p class=\"western\" style=\"padding-left: 40px;\" align=\"justify\"><b>P\u00e9ntek: 8-12-ig <\/b><\/p>\n<p class=\"western\" align=\"justify\">Az okm\u00e1nyiroda telefonsz\u00e1ma: 06 94\/795-676<\/p>\n<p class=\"western\" style=\"padding-left: 280px;\" align=\"justify\">795-678<\/p>\n<p class=\"western\" style=\"padding-left: 280px;\" align=\"justify\">795-679<\/p>\n<p class=\"western\" align=\"justify\">Magyarlak, 2022. \u00e1prilis 12.<\/p>\n<p class=\"western\" align=\"justify\">Tisztelettel:<\/p>\n<p class=\"western\" style=\"text-align: center;\" align=\"justify\">Mezein\u00e9 Kiss Katalin Melinda<\/p>\n<p class=\"western\" style=\"text-align: center;\" align=\"justify\">tagint\u00e9zm\u00e9ny-vezet\u0151<\/p>\n","protected":false},"excerpt":{"rendered":"<p>Tisztelt Sz\u00fcl\u0151k! 2022. \u00e1prilis 21-\u00e9n (cs\u00fct\u00f6rt\u00f6k) 8.00-18.00-ig, \u00e9s 22-\u00e9n (p\u00e9ntek) 8.00-17.00-ig lesz a leend\u0151 els\u0151 oszt\u00e1lyosok be\u00edrat\u00e1sa. A beiratkoz\u00e1s helye: Szent Gotth\u00e1rd \u00c1ltal\u00e1nos Iskola \u00e9s Gimn\u00e1zium Magyarlak \u2013 Cs\u00f6r\u00f6tnek \u00c1ltal\u00e1nos Iskol\u00e1ja (\u00fcgyint\u00e9z\u0151i<a class=\"moretag\" href=\"https:\/\/altisk-mlak.edu.hu\/index.php\/tennivalok-beiratkozas-elott\/\">Read More&#8230;<\/a><\/p>\n","protected":false},"author":3,"featured_media":0,"comment_status":"closed","ping_status":"closed","sticky":false,"template":"","format":"standard","meta":{"two_page_speed":[],"footnotes":""},"categories":[1],"tags":[],"class_list":["post-1028","post","type-post","status-publish","format-standard","hentry","category-egyeb"],"_links":{"self":[{"href":"https:\/\/altisk-mlak.edu.hu\/index.php\/wp-json\/wp\/v2\/posts\/1028","targetHints":{"allow":["GET"]}}],"collection":[{"href":"https:\/\/altisk-mlak.edu.hu\/index.php\/wp-json\/wp\/v2\/posts"}],"about":[{"href":"https:\/\/altisk-mlak.edu.hu\/index.php\/wp-json\/wp\/v2\/types\/post"}],"author":[{"embeddable":true,"href":"https:\/\/altisk-mlak.edu.hu\/index.php\/wp-json\/wp\/v2\/users\/3"}],"replies":[{"embeddable":true,"href":"https:\/\/altisk-mlak.edu.hu\/index.php\/wp-json\/wp\/v2\/comments?post=1028"}],"version-history":[{"count":1,"href":"https:\/\/altisk-mlak.edu.hu\/index.php\/wp-json\/wp\/v2\/posts\/1028\/revisions"}],"predecessor-version":[{"id":1029,"href":"https:\/\/altisk-mlak.edu.hu\/index.php\/wp-json\/wp\/v2\/posts\/1028\/revisions\/1029"}],"wp:attachment":[{"href":"https:\/\/altisk-mlak.edu.hu\/index.php\/wp-json\/wp\/v2\/media?parent=1028"}],"wp:term":[{"taxonomy":"category","embeddable":true,"href":"https:\/\/altisk-mlak.edu.hu\/index.php\/wp-json\/wp\/v2\/categories?post=1028"},{"taxonomy":"post_tag","embeddable":true,"href":"https:\/\/altisk-mlak.edu.hu\/index.php\/wp-json\/wp\/v2\/tags?post=1028"}],"curies":[{"name":"wp","href":"https:\/\/api.w.org\/{rel}","templated":true}]}}