{"id":1030,"date":"2022-04-20T06:32:59","date_gmt":"2022-04-20T06:32:59","guid":{"rendered":"https:\/\/altisk-mlak.edu.hu\/?p=1030"},"modified":"2022-05-09T06:36:17","modified_gmt":"2022-05-09T06:36:17","slug":"elso-osztalyosok-beiratasa","status":"publish","type":"post","link":"https:\/\/altisk-mlak.edu.hu\/index.php\/elso-osztalyosok-beiratasa\/","title":{"rendered":"Els\u0151 oszt\u00e1lyosok be\u00edrat\u00e1sa"},"content":{"rendered":"<p>&nbsp;<\/p>\n<p><img fetchpriority=\"high\" decoding=\"async\" class=\"size-large wp-image-1031 aligncenter\" src=\"https:\/\/altisk-mlak.edu.hu\/wp-content\/uploads\/2022\/04\/sulikep-1024x573.jpg\" alt=\"\" width=\"604\" height=\"338\" srcset=\"https:\/\/altisk-mlak.edu.hu\/wp-content\/uploads\/2022\/04\/sulikep-1024x573.jpg 1024w, https:\/\/altisk-mlak.edu.hu\/wp-content\/uploads\/2022\/04\/sulikep-300x168.jpg 300w, https:\/\/altisk-mlak.edu.hu\/wp-content\/uploads\/2022\/04\/sulikep-768x430.jpg 768w, https:\/\/altisk-mlak.edu.hu\/wp-content\/uploads\/2022\/04\/sulikep-1536x860.jpg 1536w, https:\/\/altisk-mlak.edu.hu\/wp-content\/uploads\/2022\/04\/sulikep.jpg 1694w\" sizes=\"(max-width: 604px) 100vw, 604px\" \/><\/p>\n<p class=\"western\" lang=\"hu-HU\" align=\"center\"><span style=\"font-family: Arial, serif;\"><b>2022. \u00c1PRILIS 21. (CS\u00dcT\u00d6RT\u00d6K) 8.00-18.00 h<\/b><\/span><\/p>\n<p class=\"western\" lang=\"hu-HU\" align=\"center\"><span style=\"font-family: Arial, serif;\"><b>2022. \u00c1PRILIS 22. (P\u00c9NTEK) 8.00-17.00 h<\/b><\/span><\/p>\n<p class=\"western\" lang=\"hu-HU\" align=\"justify\"><span style=\"font-family: Arial, serif;\">Ha a gyermeknek m\u00e9g nincs szem\u00e9lyi igazolv\u00e1nya, akkor mindk\u00e9t sz\u00fcl\u0151 megjelen\u00e9se sz\u00fcks\u00e9ges. K\u00e9rj\u00fck, sz\u00edveskedjenek magukkal hozni az al\u00e1bbi dokumentumokat:<\/span><\/p>\n<ul>\n<li>Az okm\u00e1nyirod\u00e1ban kapott adatlapot a di\u00e1kigazolv\u00e1ny ig\u00e9nyl\u00e9s\u00e9hez,<\/li>\n<li>a gyermek sz\u00fclet\u00e9si anyak\u00f6nyvi kivonat\u00e1t,<\/li>\n<li>lakc\u00edmk\u00e1rty\u00e1j\u00e1t,<\/li>\n<li>TAJ k\u00e1rty\u00e1t, ad\u00f3k\u00e1rty\u00e1t (ha van),<\/li>\n<li>szakv\u00e9lem\u00e9nyt,<\/li>\n<li>rendszeres gyermekv\u00e9delmi kedvezm\u00e9nyre jogos\u00edt\u00f3 hat\u00e1rozatot.<\/li>\n<\/ul>\n<p class=\"western\" lang=\"hu-HU\"><span style=\"font-family: Arial, serif;\">R\u00e9szletesebb inform\u00e1ci\u00f3 az iskola honlapj\u00e1n tal\u00e1lhat\u00f3: <\/span><span style=\"color: #0000ff;\"><u><a href=\"http:\/\/www.altisk-mlak.edu.hu\/\"><span style=\"font-family: Arial, serif;\">www.altisk-mlak.edu.hu<\/span><\/a><\/u><\/span><\/p>\n<p class=\"western\" lang=\"hu-HU\"><span style=\"font-family: Arial, serif;\">Magyarlak, 2022. \u00e1prilis 12.<\/span><\/p>\n<p class=\"western\" lang=\"hu-HU\"><span style=\"font-family: Arial, serif;\">Tisztelettel: Mezein\u00e9 Kiss Katalin Melinda <\/span><\/p>\n<p class=\"western\" lang=\"hu-HU\"><span style=\"font-family: Arial, serif;\"> tagint\u00e9zm\u00e9ny-vezet\u0151<\/span><\/p>\n","protected":false},"excerpt":{"rendered":"<p>&nbsp; 2022. \u00c1PRILIS 21. (CS\u00dcT\u00d6RT\u00d6K) 8.00-18.00 h 2022. \u00c1PRILIS 22. (P\u00c9NTEK) 8.00-17.00 h Ha a gyermeknek m\u00e9g nincs szem\u00e9lyi igazolv\u00e1nya, akkor mindk\u00e9t sz\u00fcl\u0151 megjelen\u00e9se sz\u00fcks\u00e9ges. K\u00e9rj\u00fck, sz\u00edveskedjenek magukkal hozni az al\u00e1bbi dokumentumokat:<a class=\"moretag\" href=\"https:\/\/altisk-mlak.edu.hu\/index.php\/elso-osztalyosok-beiratasa\/\">Read More&#8230;<\/a><\/p>\n","protected":false},"author":3,"featured_media":0,"comment_status":"closed","ping_status":"closed","sticky":false,"template":"","format":"standard","meta":{"two_page_speed":[],"footnotes":""},"categories":[1],"tags":[],"class_list":["post-1030","post","type-post","status-publish","format-standard","hentry","category-egyeb"],"_links":{"self":[{"href":"https:\/\/altisk-mlak.edu.hu\/index.php\/wp-json\/wp\/v2\/posts\/1030","targetHints":{"allow":["GET"]}}],"collection":[{"href":"https:\/\/altisk-mlak.edu.hu\/index.php\/wp-json\/wp\/v2\/posts"}],"about":[{"href":"https:\/\/altisk-mlak.edu.hu\/index.php\/wp-json\/wp\/v2\/types\/post"}],"author":[{"embeddable":true,"href":"https:\/\/altisk-mlak.edu.hu\/index.php\/wp-json\/wp\/v2\/users\/3"}],"replies":[{"embeddable":true,"href":"https:\/\/altisk-mlak.edu.hu\/index.php\/wp-json\/wp\/v2\/comments?post=1030"}],"version-history":[{"count":2,"href":"https:\/\/altisk-mlak.edu.hu\/index.php\/wp-json\/wp\/v2\/posts\/1030\/revisions"}],"predecessor-version":[{"id":1034,"href":"https:\/\/altisk-mlak.edu.hu\/index.php\/wp-json\/wp\/v2\/posts\/1030\/revisions\/1034"}],"wp:attachment":[{"href":"https:\/\/altisk-mlak.edu.hu\/index.php\/wp-json\/wp\/v2\/media?parent=1030"}],"wp:term":[{"taxonomy":"category","embeddable":true,"href":"https:\/\/altisk-mlak.edu.hu\/index.php\/wp-json\/wp\/v2\/categories?post=1030"},{"taxonomy":"post_tag","embeddable":true,"href":"https:\/\/altisk-mlak.edu.hu\/index.php\/wp-json\/wp\/v2\/tags?post=1030"}],"curies":[{"name":"wp","href":"https:\/\/api.w.org\/{rel}","templated":true}]}}