{"id":1035,"date":"2022-05-09T06:38:01","date_gmt":"2022-05-09T06:38:01","guid":{"rendered":"https:\/\/altisk-mlak.edu.hu\/?p=1035"},"modified":"2022-06-08T06:57:12","modified_gmt":"2022-06-08T06:57:12","slug":"jubileumi-iskolatorteneti-kiallitas","status":"publish","type":"post","link":"https:\/\/altisk-mlak.edu.hu\/index.php\/jubileumi-iskolatorteneti-kiallitas\/","title":{"rendered":"Jubileumi iskolat\u00f6rt\u00e9neti ki\u00e1ll\u00edt\u00e1s"},"content":{"rendered":"<p align=\"center\"><span style=\"font-size: large;\"><b>Felh\u00edv\u00e1s<\/b><\/span><\/p>\n<p align=\"justify\"><span style=\"font-family: Arial, serif;\"><span style=\"font-size: medium;\">A Szent Gotth\u00e1rd \u00c1ltal\u00e1nos Iskola \u00e9s Gimn\u00e1zium <\/span><\/span><span style=\"font-family: Arial, serif;\"><span style=\"font-size: medium;\"><b>Magyarlak-Cs\u00f6r\u00f6tnek \u00c1ltal\u00e1nos Iskol\u00e1ja<\/b><\/span><\/span> <span style=\"font-family: Arial, serif;\"><span style=\"font-size: medium;\"><b>fenn\u00e1ll\u00e1s\u00e1nak 50 \u00e9ves \u00e9vfordul\u00f3<\/b><\/span><\/span><span style=\"font-family: Arial, serif;\"><span style=\"font-size: medium;\">ja alkalm\u00e1b\u00f3l 2022. j\u00fanius 3-\u00e1n&nbsp;<\/span><\/span><span style=\"font-family: Arial, serif;\"><span style=\"font-size: medium;\"><b>iskolat\u00f6rt\u00e9neti ki\u00e1ll\u00edt\u00e1s<\/b><\/span><\/span><span style=\"font-family: Arial, serif;\"><span style=\"font-size: medium;\">&nbsp;l\u00e9trehoz\u00e1s\u00e1t tervezi, melynek az iskola aul\u00e1ja ad otthont.<\/span><\/span><\/p>\n<p align=\"justify\"><a name=\"_GoBack\"><\/a> <span style=\"font-family: Arial, serif;\"><span style=\"font-size: medium;\">Ez\u00faton felk\u00e9r\u00fcnk minden kedves egykori di\u00e1kot, hogyha az iskol\u00e1val kapcsolatos b\u00e1rmilyen t\u00e1rggyal rendelkeznek&nbsp;<\/span><\/span><span style=\"font-family: Arial, serif;\"><span style=\"font-size: medium;\"><i>(pl. egyenruha, f\u00e9nyk\u00e9p, ballag\u00e1si tarisznya, oklev\u00e9l, tank\u00f6nyv, tabl\u00f3, ellen\u0151rz\u0151 k\u00f6nyv, egy\u00e9b eml\u00e9kt\u00e1rgy)<\/i><\/span><\/span><span style=\"font-family: Arial, serif;\"><span style=\"font-size: medium;\">, bocs\u00e1ss\u00e1k rendelkez\u00e9s\u00fcnkre, \u00e9s ez \u00e1ltal j\u00e1ruljanak hozz\u00e1 a ki\u00e1ll\u00edt\u00e1s megrendez\u00e9s\u00e9hez!<\/span><\/span><\/p>\n<p align=\"justify\"><span style=\"font-family: Arial, serif;\"><span style=\"font-size: medium;\">A k\u00f6zszeml\u00e9re tett t\u00e1rgyakat a ki\u00e1ll\u00edt\u00e1s lej\u00e1rta ut\u00e1n visszaszolg\u00e1ltatjuk a tulajdonos\u00e1nak.<\/span><\/span><\/p>\n<p align=\"justify\"><span style=\"font-family: Arial, serif;\"><span style=\"font-size: medium;\">A j\u00f3 c\u00e9l \u00e9rdek\u00e9ben tett f\u00e1radoz\u00e1sukat el\u0151re is k\u00f6sz\u00f6ni az iskola alkalmazotti \u00e9s sz\u00fcl\u0151i k\u00f6z\u00f6ss\u00e9ge.<\/span><\/span><\/p>\n<p align=\"justify\"><span style=\"font-family: Arial, serif;\"><span style=\"font-size: medium;\">B\u0151vebb inform\u00e1ci\u00f3\u00e9rt forduljanak<\/span><\/span><\/p>\n<ul>\n<li>\n<p align=\"justify\"><span style=\"font-family: Arial, serif;\"><span style=\"font-size: medium;\">Mezein\u00e9 Kiss Katalin <\/span><\/span><span style=\"font-family: Arial, serif;\"><span style=\"font-size: medium;\">(06 20&nbsp;997 3810)<\/span><\/span><span style=\"font-family: Arial, serif;\"><span style=\"font-size: medium;\">&nbsp; tagint\u00e9zm\u00e9ny-vezet\u0151h\u00f6z<\/span><\/span><\/p>\n<\/li>\n<li>\n<p align=\"justify\"><span style=\"font-family: Arial, serif;\"><span style=\"font-size: medium;\">vagy Petrovicsn\u00e9 Kardos Szilvia&nbsp;<\/span><\/span><span style=\"font-family: Arial, serif;\"><span style=\"font-size: medium;\">(06 70&nbsp;413 3401) SZ<\/span><\/span><span style=\"font-family: Arial, serif;\"><span style=\"font-size: medium;\">M eln\u00f6kh\u00f6z.<\/span><\/span><\/p>\n<\/li>\n<\/ul>\n<p><img fetchpriority=\"high\" decoding=\"async\" class=\"aligncenter size-full wp-image-1036\" src=\"https:\/\/altisk-mlak.edu.hu\/wp-content\/uploads\/2022\/05\/jubileum.jpg\" alt=\"\" width=\"800\" height=\"532\" srcset=\"https:\/\/altisk-mlak.edu.hu\/wp-content\/uploads\/2022\/05\/jubileum.jpg 800w, https:\/\/altisk-mlak.edu.hu\/wp-content\/uploads\/2022\/05\/jubileum-300x200.jpg 300w, https:\/\/altisk-mlak.edu.hu\/wp-content\/uploads\/2022\/05\/jubileum-768x511.jpg 768w, https:\/\/altisk-mlak.edu.hu\/wp-content\/uploads\/2022\/05\/jubileum-272x182.jpg 272w\" sizes=\"(max-width: 800px) 100vw, 800px\" \/><\/p>\n","protected":false},"excerpt":{"rendered":"<p>Felh\u00edv\u00e1s A Szent Gotth\u00e1rd \u00c1ltal\u00e1nos Iskola \u00e9s Gimn\u00e1zium Magyarlak-Cs\u00f6r\u00f6tnek \u00c1ltal\u00e1nos Iskol\u00e1ja fenn\u00e1ll\u00e1s\u00e1nak 50 \u00e9ves \u00e9vfordul\u00f3ja alkalm\u00e1b\u00f3l 2022. j\u00fanius 3-\u00e1n&nbsp;iskolat\u00f6rt\u00e9neti ki\u00e1ll\u00edt\u00e1s&nbsp;l\u00e9trehoz\u00e1s\u00e1t tervezi, melynek az iskola aul\u00e1ja ad otthont. Ez\u00faton felk\u00e9r\u00fcnk minden kedves egykori<a class=\"moretag\" href=\"https:\/\/altisk-mlak.edu.hu\/index.php\/jubileumi-iskolatorteneti-kiallitas\/\">Read More&#8230;<\/a><\/p>\n","protected":false},"author":3,"featured_media":0,"comment_status":"closed","ping_status":"closed","sticky":false,"template":"","format":"standard","meta":{"two_page_speed":[],"footnotes":""},"categories":[1],"tags":[],"class_list":["post-1035","post","type-post","status-publish","format-standard","hentry","category-egyeb"],"_links":{"self":[{"href":"https:\/\/altisk-mlak.edu.hu\/index.php\/wp-json\/wp\/v2\/posts\/1035","targetHints":{"allow":["GET"]}}],"collection":[{"href":"https:\/\/altisk-mlak.edu.hu\/index.php\/wp-json\/wp\/v2\/posts"}],"about":[{"href":"https:\/\/altisk-mlak.edu.hu\/index.php\/wp-json\/wp\/v2\/types\/post"}],"author":[{"embeddable":true,"href":"https:\/\/altisk-mlak.edu.hu\/index.php\/wp-json\/wp\/v2\/users\/3"}],"replies":[{"embeddable":true,"href":"https:\/\/altisk-mlak.edu.hu\/index.php\/wp-json\/wp\/v2\/comments?post=1035"}],"version-history":[{"count":2,"href":"https:\/\/altisk-mlak.edu.hu\/index.php\/wp-json\/wp\/v2\/posts\/1035\/revisions"}],"predecessor-version":[{"id":1038,"href":"https:\/\/altisk-mlak.edu.hu\/index.php\/wp-json\/wp\/v2\/posts\/1035\/revisions\/1038"}],"wp:attachment":[{"href":"https:\/\/altisk-mlak.edu.hu\/index.php\/wp-json\/wp\/v2\/media?parent=1035"}],"wp:term":[{"taxonomy":"category","embeddable":true,"href":"https:\/\/altisk-mlak.edu.hu\/index.php\/wp-json\/wp\/v2\/categories?post=1035"},{"taxonomy":"post_tag","embeddable":true,"href":"https:\/\/altisk-mlak.edu.hu\/index.php\/wp-json\/wp\/v2\/tags?post=1035"}],"curies":[{"name":"wp","href":"https:\/\/api.w.org\/{rel}","templated":true}]}}