{"id":1054,"date":"2022-05-26T10:55:23","date_gmt":"2022-05-26T10:55:23","guid":{"rendered":"https:\/\/altisk-mlak.edu.hu\/?p=1054"},"modified":"2022-05-26T11:09:04","modified_gmt":"2022-05-26T11:09:04","slug":"nyolc-boldogsag-hittantabor","status":"publish","type":"post","link":"https:\/\/altisk-mlak.edu.hu\/index.php\/nyolc-boldogsag-hittantabor\/","title":{"rendered":"Nyolc boldogs\u00e1g hittant\u00e1bor"},"content":{"rendered":"<h4 style=\"text-align: center;\">Tisztelt Sz\u00fcl\u0151k!<\/h4>\n<p align=\"justify\">A Cs\u00f6r\u00f6tneki R\u00f3mai Katolikus Pl\u00e9b\u00e1nia \u00e9s Magyarlak-Cs\u00f6r\u00f6tnek \u00c1ltal\u00e1nos Iskol\u00e1ja <b>h\u00e1romnapos, t\u00e9r\u00edt\u00e9smentes ny\u00e1ri t\u00e1bor<\/b>t szervez az iskola tanul\u00f3i sz\u00e1m\u00e1ra. K\u00e9rem, sz\u00edveskedjenek csal\u00e1di k\u00f6rben tanulm\u00e1nyozni a t\u00e1bor tematik\u00e1j\u00e1t, \u00e9s ig\u00e9ny eset\u00e9n <b>visszak\u00fcldeni a <a href=\"https:\/\/altisk-mlak.edu.hu\/wp-content\/uploads\/2022\/05\/8bjellap.pdf\">jelentkez\u00e9si lapot<\/a> 2022. m\u00e1jus 30-ig (h\u00e9tf\u0151).<\/b><\/p>\n<p style=\"text-align: center;\">\u201e<b>Nyolc boldogs\u00e1g\u201d hittant\u00e1bor<\/b><\/p>\n<p>Id\u0151pont: 2022. j\u00fanius 22-23-24. (szerda-cs\u00fct\u00f6rt\u00f6k-p\u00e9ntek)<\/p>\n<p>Helysz\u00edn: Magyarlak, Brenner J\u00e1nos Turista Pihen\u0151h\u00e1z<\/p>\n<p>A t\u00e1borban tart\u00f3zkod\u00e1s ideje az els\u0151 \u00e9s m\u00e1sodik napon 9.00 \u2013 17.00 h, a harmadik napon 9.00-20.00 h.<\/p>\n<p>Gy\u00fclekez\u0151 minden reggel 8.45 h-kor a magyarlaki templom el\u0151tt, egy\u00fctt s\u00e9t\u00e1lunk fel a t\u00e1borhelyre. A hazamenetel egy\u00e9ni megbesz\u00e9l\u00e9s alapj\u00e1n t\u00f6rt\u00e9nik.<\/p>\n<p>1. nap:<\/p>\n<p>\u2022 T\u00e1bornyit\u00f3 mise<br \/>\n\u2022 T\u00edz\u00f3rai<br \/>\n\u2022 Ismerked\u00e9s<br \/>\n\u2022 J\u00e1t\u00e9kos biblia\u00f3ra (1x 30 perc)<br \/>\n\u2022 Eb\u00e9d<br \/>\n\u2022 Csendes pihen\u0151, t\u00e1rsasj\u00e1t\u00e9koz\u00e1s<br \/>\n\u2022 H\u00e1zi friss\u00edt\u0151 italok k\u00e9sz\u00edt\u00e9se (menta, citromf\u0171 stb.), \u00e9lettani hat\u00e1saik megismer\u00e9se<br \/>\n\u2022 Gyalogt\u00fara a cs\u00f6r\u00f6tneki sz\u0151l\u0151hegyre: S\u00e1f\u00e1r-hegyi k\u00e1polna felkeres\u00e9se, k\u00f6z\u00f6s ima, Ciszter-kil\u00e1t\u00f3 megtekint\u00e9se<br \/>\n\u2022 Uzsonna a kil\u00e1t\u00f3n\u00e1l<\/p>\n<p>2. nap: 9.00- 17.00 h<\/p>\n<p>\u2022 J\u00e1t\u00e9kos biblia\u00f3ra (2&#215;30 perc)<br \/>\n\u2022 T\u00edz\u00f3rai<br \/>\n\u2022 S\u00e9ta a Magyarlaki Szentk\u00fat-forr\u00e1shoz, k\u00f6z\u00f6s ima \u00e9s \u00e9nek<br \/>\n\u2022 Eb\u00e9d<br \/>\n\u2022 Csendes pihen\u0151, t\u00e1rsasj\u00e1t\u00e9koz\u00e1s<br \/>\n\u2022 K\u00e9zm\u0171ves foglalkoz\u00e1sok \u00e9rdekl\u0151d\u00e9si k\u00f6r alapj\u00e1n: kark\u00f6t\u0151f\u0171z\u00e9s, ostyak\u00e9sz\u00edt\u00e9s, t\u00e1bori eml\u00e9kgyertya k\u00e9sz\u00edt\u00e9s<br \/>\n\u2022 Uzsonna<br \/>\n\u2022 Sportvet\u00e9lked\u0151, j\u00e1t\u00e9k<\/p>\n<p>3. nap: 9.00-20.00 h\u2022 J\u00e1t\u00e9kos biblia\u00f3ra (1&#215;30 perc)<br \/>\n\u2022 T\u00edz\u00f3rai<br \/>\n\u2022 Buszos kir\u00e1ndul\u00e1s R\u00f6n\u00f6kre (10.30 h)<br \/>\n\u2022 Szent Imre-templom megtekint\u00e9se<br \/>\n\u2022 Eb\u00e9d a Sz\u00e9kely-tany\u00e1n, R\u00e9tesh\u00e1zik\u00f3 megtekint\u00e9se, t\u00e1jjelleg\u0171 \u00e9telek k\u00f3stol\u00e1sa<br \/>\n\u2022 Ki vagyok \u00e9n? J\u00e1t\u00e9kos vet\u00e9lked\u0151 bibliai szem\u00e9lyekr\u0151l a t\u00e1borhelyen<br \/>\n\u2022 Uzsonna<br \/>\n\u2022 K\u00e9sz\u00fcl\u00e9s a t\u00e1bort\u0171zre, mis\u00e9re<br \/>\n\u2022 T\u00e1borz\u00e1r\u00f3 mise (17 h), a mis\u00e9t bemutatja: Dr. Sz\u00e9kely J\u00e1nos p\u00fcsp\u00f6k atya (csal\u00e1d, h\u00edvek jelenl\u00e9t\u00e9ben)<br \/>\n\u2022 Szalonnas\u00fct\u00e9s<br \/>\n\u2022 Megoszt\u00e1s: besz\u00e9lget\u00e9s, \u00e9lm\u00e9nybesz\u00e1mol\u00f3: Mit kaptam a t\u00e1bort\u00f3l? Mit viszek haza?, \u00e9nekl\u00e9s<\/p>\n<p><a href=\"https:\/\/altisk-mlak.edu.hu\/wp-content\/uploads\/2022\/05\/8bjellap.pdf\">A jelentkez\u00e9si lap innen let\u00f6lthet\u0151!<\/a><\/p>\n<table class=\" aligncenter\" style=\"height: 82px; width: 65.4409%; border-collapse: collapse;\">\n<tbody>\n<tr style=\"height: 10px;\">\n<td style=\"width: 50%; text-align: center; height: 10px;\">Dr. Tak\u00e1cs Gyula<\/td>\n<td style=\"width: 86.2295%; text-align: center; height: 10px;\">Mezein\u00e9 Kiss Katalin Melinda<\/td>\n<\/tr>\n<tr style=\"height: 14px;\">\n<td style=\"width: 50%; text-align: center; height: 14px;\">\u00a0iskolalelk\u00e9sz<\/td>\n<td style=\"width: 86.2295%; text-align: center; height: 14px;\">\u00a0tagint\u00e9zm\u00e9ny-vezet\u0151<\/td>\n<\/tr>\n<\/tbody>\n<\/table>\n","protected":false},"excerpt":{"rendered":"<p>Tisztelt Sz\u00fcl\u0151k! A Cs\u00f6r\u00f6tneki R\u00f3mai Katolikus Pl\u00e9b\u00e1nia \u00e9s Magyarlak-Cs\u00f6r\u00f6tnek \u00c1ltal\u00e1nos Iskol\u00e1ja h\u00e1romnapos, t\u00e9r\u00edt\u00e9smentes ny\u00e1ri t\u00e1bort szervez az iskola tanul\u00f3i sz\u00e1m\u00e1ra. K\u00e9rem, sz\u00edveskedjenek csal\u00e1di k\u00f6rben tanulm\u00e1nyozni a t\u00e1bor tematik\u00e1j\u00e1t, \u00e9s ig\u00e9ny eset\u00e9n visszak\u00fcldeni<a class=\"moretag\" href=\"https:\/\/altisk-mlak.edu.hu\/index.php\/nyolc-boldogsag-hittantabor\/\">Read More&#8230;<\/a><\/p>\n","protected":false},"author":3,"featured_media":0,"comment_status":"closed","ping_status":"closed","sticky":false,"template":"","format":"standard","meta":{"two_page_speed":[],"footnotes":""},"categories":[1],"tags":[],"class_list":["post-1054","post","type-post","status-publish","format-standard","hentry","category-egyeb"],"_links":{"self":[{"href":"https:\/\/altisk-mlak.edu.hu\/index.php\/wp-json\/wp\/v2\/posts\/1054","targetHints":{"allow":["GET"]}}],"collection":[{"href":"https:\/\/altisk-mlak.edu.hu\/index.php\/wp-json\/wp\/v2\/posts"}],"about":[{"href":"https:\/\/altisk-mlak.edu.hu\/index.php\/wp-json\/wp\/v2\/types\/post"}],"author":[{"embeddable":true,"href":"https:\/\/altisk-mlak.edu.hu\/index.php\/wp-json\/wp\/v2\/users\/3"}],"replies":[{"embeddable":true,"href":"https:\/\/altisk-mlak.edu.hu\/index.php\/wp-json\/wp\/v2\/comments?post=1054"}],"version-history":[{"count":2,"href":"https:\/\/altisk-mlak.edu.hu\/index.php\/wp-json\/wp\/v2\/posts\/1054\/revisions"}],"predecessor-version":[{"id":1061,"href":"https:\/\/altisk-mlak.edu.hu\/index.php\/wp-json\/wp\/v2\/posts\/1054\/revisions\/1061"}],"wp:attachment":[{"href":"https:\/\/altisk-mlak.edu.hu\/index.php\/wp-json\/wp\/v2\/media?parent=1054"}],"wp:term":[{"taxonomy":"category","embeddable":true,"href":"https:\/\/altisk-mlak.edu.hu\/index.php\/wp-json\/wp\/v2\/categories?post=1054"},{"taxonomy":"post_tag","embeddable":true,"href":"https:\/\/altisk-mlak.edu.hu\/index.php\/wp-json\/wp\/v2\/tags?post=1054"}],"curies":[{"name":"wp","href":"https:\/\/api.w.org\/{rel}","templated":true}]}}