{"id":1067,"date":"2022-06-01T15:11:20","date_gmt":"2022-06-01T15:11:20","guid":{"rendered":"https:\/\/altisk-mlak.edu.hu\/?p=1067"},"modified":"2022-06-01T15:11:20","modified_gmt":"2022-06-01T15:11:20","slug":"az-iskolank-altal-szervezett-versenyek-eredmenyei","status":"publish","type":"post","link":"https:\/\/altisk-mlak.edu.hu\/index.php\/az-iskolank-altal-szervezett-versenyek-eredmenyei\/","title":{"rendered":"Az iskol\u00e1nk \u00e1ltal szervezett versenyek eredm\u00e9nyei"},"content":{"rendered":"<p><strong>Versenyeredm\u00e9nyek\u00a0\u00a0\u00a0\u00a0\u00a0\u00a0\u00a0\u00a0\u00a0\u00a0\u00a0\u00a0\u00a0\u00a0\u00a0\u00a0\u00a0\u00a0\u00a0\u00a0\u00a0\u00a0\u00a0\u00a0\u00a0\u00a0\u00a0\u00a0\u00a0\u00a0\u00a0\u00a0\u00a0\u00a0\u00a0\u00a0\u00a0\u00a0\u00a0\u00a0\u00a0\u00a0\u00a0\u00a0\u00a0\u00a0\u00a0\u00a0\u00a0\u00a0\u00a0\u00a0\u00a0 <\/strong><\/p>\n<p><strong>(iskol\u00e1nk \u00e1ltal szervezett versenyek)<\/strong><\/p>\n<p>&nbsp;<\/p>\n<table>\n<tbody>\n<tr>\n<td width=\"130\"><strong>Verseny<\/strong><\/p>\n<p><strong>\u00a0pontos neve<\/strong><\/td>\n<td width=\"236\"><strong>Tanul\u00f3 neve<\/strong><\/td>\n<td width=\"87\"><strong>Helyez\u00e9s<\/strong><\/td>\n<td width=\"151\"><strong>Felk\u00e9sz\u00edt\u0151 neve<\/strong><\/td>\n<\/tr>\n<tr>\n<td width=\"130\">Helyes\u00edr\u00e1si verseny<\/td>\n<td width=\"236\">5-6.<\/p>\n<p>Racker Karolina<\/p>\n<p>Horv\u00e1th J\u00e1zmin<\/p>\n<p>Petrovics Andr\u00e1s<\/td>\n<td width=\"87\">3.<\/td>\n<td width=\"151\">T\u00f3thn\u00e9 Tak\u00e1cs Hajnalka<\/td>\n<\/tr>\n<tr>\n<td width=\"130\">Helyes\u00edr\u00e1si verseny<\/td>\n<td width=\"236\">5-6.<\/p>\n<p>Gratzl Marcell<\/p>\n<p>&nbsp;<\/td>\n<td width=\"87\">2.<\/td>\n<td width=\"151\">T\u00f3thn\u00e9 Tak\u00e1cs Hajnalka<\/td>\n<\/tr>\n<tr>\n<td width=\"130\">Helyes\u00edr\u00e1si verseny<\/td>\n<td width=\"236\">5-6.<\/p>\n<p>Doncsecz Vikt\u00f3ria<\/td>\n<td width=\"87\">1.<\/td>\n<td width=\"151\">Bogn\u00e1r Szilvia<\/p>\n<p>&nbsp;<\/td>\n<\/tr>\n<tr>\n<td width=\"130\">Helyes\u00edr\u00e1si verseny<\/td>\n<td width=\"236\">7-8.<\/p>\n<p>Berki Amanda<\/p>\n<p>Doncsecz \u00c1d\u00e1m<\/p>\n<p>Horv\u00e1th Anna<\/td>\n<td width=\"87\">3.<\/td>\n<td width=\"151\">T\u00f3thn\u00e9 Tak\u00e1cs Hajnalka<\/td>\n<\/tr>\n<tr>\n<td width=\"130\">Helyes\u00edr\u00e1si verseny<\/td>\n<td width=\"236\">7-8.<\/p>\n<p>Bed\u0151 N\u00f3ra<\/td>\n<td width=\"87\">2.<\/td>\n<td width=\"151\">T\u00f3thn\u00e9 Tak\u00e1cs Hajnalka<\/td>\n<\/tr>\n<tr>\n<td width=\"130\">Helyes\u00edr\u00e1si verseny<\/td>\n<td width=\"236\">7-8.<\/p>\n<p>T\u00f3th Bence<\/td>\n<td width=\"87\">1.<\/td>\n<td width=\"151\">T\u00f3thn\u00e9 Tak\u00e1cs Hajnalka<\/td>\n<\/tr>\n<tr>\n<td width=\"130\">M\u00e9hes napi rajzverseny<\/td>\n<td width=\"236\">Tak\u00e1cs D\u00e1vid- Racker Elizabet<\/p>\n<p>Magyar Levente- Horv\u00e1th Rafael<\/p>\n<p>Doncsecz Vanda- Horv\u00e1th Lilla<\/p>\n<p>&nbsp;<\/p>\n<p>Racker Karolina<\/p>\n<p>Doncsecz Vikt\u00f3ria- J\u00f3zsi J\u00e1zmin<\/p>\n<p>Horv\u00e1th Judit<\/td>\n<td width=\"87\">1.<\/p>\n<p>2.<\/p>\n<p>&nbsp;<\/p>\n<p>3.<\/p>\n<p>&nbsp;<\/p>\n<p>1.<\/p>\n<p>2.<\/p>\n<p>3.<\/td>\n<td width=\"151\">&nbsp;<\/td>\n<\/tr>\n<tr>\n<td width=\"130\">Szent Erzs\u00e9bet alkot\u00f3 \u00e9s rajzp\u00e1ly\u00e1zat<\/td>\n<td width=\"236\">Doncsecz Vikt\u00f3ria<\/p>\n<p>T\u00f6r\u00f6k S\u00e1ndor<\/p>\n<p>Kakas Kriszti\u00e1n<\/p>\n<p>Horv\u00e1th Anna<\/td>\n<td width=\"87\">1.<\/p>\n<p>2.<\/p>\n<p>3.<\/p>\n<p>4.<\/td>\n<td width=\"151\">&nbsp;<\/td>\n<\/tr>\n<tr>\n<td width=\"130\">F\u00f6ldrajzi verseny<\/td>\n<td width=\"236\">Gratzl Marcell<\/p>\n<p>N\u00e9meth Zs\u00f3fia<\/p>\n<p>Horv\u00e1th Anna<\/td>\n<td width=\"87\">1.<\/p>\n<p>2.<\/p>\n<p>3.<\/td>\n<td width=\"151\">Kov\u00e1cs Attila<\/td>\n<\/tr>\n<\/tbody>\n<\/table>\n<p>&nbsp;<\/p>\n","protected":false},"excerpt":{"rendered":"<p>Versenyeredm\u00e9nyek\u00a0\u00a0\u00a0\u00a0\u00a0\u00a0\u00a0\u00a0\u00a0\u00a0\u00a0\u00a0\u00a0\u00a0\u00a0\u00a0\u00a0\u00a0\u00a0\u00a0\u00a0\u00a0\u00a0\u00a0\u00a0\u00a0\u00a0\u00a0\u00a0\u00a0\u00a0\u00a0\u00a0\u00a0\u00a0\u00a0\u00a0\u00a0\u00a0\u00a0\u00a0\u00a0\u00a0\u00a0\u00a0\u00a0\u00a0\u00a0\u00a0\u00a0\u00a0\u00a0\u00a0 (iskol\u00e1nk \u00e1ltal szervezett versenyek) &nbsp; Verseny \u00a0pontos neve Tanul\u00f3 neve Helyez\u00e9s Felk\u00e9sz\u00edt\u0151 neve Helyes\u00edr\u00e1si verseny 5-6. Racker Karolina Horv\u00e1th J\u00e1zmin Petrovics Andr\u00e1s 3. T\u00f3thn\u00e9 Tak\u00e1cs Hajnalka Helyes\u00edr\u00e1si verseny 5-6. Gratzl Marcell<a class=\"moretag\" href=\"https:\/\/altisk-mlak.edu.hu\/index.php\/az-iskolank-altal-szervezett-versenyek-eredmenyei\/\">Read More&#8230;<\/a><\/p>\n","protected":false},"author":3,"featured_media":0,"comment_status":"closed","ping_status":"closed","sticky":false,"template":"","format":"standard","meta":{"two_page_speed":[],"footnotes":""},"categories":[1],"tags":[],"class_list":["post-1067","post","type-post","status-publish","format-standard","hentry","category-egyeb"],"_links":{"self":[{"href":"https:\/\/altisk-mlak.edu.hu\/index.php\/wp-json\/wp\/v2\/posts\/1067","targetHints":{"allow":["GET"]}}],"collection":[{"href":"https:\/\/altisk-mlak.edu.hu\/index.php\/wp-json\/wp\/v2\/posts"}],"about":[{"href":"https:\/\/altisk-mlak.edu.hu\/index.php\/wp-json\/wp\/v2\/types\/post"}],"author":[{"embeddable":true,"href":"https:\/\/altisk-mlak.edu.hu\/index.php\/wp-json\/wp\/v2\/users\/3"}],"replies":[{"embeddable":true,"href":"https:\/\/altisk-mlak.edu.hu\/index.php\/wp-json\/wp\/v2\/comments?post=1067"}],"version-history":[{"count":1,"href":"https:\/\/altisk-mlak.edu.hu\/index.php\/wp-json\/wp\/v2\/posts\/1067\/revisions"}],"predecessor-version":[{"id":1068,"href":"https:\/\/altisk-mlak.edu.hu\/index.php\/wp-json\/wp\/v2\/posts\/1067\/revisions\/1068"}],"wp:attachment":[{"href":"https:\/\/altisk-mlak.edu.hu\/index.php\/wp-json\/wp\/v2\/media?parent=1067"}],"wp:term":[{"taxonomy":"category","embeddable":true,"href":"https:\/\/altisk-mlak.edu.hu\/index.php\/wp-json\/wp\/v2\/categories?post=1067"},{"taxonomy":"post_tag","embeddable":true,"href":"https:\/\/altisk-mlak.edu.hu\/index.php\/wp-json\/wp\/v2\/tags?post=1067"}],"curies":[{"name":"wp","href":"https:\/\/api.w.org\/{rel}","templated":true}]}}