{"id":1070,"date":"2022-06-08T06:48:38","date_gmt":"2022-06-08T06:48:38","guid":{"rendered":"https:\/\/altisk-mlak.edu.hu\/?p=1070"},"modified":"2022-06-14T20:49:38","modified_gmt":"2022-06-14T20:49:38","slug":"502-evesek-lettunk","status":"publish","type":"post","link":"https:\/\/altisk-mlak.edu.hu\/index.php\/502-evesek-lettunk\/","title":{"rendered":"50+2 \u00e9vesek lett\u00fcnk"},"content":{"rendered":"<p style=\"text-align: justify;\"><img fetchpriority=\"high\" decoding=\"async\" class=\"alignleft size-medium wp-image-1071\" src=\"https:\/\/altisk-mlak.edu.hu\/wp-content\/uploads\/2022\/06\/50-eves-1-300x223.jpg\" alt=\"\" width=\"300\" height=\"223\" srcset=\"https:\/\/altisk-mlak.edu.hu\/wp-content\/uploads\/2022\/06\/50-eves-1-300x223.jpg 300w, https:\/\/altisk-mlak.edu.hu\/wp-content\/uploads\/2022\/06\/50-eves-1-768x571.jpg 768w, https:\/\/altisk-mlak.edu.hu\/wp-content\/uploads\/2022\/06\/50-eves-1.jpg 960w\" sizes=\"(max-width: 300px) 100vw, 300px\" \/>Magyarlak-Cs\u00f6r\u00f6tnek \u00c1ltal\u00e1nos Iskol\u00e1ja 2022. j\u00fanius 3-\u00e1n (p\u00e9nteken) \u00fcnnepelte fenn\u00e1ll\u00e1s\u00e1nak 50. \u00e9vfordul\u00f3j\u00e1t. Az iskola \u00e9p\u00fclet\u00e9t 1970-ben avatt\u00e1k fel, de az elm\u00falt \u00e9vekben a j\u00e1rv\u00e1ny\u00fcgyi vesz\u00e9lyhelyzet miatt nem tudtunk megeml\u00e9kezni a jeles \u00e9vfordul\u00f3r\u00f3l. Az \u00fcnnepi rendezv\u00e9nyen a nevel\u00e9si, m\u0171vel\u0151d\u00e9si, m\u0171v\u00e9szeti, \u00f6nkorm\u00e1nyzati, szolg\u00e1ltat\u00f3 int\u00e9zm\u00e9nyek \u00e9s az egyh\u00e1z vezet\u0151i, munkat\u00e1rsai, egykori igazgat\u00f3k, nyugd\u00edjas \u00e9s akt\u00edv koll\u00e9g\u00e1k, sz\u00fcl\u0151k, hajdani \u00e9s mai di\u00e1kok gy\u0171ltek \u00f6ssze megadni a tiszteletet a m\u00faltnak \u00e9s az eml\u00e9keknek.<\/p>\n<p style=\"text-align: justify;\"><img decoding=\"async\" class=\"alignright size-medium wp-image-1072\" src=\"https:\/\/altisk-mlak.edu.hu\/wp-content\/uploads\/2022\/06\/50-eves-2-300x209.jpg\" alt=\"\" width=\"300\" height=\"209\" srcset=\"https:\/\/altisk-mlak.edu.hu\/wp-content\/uploads\/2022\/06\/50-eves-2-300x209.jpg 300w, https:\/\/altisk-mlak.edu.hu\/wp-content\/uploads\/2022\/06\/50-eves-2-1024x712.jpg 1024w, https:\/\/altisk-mlak.edu.hu\/wp-content\/uploads\/2022\/06\/50-eves-2-768x534.jpg 768w, https:\/\/altisk-mlak.edu.hu\/wp-content\/uploads\/2022\/06\/50-eves-2-1536x1068.jpg 1536w, https:\/\/altisk-mlak.edu.hu\/wp-content\/uploads\/2022\/06\/50-eves-2.jpg 1692w\" sizes=\"(max-width: 300px) 100vw, 300px\" \/>Mezein\u00e9 Kiss Katalin tagint\u00e9zm\u00e9ny-vezet\u0151 \u00fcdv\u00f6z\u00f6lte az \u00fcnnepl\u0151ket \u00e9s iskolat\u00f6rt\u00e9neti visszatekint\u00e9st ny\u00fajtott. Az els\u0151 adat 1841-b\u0151l val\u00f3, amikor is Cs\u00f6r\u00f6tneken jegyz\u0151 tan\u00edtotta szervezetten a gyerekeket. 1863-ban a r\u00e9gi malom \u00e9p\u00fclet\u00e9ben kialak\u00edtott iskol\u00e1ban F\u00e1bi\u00e1n J\u00e1nos szab\u00f3mester tan\u00edtott, 1870-ben Szodl Ferenc tan\u00edt\u00f3 ist\u00e1polta a di\u00e1kokat. 1871-ben Magyarlak \u00e9s H\u00e1romh\u00e1z \u00faj iskol\u00e1t kapott az \u00e1llamt\u00f3l, 1872-ben Fels\u0151- \u00e9s Als\u00f3-szer k\u00f6z\u00e9 Cs\u00f6r\u00f6tneken iskola \u00e9p\u00fclt. 1904-ben a n\u00f6vekv\u0151 gyermekl\u00e9tsz\u00e1m miatt sz\u00fcks\u00e9gess\u00e9 v\u00e1lt \u00faj iskola \u00e9p\u00edt\u00e9se, melyhez gy\u0171jt\u00e9st v\u00e9geztek. A r\u00e9gi iskol\u00e1t b\u0151v\u00edtett\u00e9k, 1945-ben hozz\u00e1csatolt\u00e1k Vasszentmih\u00e1lyt, R\u00e1t\u00f3tot, Magyarlakot L\u00e1szl\u00f3 Emil igazgat\u00f3s\u00e1ga alatt. 1946-ban elindult a szakos\u00edtott oktat\u00e1s, 1948-ban a felekezeti iskol\u00e1t \u00e1llamos\u00edtott\u00e1k. 1970-ben Magyarlak \u00e9s Cs\u00f6r\u00f6tnek k\u00f6z\u00e9 \u00faj iskola \u00e9p\u00fclt cs\u00f6kkentett ig\u00e9nnyel, tornaterem \u00e9s technikaterem n\u00e9lk\u00fcl. Eredetileg n\u00e9gy oszt\u00e1lynak tervezt\u00e9k, ma m\u00e1r nyolc \u00e9vfolyamnak ad otthont. 2009-ig a k\u00e9t telep\u00fcl\u00e9s \u00f6nkorm\u00e1nyzatai tartott\u00e1k fenn az int\u00e9zm\u00e9nyt, majd a Szentgotth\u00e1rd \u00e9s Kist\u00e9rs\u00e9ge (k\u00e9s\u0151bb T\u00e9rs\u00e9ge) \u00c1ltal\u00e1nos Iskola, Gimn\u00e1zium \u00e9s Alapfok\u00fa M\u0171v\u00e9szeti Iskola tagint\u00e9zm\u00e9nye lett. 2013-t\u00f3l a KLIK lett az iskola fenntart\u00f3ja \u00e9s m\u0171k\u00f6dtet\u0151je. El\u0151sz\u00f6r a Szentgotth\u00e1rdi, majd a Szombathelyi Tanker\u00fclet ir\u00e1ny\u00edt\u00e1sa al\u00e1 ker\u00fclt. 2017-ben a r\u00e1bagyarmati iskola a tagint\u00e9zm\u00e9ny telephelye lett. 2021 szeptember\u00e9t\u0151l az iskola fenntart\u00f3ja a Szombathelyi Egyh\u00e1zmegye. 50 \u00e9v alatt rendszerek, t\u00f6rv\u00e9nyek, rendeletek j\u00f6ttek, mentek, fenntart\u00f3k v\u00e1ltoztak. Magyarlak-Cs\u00f6r\u00f6tnek Iskol\u00e1ja ebben a jelent\u0151s v\u00e1ltoz\u00e1s-sorozatban m\u00e9gis fennmaradt, mert f\u0151 feladat\u00e1t soha nem t\u00e9vesztette szem el\u0151tt: gyermeket nevelni, hitet, tud\u00e1st \u00e9s \u00e9lm\u00e9nyt adni, k\u00e9szs\u00e9geket \u00e9s k\u00e9pess\u00e9geket fejleszteni azoknak, akik az \u00e9let \u00e9rtelm\u00e9t, a j\u00f6v\u0151t jelentik.<\/p>\n<p style=\"text-align: justify;\"><img decoding=\"async\" class=\"alignleft size-medium wp-image-1073\" src=\"https:\/\/altisk-mlak.edu.hu\/wp-content\/uploads\/2022\/06\/50-eves-3-300x200.jpg\" alt=\"\" width=\"300\" height=\"200\" srcset=\"https:\/\/altisk-mlak.edu.hu\/wp-content\/uploads\/2022\/06\/50-eves-3-300x200.jpg 300w, https:\/\/altisk-mlak.edu.hu\/wp-content\/uploads\/2022\/06\/50-eves-3-1024x684.jpg 1024w, https:\/\/altisk-mlak.edu.hu\/wp-content\/uploads\/2022\/06\/50-eves-3-768x513.jpg 768w, https:\/\/altisk-mlak.edu.hu\/wp-content\/uploads\/2022\/06\/50-eves-3-1536x1026.jpg 1536w, https:\/\/altisk-mlak.edu.hu\/wp-content\/uploads\/2022\/06\/50-eves-3-272x182.jpg 272w, https:\/\/altisk-mlak.edu.hu\/wp-content\/uploads\/2022\/06\/50-eves-3.jpg 1699w\" sizes=\"(max-width: 300px) 100vw, 300px\" \/>Az \u00f6tven \u00e9v igazolja, hogy a kistelep\u00fcl\u00e9si iskol\u00e1nak van l\u00e9tjogosults\u00e1ga, hiszen ma is \u00e9let zengi be az iskol\u00e1t. H\u00e1la \u00e9s k\u00f6sz\u00f6net ez\u00e9rt a telep\u00fcl\u00e9si \u00f6nkorm\u00e1nyzatoknak, polg\u00e1rmestereknek, partnereknek, aki seg\u00edtett\u00e9k \u00e9s ma is t\u00e1mogatj\u00e1k az iskol\u00e1t, valamint azon sz\u00fcl\u0151knek, akik felismert\u00e9k a kisiskolai l\u00e9t sz\u00e1mos el\u0151ny\u00e9t, \u00e9s bizalmat szavaztak a nevel\u00e9si-oktat\u00e1si <img loading=\"lazy\" decoding=\"async\" class=\"alignright size-medium wp-image-1074\" src=\"https:\/\/altisk-mlak.edu.hu\/wp-content\/uploads\/2022\/06\/50-eves-7-300x226.jpg\" alt=\"\" width=\"300\" height=\"226\" srcset=\"https:\/\/altisk-mlak.edu.hu\/wp-content\/uploads\/2022\/06\/50-eves-7-300x226.jpg 300w, https:\/\/altisk-mlak.edu.hu\/wp-content\/uploads\/2022\/06\/50-eves-7-1024x773.jpg 1024w, https:\/\/altisk-mlak.edu.hu\/wp-content\/uploads\/2022\/06\/50-eves-7-768x580.jpg 768w, https:\/\/altisk-mlak.edu.hu\/wp-content\/uploads\/2022\/06\/50-eves-7-1536x1160.jpg 1536w, https:\/\/altisk-mlak.edu.hu\/wp-content\/uploads\/2022\/06\/50-eves-7.jpg 1632w\" sizes=\"(max-width: 300px) 100vw, 300px\" \/>int\u00e9zm\u00e9nynek. A f\u00e9l \u00e9vsz\u00e1zad alatt sok sz\u00e1z gyermek tanult meg itt \u00edrni, olvasni, ismerte meg a term\u00e9szetk\u00f6zeli tanul\u00e1s \u00f6r\u00f6m\u00e9t. Sz\u00e1mos magyarlaki-cs\u00f6r\u00f6tneki di\u00e1k v\u00e9gzett egyetemet, f\u0151iskol\u00e1t \u00e9s v\u00e1lasztotta a tan\u00e1r, m\u0171v\u00e9sz, m\u00e9rn\u00f6k, orvos, jog\u00e1sz, k\u00f6zgazd\u00e1sz p\u00e1ly\u00e1t. Sok tisztess\u00e9ges, j\u00f3 \u00e9s hasznos munk\u00e1t v\u00e9gz\u0151 ember ker\u00fclt ki az itteni padok k\u00f6z\u00fcl. A kisiskola be tudta bizony\u00edtani, hogy a szer\u00e9nyebb infrastruktur\u00e1lis felt\u00e9telek nem lehetnek g\u00e1tjai a fejl\u0151d\u00e9snek \u00e9s a sikernek, hiszen a tan\u00edtv\u00e1nyok csod\u00e1s versenyeredm\u00e9nyekre tettek szert a k\u00f6zismereti, sport- \u00e9s m\u0171v\u00e9szeti megm\u00e9rettet\u00e9seken. A titok a k\u00f6z\u00f6s akaratban, a k\u00fczdeni tud\u00e1sban, a hitben \u00e9s a szeretetben rejlik.<\/p>\n<p style=\"text-align: justify;\">Ver\u0151 Elem\u00e9r, Kunt\u00e1r J\u00f3zsef, Gergen Gy\u00f6rgy \u00e9s neje, Brezovszky M\u00e1ria, Monek J\u00f3zsef, Husz\u00e1r Ferenc \u00e9s neje, Horv\u00e1th Olga, Bebes Magdolna, Trifusz M\u00e1ria, Matus Jen\u0151n\u00e9, Kem\u00e9ny S\u00e1ndor, Balogh Izabella, Rozm\u00e1n Gy\u00f6ngyi, Gl\u00f3bits Jen\u0151n\u00e9, Krajcz\u00e1r M\u00e1ria, Polg\u00e1r M\u00e1ria, Koz\u00f3n\u00e9 Keszti \u00c1gnes, T\u00f3thn\u00e9 K\u00f6ncz Val\u00e9ria, Dancsecs J\u00f3zsefn\u00e9, Hurtik J\u00e1nos, B\u00e1ger L\u00e1szl\u00f3n\u00e9, T\u00f3th Tibor, Lang Ferencn\u00e9 \u00e9s Kapit\u00e1ny J\u00e1nosn\u00e9 azon nagyszer\u0171 pedag\u00f3gusok \u00e9s technikai dolgoz\u00f3k (voltak), akikr\u0151l ma is legend\u00e1k keringenek, eml\u00e9k\u00fck gener\u00e1ci\u00f3kon \u00e1t \u00f6r\u00f6kl\u0151dik, hiszen \u00e1ldozatos munk\u00e1jukkal be\u00edrt\u00e1k nev\u00fcket Magyarlak-Cs\u00f6r\u00f6tnek oktat\u00e1s\u00e1nak t\u00f6rt\u00e9net\u00e9be.<\/p>\n<p style=\"text-align: justify;\">Balogh \u00c9va igazgat\u00f3 szem\u00e9lyes \u00e9lm\u00e9nyeit \u00e9s tapasztalatait osztotta meg az \u00fcnnepl\u0151kkel, amelyet a kistelep\u00fcl\u00e9si iskol\u00e1ban \u00e1t\u00e9lt \u00e9s tanult. Monek D\u00e1vid, Magyarlak polg\u00e1rmestere kit\u00e9rt a falusi iskol\u00e1k fontoss\u00e1g\u00e1ra, k\u00f6z\u00f6ss\u00e9g\u00e9p\u00edt\u0151 \u00e9s lakoss\u00e1gmegtart\u00f3 erej\u00e9re. Kocsis Zsolt, Cs\u00f6r\u00f6tnek polg\u00e1rmestere ismertette a kor\u00e1bbi \u00e9vek fejleszt\u00e9seit, \u00e9s megfogalmazta a tanul\u00f3k, tan\u00e1rok t\u00f6bb \u00e9vtizedes \u00e1lm\u00e1t: a tornaterem-\u00e9p\u00edt\u00e9s fontoss\u00e1g\u00e1t.<\/p>\n<p style=\"text-align: justify;\">N\u00e9meth Zs\u00f3fia \u00e9s Horv\u00e1th R\u00e9ka, 8. oszt\u00e1lyos di\u00e1kok egy sz\u00e9p verssel k\u00f6sz\u00f6nt\u00f6tt\u00e9k az \u00f6tven\u00e9ves int\u00e9zm\u00e9nyt. Az iskolak\u00f3rus egyh\u00e1zi \u00e9s n\u00e9pdalblokkal sz\u00ednes\u00edtette a megeml\u00e9kez\u00e9st.<\/p>\n<p style=\"text-align: justify;\">Az egykori di\u00e1kok, tan\u00e1rok, igazgat\u00f3k: Husz\u00e1r Ferenc, T\u00f3thn\u00e9 K\u00f6ncz Val\u00e9ria, Horv\u00e1th Tiborn\u00e9, Polg\u00e1r M\u00e1ria, Fl\u00f3ra K\u00e1rolyn\u00e9 visszaeml\u00e9kez\u00e9sei hol k\u00f6nnyeket csaltak a szemekbe, hol mosolyt csaltak az arcokra. Dancsecs J\u00f3zsefn\u00e9 az iskola alap\u00edtv\u00e1ny\u00e1nak t\u00f6rt\u00e9net\u00e9r\u0151l \u00e9s tev\u00e9kenys\u00e9g\u00e9r\u0151l besz\u00e9lt.<\/p>\n<p style=\"text-align: justify;\">A jubileumi rendezv\u00e9ny keretein bel\u00fcl ker\u00fclt \u00e1tad\u00e1sra az \u00faj j\u00e1tsz\u00f3t\u00e9r a gyermekek nagy-nagy \u00f6r\u00f6m\u00e9re, mely a Szombathelyi Egyh\u00e1zmegye t\u00e1mogat\u00e1s\u00e1val val\u00f3sult meg. Az iskola\u00e9p\u00fcletet \u00e9s az \u00faj l\u00e9tes\u00edtm\u00e9nyt Dr. Tak\u00e1cs Gyula iskolalelk\u00e9sz \u00e1ld\u00e1sban r\u00e9szes\u00edtette.<\/p>\n<table style=\"border-collapse: collapse; width: 100%;\">\n<tbody>\n<tr>\n<td style=\"width: 50%;\"><img loading=\"lazy\" decoding=\"async\" class=\"alignleft size-medium wp-image-1076\" src=\"https:\/\/altisk-mlak.edu.hu\/wp-content\/uploads\/2022\/06\/50-eves-4-244x300.jpg\" alt=\"\" width=\"244\" height=\"300\" srcset=\"https:\/\/altisk-mlak.edu.hu\/wp-content\/uploads\/2022\/06\/50-eves-4-244x300.jpg 244w, https:\/\/altisk-mlak.edu.hu\/wp-content\/uploads\/2022\/06\/50-eves-4-833x1024.jpg 833w, https:\/\/altisk-mlak.edu.hu\/wp-content\/uploads\/2022\/06\/50-eves-4-768x944.jpg 768w, https:\/\/altisk-mlak.edu.hu\/wp-content\/uploads\/2022\/06\/50-eves-4.jpg 1147w\" sizes=\"(max-width: 244px) 100vw, 244px\" \/><\/td>\n<td style=\"width: 50%;\"><img loading=\"lazy\" decoding=\"async\" class=\"alignright size-medium wp-image-1075\" src=\"https:\/\/altisk-mlak.edu.hu\/wp-content\/uploads\/2022\/06\/50-eves-5-300x233.jpg\" alt=\"\" width=\"300\" height=\"233\" srcset=\"https:\/\/altisk-mlak.edu.hu\/wp-content\/uploads\/2022\/06\/50-eves-5-300x233.jpg 300w, https:\/\/altisk-mlak.edu.hu\/wp-content\/uploads\/2022\/06\/50-eves-5-1024x794.jpg 1024w, https:\/\/altisk-mlak.edu.hu\/wp-content\/uploads\/2022\/06\/50-eves-5-768x596.jpg 768w, https:\/\/altisk-mlak.edu.hu\/wp-content\/uploads\/2022\/06\/50-eves-5-1536x1192.jpg 1536w, https:\/\/altisk-mlak.edu.hu\/wp-content\/uploads\/2022\/06\/50-eves-5.jpg 2007w\" sizes=\"(max-width: 300px) 100vw, 300px\" \/><\/td>\n<\/tr>\n<\/tbody>\n<\/table>\n<p style=\"text-align: justify;\"><img loading=\"lazy\" decoding=\"async\" class=\"size-medium wp-image-1077 alignleft\" src=\"https:\/\/altisk-mlak.edu.hu\/wp-content\/uploads\/2022\/06\/50-eves-6-300x223.jpg\" alt=\"\" width=\"300\" height=\"223\" srcset=\"https:\/\/altisk-mlak.edu.hu\/wp-content\/uploads\/2022\/06\/50-eves-6-300x223.jpg 300w, https:\/\/altisk-mlak.edu.hu\/wp-content\/uploads\/2022\/06\/50-eves-6-1024x762.jpg 1024w, https:\/\/altisk-mlak.edu.hu\/wp-content\/uploads\/2022\/06\/50-eves-6-768x571.jpg 768w, https:\/\/altisk-mlak.edu.hu\/wp-content\/uploads\/2022\/06\/50-eves-6-1536x1143.jpg 1536w, https:\/\/altisk-mlak.edu.hu\/wp-content\/uploads\/2022\/06\/50-eves-6.jpg 2000w\" sizes=\"(max-width: 300px) 100vw, 300px\" \/>A neves \u00e9vfordul\u00f3 alkalm\u00e1b\u00f3l az alkalmazotti \u00e9s sz\u00fcl\u0151i k\u00f6z\u00f6ss\u00e9g iskolat\u00f6rt\u00e9neti ki\u00e1ll\u00edt\u00e1st hozott l\u00e9tre az emeleti aul\u00e1ban. A r\u00e9gi id\u0151k iskol\u00e1j\u00e1t id\u00e9zte fel a sok-sok k\u00f6zszeml\u00e9re tett t\u00e1rgy (fapad, falit\u00e1bla, \u00fatt\u00f6r\u0151 egyenruha, tabl\u00f3, f\u00e9nyk\u00e9p, ballag\u00e1si tarisznya, oklev\u00e9l, tank\u00f6nyv, ellen\u0151rz\u0151 k\u00f6nyv, szeml\u00e9ltet\u0151 eszk\u00f6z\u00f6k). Az \u00fcnnepi program lehet\u0151s\u00e9get biztos\u00edtott az \u00d6regdi\u00e1kok tal\u00e1lkoz\u00e1s\u00e1ra, \u00e9s term\u00e9szetesen a sz\u00fclet\u00e9snapi torta sem maradt el.<\/p>\n<p style=\"text-align: justify;\"><img loading=\"lazy\" decoding=\"async\" class=\"alignright size-medium wp-image-1078\" src=\"https:\/\/altisk-mlak.edu.hu\/wp-content\/uploads\/2022\/06\/50-eves-8-300x223.jpg\" alt=\"\" width=\"300\" height=\"223\" srcset=\"https:\/\/altisk-mlak.edu.hu\/wp-content\/uploads\/2022\/06\/50-eves-8-300x223.jpg 300w, https:\/\/altisk-mlak.edu.hu\/wp-content\/uploads\/2022\/06\/50-eves-8-1024x762.jpg 1024w, https:\/\/altisk-mlak.edu.hu\/wp-content\/uploads\/2022\/06\/50-eves-8-768x571.jpg 768w, https:\/\/altisk-mlak.edu.hu\/wp-content\/uploads\/2022\/06\/50-eves-8-1536x1143.jpg 1536w, https:\/\/altisk-mlak.edu.hu\/wp-content\/uploads\/2022\/06\/50-eves-8.jpg 2000w\" sizes=\"(max-width: 300px) 100vw, 300px\" \/>A m\u00e1snap d\u00e9lel\u0151tt a sport jegy\u00e9ben telt el, \u00f6regdi\u00e1k-mai di\u00e1k bar\u00e1ts\u00e1gos m\u00e9rk\u0151z\u00e9sek zajlottak futball, r\u00f6p- \u00e9s tollaslabda sport\u00e1gban, \u00e9s a gyermekek birtokukba vett\u00e9k a csodasz\u00e9p j\u00e1tsz\u00f3teret. A k\u00e9tnapos rendezv\u00e9ny retrodiszk\u00f3val z\u00e1rult.<\/p>\n","protected":false},"excerpt":{"rendered":"<p>Magyarlak-Cs\u00f6r\u00f6tnek \u00c1ltal\u00e1nos Iskol\u00e1ja 2022. j\u00fanius 3-\u00e1n (p\u00e9nteken) \u00fcnnepelte fenn\u00e1ll\u00e1s\u00e1nak 50. \u00e9vfordul\u00f3j\u00e1t. Az iskola \u00e9p\u00fclet\u00e9t 1970-ben avatt\u00e1k fel, de az elm\u00falt \u00e9vekben a j\u00e1rv\u00e1ny\u00fcgyi vesz\u00e9lyhelyzet miatt nem tudtunk megeml\u00e9kezni a jeles \u00e9vfordul\u00f3r\u00f3l. Az<a class=\"moretag\" href=\"https:\/\/altisk-mlak.edu.hu\/index.php\/502-evesek-lettunk\/\">Read More&#8230;<\/a><\/p>\n","protected":false},"author":3,"featured_media":0,"comment_status":"closed","ping_status":"closed","sticky":false,"template":"","format":"standard","meta":{"two_page_speed":[],"footnotes":""},"categories":[1],"tags":[],"class_list":["post-1070","post","type-post","status-publish","format-standard","hentry","category-egyeb"],"_links":{"self":[{"href":"https:\/\/altisk-mlak.edu.hu\/index.php\/wp-json\/wp\/v2\/posts\/1070","targetHints":{"allow":["GET"]}}],"collection":[{"href":"https:\/\/altisk-mlak.edu.hu\/index.php\/wp-json\/wp\/v2\/posts"}],"about":[{"href":"https:\/\/altisk-mlak.edu.hu\/index.php\/wp-json\/wp\/v2\/types\/post"}],"author":[{"embeddable":true,"href":"https:\/\/altisk-mlak.edu.hu\/index.php\/wp-json\/wp\/v2\/users\/3"}],"replies":[{"embeddable":true,"href":"https:\/\/altisk-mlak.edu.hu\/index.php\/wp-json\/wp\/v2\/comments?post=1070"}],"version-history":[{"count":5,"href":"https:\/\/altisk-mlak.edu.hu\/index.php\/wp-json\/wp\/v2\/posts\/1070\/revisions"}],"predecessor-version":[{"id":1089,"href":"https:\/\/altisk-mlak.edu.hu\/index.php\/wp-json\/wp\/v2\/posts\/1070\/revisions\/1089"}],"wp:attachment":[{"href":"https:\/\/altisk-mlak.edu.hu\/index.php\/wp-json\/wp\/v2\/media?parent=1070"}],"wp:term":[{"taxonomy":"category","embeddable":true,"href":"https:\/\/altisk-mlak.edu.hu\/index.php\/wp-json\/wp\/v2\/categories?post=1070"},{"taxonomy":"post_tag","embeddable":true,"href":"https:\/\/altisk-mlak.edu.hu\/index.php\/wp-json\/wp\/v2\/tags?post=1070"}],"curies":[{"name":"wp","href":"https:\/\/api.w.org\/{rel}","templated":true}]}}