{"id":1106,"date":"2022-09-08T12:51:48","date_gmt":"2022-09-08T12:51:48","guid":{"rendered":"https:\/\/altisk-mlak.edu.hu\/?p=1106"},"modified":"2022-09-08T12:51:48","modified_gmt":"2022-09-08T12:51:48","slug":"veni-sancte-tanevnyito-szentmise","status":"publish","type":"post","link":"https:\/\/altisk-mlak.edu.hu\/index.php\/veni-sancte-tanevnyito-szentmise\/","title":{"rendered":"Veni Sancte tan\u00e9vnyit\u00f3 szentmise"},"content":{"rendered":"<p lang=\"hu-HU\" align=\"justify\">\n<p class=\"western\" lang=\"hu-HU\" align=\"justify\"><span style=\"color: #000000;\"><span style=\"font-family: Times New Roman, serif;\"><span style=\"font-size: medium;\"><img fetchpriority=\"high\" decoding=\"async\" class=\"size-medium wp-image-1107 alignright\" src=\"https:\/\/altisk-mlak.edu.hu\/wp-content\/uploads\/2022\/09\/tanevnyito1-300x243.jpg\" alt=\"\" width=\"300\" height=\"243\" srcset=\"https:\/\/altisk-mlak.edu.hu\/wp-content\/uploads\/2022\/09\/tanevnyito1-300x243.jpg 300w, https:\/\/altisk-mlak.edu.hu\/wp-content\/uploads\/2022\/09\/tanevnyito1-1024x831.jpg 1024w, https:\/\/altisk-mlak.edu.hu\/wp-content\/uploads\/2022\/09\/tanevnyito1-768x623.jpg 768w, https:\/\/altisk-mlak.edu.hu\/wp-content\/uploads\/2022\/09\/tanevnyito1-1536x1247.jpg 1536w, https:\/\/altisk-mlak.edu.hu\/wp-content\/uploads\/2022\/09\/tanevnyito1.jpg 2048w\" sizes=\"(max-width: 300px) 100vw, 300px\" \/> 2022. augusztus 28-\u00e1n (vas\u00e1rnap) tan\u00e9vnyit\u00f3 szentmis\u00e9n vett r\u00e9szt a Magyarlak-Cs\u00f6r\u00f6tnek \u00c1ltal\u00e1nos Iskola di\u00e1k- \u00e9s alkalmazotti k\u00f6z\u00f6ss\u00e9ge a magyarlaki Szent Kereszt Felmagasztal\u00e1sa templomban. A mis\u00e9t Dr. Sz\u00e9kely J\u00e1nos megy\u00e9sp\u00fcsp\u00f6k mutatta be. Az egyh\u00e1zi el\u00f6lj\u00e1r\u00f3 szem\u00e9lyes t\u00f6rt\u00e9nettel kezdte besz\u00e9d\u00e9t, elmes\u00e9lte a gyerekeknek, \u0151 is egyh\u00e1zi iskol\u00e1ba j\u00e1rt, nagyon szeretett tanulni, \u00faj dolgokat megismerni, mert a tanul\u00e1s \u00e1ltal kiny\u00edlt sz\u00e1m\u00e1ra a vil\u00e1g. J\u00f3cselekedetre, egym\u00e1s k\u00f6lcs\u00f6n\u00f6s seg\u00edt\u00e9s\u00e9re k\u00e9rte a fiatals\u00e1got. P\u00e9ldak\u00e9pnek \u00e1ll\u00edtotta Brenner J\u00e1nos \u00e9let\u00e9t, aki a k\u00f6z\u00f6ss\u00e9gnek \u00e9s az egyh\u00e1znak is h\u0171en szolg\u00e1lt. P\u00e9ldabesz\u00e9d\u00e9ben egy n\u00e9met kisfi\u00fa t\u00f6rt\u00e9net\u00e9t osztotta meg a hallgat\u00f3s\u00e1ggal. Elmondta, hogy G\u00fcnther egy alkalommal s\u00e9t\u00e1lt az \u00e9desanyj\u00e1val egy templom mellett, melynek ablakait l\u00e1tva azt k\u00e9rdezte: <\/span><\/span><\/span><span style=\"color: #000000;\"><span style=\"font-family: Times New Roman, serif;\"><span style=\"font-size: medium;\"><i>\u201eMi ez a sz\u00fcrke ablakos \u00e9p\u00fclet?\u201d<\/i><\/span><\/span><\/span><span style=\"color: #000000;\"><span style=\"font-family: Times New Roman, serif;\"><span style=\"font-size: medium;\"> Az \u00e9desanya bevezette gyermek\u00e9t a templomba \u00e9s megmutatta neki a csodasz\u00e9p J\u00e9zust \u00e1br\u00e1zol\u00f3 \u00fcvegfestm\u00e9nyt. Amikor a kisfi\u00fa iskol\u00e1ba ker\u00fclt, a tan\u00edt\u00f3 n\u00e9ni megk\u00e9rdezte a tan\u00edtv\u00e1nyokat: <\/span><\/span><\/span><span style=\"color: #000000;\"><span style=\"font-family: Times New Roman, serif;\"><span style=\"font-size: medium;\"><i>\u201eKi az Isten?\u201d<\/i><\/span><\/span><\/span><span style=\"color: #000000;\"><span style=\"font-family: Times New Roman, serif;\"><span style=\"font-size: medium;\">. G\u00fcnther jelentkezett, \u00e9s azt v\u00e1laszolta, akin a f\u00e9ny \u00e1thatol. A p\u00fcsp\u00f6k atya arra \u00f6szt\u00f6n\u00f6zte az iskol\u00e1sokat, hogy \u0151k is legyenek olyan emberek, akiken \u00e1tj\u00e1r a f\u00e9ny, akik sug\u00e1rozz\u00e1k a szeretetet.<img decoding=\"async\" class=\"size-medium wp-image-1108 alignleft\" src=\"https:\/\/altisk-mlak.edu.hu\/wp-content\/uploads\/2022\/09\/tanevnyito2-300x166.jpg\" alt=\"\" width=\"300\" height=\"166\" srcset=\"https:\/\/altisk-mlak.edu.hu\/wp-content\/uploads\/2022\/09\/tanevnyito2-300x166.jpg 300w, https:\/\/altisk-mlak.edu.hu\/wp-content\/uploads\/2022\/09\/tanevnyito2-1024x565.jpg 1024w, https:\/\/altisk-mlak.edu.hu\/wp-content\/uploads\/2022\/09\/tanevnyito2-768x424.jpg 768w, https:\/\/altisk-mlak.edu.hu\/wp-content\/uploads\/2022\/09\/tanevnyito2-1536x848.jpg 1536w, https:\/\/altisk-mlak.edu.hu\/wp-content\/uploads\/2022\/09\/tanevnyito2.jpg 2048w\" sizes=\"(max-width: 300px) 100vw, 300px\" \/><\/span><\/span><\/span><\/p>\n<p class=\"western\" lang=\"hu-HU\" align=\"justify\"><span style=\"color: #000000;\"><span style=\"font-family: Times New Roman, serif;\"><span style=\"font-size: medium;\">Mezein\u00e9 Kiss Katalin tagint\u00e9zm\u00e9ny-vezet\u0151 tan\u00e9vnyit\u00f3 besz\u00e9d\u00e9ben elmondta, hogy egy val\u00f3di katolikus iskol\u00e1t \u00e9p\u00edtenek, melynek szil\u00e1rd alapja m\u00e1r elk\u00e9sz\u00fclt, seg\u00edt\u0151 kezet ny\u00fajtott ehhez a fenntart\u00f3, a Szombathelyi Egyh\u00e1zmegye, a telep\u00fcl\u00e9sek el\u00f6lj\u00e1r\u00f3i, partnerek, \u00e9s a sz\u00fcl\u0151i k\u00f6z\u00f6ss\u00e9g. Nagy munka v\u00e1r r\u00e1juk az elk\u00f6vetkezend\u0151 id\u0151szakban is: tov\u00e1bb kell fejleszteni, sz\u00e9p\u00edteni, saj\u00e1tos k\u00fcldet\u00e9ssel ell\u00e1tni, \u00e9s meg kell mutatni a nagyvil\u00e1gnak, van itt egy kisiskola k\u00e9t telep\u00fcl\u00e9s hat\u00e1r\u00e1n, ami semmivel sem alacsonyabb rend\u0171, mint b\u00e1rmely v\u00e1rosi nagyiskola, s\u0151t bizonyos tekintetben m\u00e9g t\u00f6bbet is tudnak k\u00edn\u00e1lni. <img decoding=\"async\" class=\"alignright size-medium wp-image-1109\" src=\"https:\/\/altisk-mlak.edu.hu\/wp-content\/uploads\/2022\/09\/tanevnyito3-222x300.jpg\" alt=\"\" width=\"222\" height=\"300\" srcset=\"https:\/\/altisk-mlak.edu.hu\/wp-content\/uploads\/2022\/09\/tanevnyito3-222x300.jpg 222w, https:\/\/altisk-mlak.edu.hu\/wp-content\/uploads\/2022\/09\/tanevnyito3-759x1024.jpg 759w, https:\/\/altisk-mlak.edu.hu\/wp-content\/uploads\/2022\/09\/tanevnyito3-768x1036.jpg 768w, https:\/\/altisk-mlak.edu.hu\/wp-content\/uploads\/2022\/09\/tanevnyito3-1139x1536.jpg 1139w, https:\/\/altisk-mlak.edu.hu\/wp-content\/uploads\/2022\/09\/tanevnyito3.jpg 1518w\" sizes=\"(max-width: 222px) 100vw, 222px\" \/>A kis l\u00e9tsz\u00e1m\u00fa oszt\u00e1lyoknak k\u00f6sz\u00f6nhet\u0151en t\u00f6bb id\u0151 \u00e9s odafigyel\u00e9s jut egy tanul\u00f3ra, szorosabb, csal\u00e1dias kapcsolatot \u00e1polnak a di\u00e1kokkal \u00e9s a sz\u00fcl\u0151kkel, t\u00f6bb az \u00e9rintkez\u00e9s, \u00e9s a term\u00e9szetk\u00f6zelis\u00e9g, a gyakorlatias nevel\u00e9s sem elhanyagolhat\u00f3. Az alaptev\u00e9kenys\u00e9g (nevel\u00e9s-oktat\u00e1s) mellett a helyi iskola szerepet v\u00e1llal a kult\u00fara- \u00e9s m\u0171velts\u00e9gk\u00f6zvet\u00edt\u00e9sben, valamint a k\u00f6z\u00f6ss\u00e9g\u00e9p\u00edt\u00e9sben is. A tagint\u00e9zm\u00e9ny a h\u00edd szerep\u00e9t is bet\u00f6lti. Kapocs Magyarlak \u00e9s Cs\u00f6r\u00f6tnek k\u00f6zt, az \u00f3voda \u00e9s az \u00e1ltal\u00e1nos iskola k\u00f6zt, az \u00e1ltal\u00e1nos iskola \u00e9s a k\u00f6z\u00e9piskola k\u00f6zt, a vid\u00e9k \u00e9s a v\u00e1ros k\u00f6zt, a vil\u00e1gi \u00e9s az egyh\u00e1zi \u00e9let k\u00f6zt, \u00e9s kapocs az itt \u00e9l\u0151 emberek k\u00f6zt, a telep\u00fcl\u00e9s fennmarad\u00e1s\u00e1t \u00e9s j\u00f6v\u0151j\u00e9nek z\u00e1log\u00e1t jelenti. A tagint\u00e9zm\u00e9ny-vezet\u0151 hangs\u00falyozta: \u201eA hum\u00e1num \u00e9s az elfogad\u00e1s iskol\u00e1ja a mi\u00e9nk. Nem sz\u00e1m\u00edt honnan j\u00f6tt\u00e9l, milyen az etnikai vagy t\u00e1rsadalmi sz\u00e1rmaz\u00e1sod, milyen a b\u0151rsz\u00edned, mi az embert l\u00e1tjuk az emberben. Azt valljuk, hogy mindannyian Isten gyermekei vagyunk, mindannyian egyenl\u0151ek vagyunk, val\u00f3di testv\u00e9ri k\u00f6z\u00f6ss\u00e9get alkotunk, odafigyel\u00fcnk egym\u00e1sra, \u00f6r\u00fcl\u00fcnk egym\u00e1s siker\u00e9nek, \u00e9s t\u00e1maszt ny\u00fajtunk a r\u00e1szorul\u00f3nak. Szavainkat \u00e9s cselekedeteinket a j\u00f3 sz\u00e1nd\u00e9k, a szeretet \u00e9s a j\u00f3 Isten vez\u00e9rli. Fennmarad\u00e1sunk \u00e9rdek\u00e9ben ma k\u00fcl\u00f6n\u00f6sen fontos szerepe van az \u00f6sszefog\u00e1snak \u00e9s az egy\u00fcttgondolkod\u00e1snak.\u201d A vezet\u0151 k\u00f6sz\u00f6nt\u00f6tte a t\u00edz \u00faj els\u0151s tanul\u00f3t, nyolc gyermek Magyarlakon, ketten R\u00e1bagyarmaton kezdik meg alapfok\u00fa tanulm\u00e1nyaikat. Besz\u00e9d\u00e9ben n\u00f6veked\u00e9sre buzd\u00edtotta a tan\u00edtv\u00e1nyokat, a tan\u00e9v folyam\u00e1n n\u00f6vekedni kell a testi, szellemi \u00e9s lelki dolgokban egyar\u00e1nt. Mindenkinek n\u00f6vekednie kell a hitben, n\u00f6vekedni kell a rem\u00e9nyben, \u00e9s n\u00f6vekedni kell a legfontosabban, a szeretetben. <img loading=\"lazy\" decoding=\"async\" class=\"alignleft size-medium wp-image-1110\" src=\"https:\/\/altisk-mlak.edu.hu\/wp-content\/uploads\/2022\/09\/tanevnyito4-300x212.jpg\" alt=\"\" width=\"300\" height=\"212\" srcset=\"https:\/\/altisk-mlak.edu.hu\/wp-content\/uploads\/2022\/09\/tanevnyito4-300x212.jpg 300w, https:\/\/altisk-mlak.edu.hu\/wp-content\/uploads\/2022\/09\/tanevnyito4-1024x725.jpg 1024w, https:\/\/altisk-mlak.edu.hu\/wp-content\/uploads\/2022\/09\/tanevnyito4-768x543.jpg 768w, https:\/\/altisk-mlak.edu.hu\/wp-content\/uploads\/2022\/09\/tanevnyito4-1536x1087.jpg 1536w, https:\/\/altisk-mlak.edu.hu\/wp-content\/uploads\/2022\/09\/tanevnyito4.jpg 2048w\" sizes=\"(max-width: 300px) 100vw, 300px\" \/>Mondand\u00f3j\u00e1t egy r\u00e9gi n\u00e9pi foh\u00e1sszal z\u00e1rta: \u201eHozz\u00e1d foh\u00e1szkodom \u00e9des Istenem, munk\u00e1lkod\u00e1somat neked szentelem. Er\u0151t, eg\u00e9szs\u00e9get adj mindazoknak, akik szent nevedben h\u00edven dolgoznak. Legyen szent \u00e1ld\u00e1sod minden f\u00e1rads\u00e1gon, Mert ha \u00e1ld\u00e1sod nincsen rajta, a munk\u00e1nak semmi haszna.\u201d Isten \u00e1ld\u00e1s\u00e1t k\u00e9rve k\u00edv\u00e1nt j\u00f3kedvet, szorgalmat, sok sz\u00e9p \u00e9lm\u00e9nyt a k\u00f6z\u00f6s munk\u00e1hoz, \u00e9s a 2022\/2023-as tan\u00e9vet megnyitotta. <\/span><\/span><\/span><\/p>\n<p class=\"western\" lang=\"hu-HU\" align=\"justify\"><span style=\"color: #000000;\"><span style=\"font-family: Times New Roman, serif;\"><span style=\"font-size: medium;\">A szentmise keret\u00e9ben dr. Sz\u00e9kely J\u00e1nos megy\u00e9s p\u00fcsp\u00f6k meg\u00e1ldotta a templom Brenner J\u00e1nost \u00e1br\u00e1zol\u00f3 \u00faj sz\u00ednes \u00f3lom\u00fcveg ablak\u00e1t, valamint a sz\u0151l\u0151hegyre vezet\u0151 meg\u00fajult keresztutat. <\/span><\/span><\/span><\/p>\n<p class=\"western\" lang=\"hu-HU\" align=\"justify\">\n","protected":false},"excerpt":{"rendered":"<p>2022. augusztus 28-\u00e1n (vas\u00e1rnap) tan\u00e9vnyit\u00f3 szentmis\u00e9n vett r\u00e9szt a Magyarlak-Cs\u00f6r\u00f6tnek \u00c1ltal\u00e1nos Iskola di\u00e1k- \u00e9s alkalmazotti k\u00f6z\u00f6ss\u00e9ge a magyarlaki Szent Kereszt Felmagasztal\u00e1sa templomban. A mis\u00e9t Dr. Sz\u00e9kely J\u00e1nos megy\u00e9sp\u00fcsp\u00f6k mutatta be. Az egyh\u00e1zi<a class=\"moretag\" href=\"https:\/\/altisk-mlak.edu.hu\/index.php\/veni-sancte-tanevnyito-szentmise\/\">Read More&#8230;<\/a><\/p>\n","protected":false},"author":3,"featured_media":0,"comment_status":"closed","ping_status":"closed","sticky":false,"template":"","format":"standard","meta":{"two_page_speed":[],"footnotes":""},"categories":[1],"tags":[],"class_list":["post-1106","post","type-post","status-publish","format-standard","hentry","category-egyeb"],"_links":{"self":[{"href":"https:\/\/altisk-mlak.edu.hu\/index.php\/wp-json\/wp\/v2\/posts\/1106","targetHints":{"allow":["GET"]}}],"collection":[{"href":"https:\/\/altisk-mlak.edu.hu\/index.php\/wp-json\/wp\/v2\/posts"}],"about":[{"href":"https:\/\/altisk-mlak.edu.hu\/index.php\/wp-json\/wp\/v2\/types\/post"}],"author":[{"embeddable":true,"href":"https:\/\/altisk-mlak.edu.hu\/index.php\/wp-json\/wp\/v2\/users\/3"}],"replies":[{"embeddable":true,"href":"https:\/\/altisk-mlak.edu.hu\/index.php\/wp-json\/wp\/v2\/comments?post=1106"}],"version-history":[{"count":1,"href":"https:\/\/altisk-mlak.edu.hu\/index.php\/wp-json\/wp\/v2\/posts\/1106\/revisions"}],"predecessor-version":[{"id":1111,"href":"https:\/\/altisk-mlak.edu.hu\/index.php\/wp-json\/wp\/v2\/posts\/1106\/revisions\/1111"}],"wp:attachment":[{"href":"https:\/\/altisk-mlak.edu.hu\/index.php\/wp-json\/wp\/v2\/media?parent=1106"}],"wp:term":[{"taxonomy":"category","embeddable":true,"href":"https:\/\/altisk-mlak.edu.hu\/index.php\/wp-json\/wp\/v2\/categories?post=1106"},{"taxonomy":"post_tag","embeddable":true,"href":"https:\/\/altisk-mlak.edu.hu\/index.php\/wp-json\/wp\/v2\/tags?post=1106"}],"curies":[{"name":"wp","href":"https:\/\/api.w.org\/{rel}","templated":true}]}}