{"id":1114,"date":"2022-09-20T09:35:20","date_gmt":"2022-09-20T09:35:20","guid":{"rendered":"https:\/\/altisk-mlak.edu.hu\/?p=1114"},"modified":"2022-09-20T09:35:20","modified_gmt":"2022-09-20T09:35:20","slug":"europai-mobilitas-hete","status":"publish","type":"post","link":"https:\/\/altisk-mlak.edu.hu\/index.php\/europai-mobilitas-hete\/","title":{"rendered":"Eur\u00f3pai Mobilit\u00e1s Hete"},"content":{"rendered":"<p class=\"western\" lang=\"hu-HU\" align=\"justify\">A Magyarlak-Cs\u00f6r\u00f6tnek \u00c1ltal\u00e1nos Iskol\u00e1ja k\u00f6z\u00f6ss\u00e9ge 2022. szeptember 16-\u00e1n egy \u00e9lm\u00e9nyekkel teli, tartalmas d\u00e9lel\u0151tt\u00f6t t\u00f6lt\u00f6tt el a tr\u00f3pusi hangulat\u00fa Szentgotth\u00e1rd Spa &amp; Wellness \u00e9lm\u00e9nyf\u00fcrd\u0151ben. A di\u00e1kok v\u00edzi foglalkoz\u00e1s keret\u00e9ben ismerkedtek meg a f\u00fcrd\u0151komplexum attrakci\u00f3ival. A legkisebbek a gyermekmedenc\u00e9t vett\u00e9k birtokukba, \u00e9s \u00f6nfeledten \u00e9lvezt\u00e9k a lubickol\u00e1st. A nagyobbak az \u00fcvegkupola alatt elter\u00fcl\u0151, fokozatosan m\u00e9ly\u00fcl\u0151 \u00e9lm\u00e9nymedenc\u00e9t vett\u00e9k ig\u00e9nybe, \u00e9s kipr\u00f3b\u00e1lt\u00e1k a sziklafalr\u00f3l lez\u00fadul\u00f3 v\u00edzes\u00e9s, az \u00e1ll\u00f3 \u00e9s \u00fcl\u0151 massz\u00e1zselemek, a v\u00edzigomba \u00e9s a v\u00edzi buzg\u00e1rok ny\u00fajtotta \u00e9lm\u00e9nyeket, valamint a sz\u0151nyeg- \u00e9s \u00f3ri\u00e1scs\u00faszd\u00e1t. Az \u00faszni tud\u00f3 tanul\u00f3k a medence tr\u00f3pusi sziget\u00e9t k\u00f6rbefon\u00f3 vadpatakban j\u00f3kedv\u0171en \u201esodr\u00f3dtak az \u00e1rral\u201d. Egy lelkes kis csapat az \u00e9lm\u00e9nyf\u00fcrd\u0151 fitnesz r\u00e9szleg\u00e9ben t\u00f6lt\u0151d\u00f6tt fel akt\u00edvan, korszer\u0171 kondicion\u00e1l\u00f3- \u00e9s kardiog\u00e9pekkel edzett\u00e9k test\u00fcket.<br \/>\nA program Szentgotth\u00e1rd V\u00e1ros \u00d6nkorm\u00e1nyzata, Szentgotth\u00e1rd Spa&amp;Wellness, Szentgotth\u00e1rdi Sport \u00e9s Szabadid\u0151 K\u00f6zpont, Rendel\u0151int\u00e9zet Szentgotth\u00e1rd b\u00e1zis\u00e1n m\u0171k\u00f6d\u0151 Eg\u00e9szs\u00e9gfejleszt\u00e9si Iroda \u00e9s a Pannon Kapu Kultur\u00e1lis Egyes\u00fclet j\u00f3volt\u00e1b\u00f3l, az Eur\u00f3pai Mobilit\u00e1s Hete \u201eHangold \u00f6ssze!\u201d Mobilit\u00e1s iskolai sz\u00edntereken c. program keret\u00e9ben val\u00f3sult meg.<\/p>\n<table style=\"border-collapse: collapse; width: 100%;\">\n<tbody>\n<tr>\n<td style=\"width: 33.3333%;\"><img fetchpriority=\"high\" decoding=\"async\" class=\"aligncenter size-medium wp-image-1115\" src=\"https:\/\/altisk-mlak.edu.hu\/wp-content\/uploads\/2022\/09\/furdo-1-289x300.jpg\" alt=\"\" width=\"289\" height=\"300\" srcset=\"https:\/\/altisk-mlak.edu.hu\/wp-content\/uploads\/2022\/09\/furdo-1-289x300.jpg 289w, https:\/\/altisk-mlak.edu.hu\/wp-content\/uploads\/2022\/09\/furdo-1-985x1024.jpg 985w, https:\/\/altisk-mlak.edu.hu\/wp-content\/uploads\/2022\/09\/furdo-1-768x799.jpg 768w, https:\/\/altisk-mlak.edu.hu\/wp-content\/uploads\/2022\/09\/furdo-1-1477x1536.jpg 1477w, https:\/\/altisk-mlak.edu.hu\/wp-content\/uploads\/2022\/09\/furdo-1.jpg 1835w\" sizes=\"(max-width: 289px) 100vw, 289px\" \/><\/td>\n<td style=\"width: 33.3333%;\"><img decoding=\"async\" class=\"aligncenter size-medium wp-image-1116\" src=\"https:\/\/altisk-mlak.edu.hu\/wp-content\/uploads\/2022\/09\/furdo-2-300x265.jpg\" alt=\"\" width=\"300\" height=\"265\" srcset=\"https:\/\/altisk-mlak.edu.hu\/wp-content\/uploads\/2022\/09\/furdo-2-300x265.jpg 300w, https:\/\/altisk-mlak.edu.hu\/wp-content\/uploads\/2022\/09\/furdo-2-1024x906.jpg 1024w, https:\/\/altisk-mlak.edu.hu\/wp-content\/uploads\/2022\/09\/furdo-2-768x679.jpg 768w, https:\/\/altisk-mlak.edu.hu\/wp-content\/uploads\/2022\/09\/furdo-2-1536x1359.jpg 1536w, https:\/\/altisk-mlak.edu.hu\/wp-content\/uploads\/2022\/09\/furdo-2.jpg 1904w\" sizes=\"(max-width: 300px) 100vw, 300px\" \/><\/td>\n<td style=\"width: 33.3333%;\"><img decoding=\"async\" class=\"aligncenter size-medium wp-image-1117\" src=\"https:\/\/altisk-mlak.edu.hu\/wp-content\/uploads\/2022\/09\/furdo-3-300x265.jpg\" alt=\"\" width=\"300\" height=\"265\" srcset=\"https:\/\/altisk-mlak.edu.hu\/wp-content\/uploads\/2022\/09\/furdo-3-300x265.jpg 300w, https:\/\/altisk-mlak.edu.hu\/wp-content\/uploads\/2022\/09\/furdo-3-1024x904.jpg 1024w, https:\/\/altisk-mlak.edu.hu\/wp-content\/uploads\/2022\/09\/furdo-3-768x678.jpg 768w, https:\/\/altisk-mlak.edu.hu\/wp-content\/uploads\/2022\/09\/furdo-3-1536x1355.jpg 1536w, https:\/\/altisk-mlak.edu.hu\/wp-content\/uploads\/2022\/09\/furdo-3.jpg 1700w\" sizes=\"(max-width: 300px) 100vw, 300px\" \/><\/td>\n<\/tr>\n<tr>\n<td style=\"width: 33.3333%;\"><img loading=\"lazy\" decoding=\"async\" class=\"aligncenter size-medium wp-image-1118\" src=\"https:\/\/altisk-mlak.edu.hu\/wp-content\/uploads\/2022\/09\/furdo-4-300x168.jpg\" alt=\"\" width=\"300\" height=\"168\" srcset=\"https:\/\/altisk-mlak.edu.hu\/wp-content\/uploads\/2022\/09\/furdo-4-300x168.jpg 300w, https:\/\/altisk-mlak.edu.hu\/wp-content\/uploads\/2022\/09\/furdo-4-1024x574.jpg 1024w, https:\/\/altisk-mlak.edu.hu\/wp-content\/uploads\/2022\/09\/furdo-4-768x430.jpg 768w, https:\/\/altisk-mlak.edu.hu\/wp-content\/uploads\/2022\/09\/furdo-4-1536x860.jpg 1536w, https:\/\/altisk-mlak.edu.hu\/wp-content\/uploads\/2022\/09\/furdo-4-1600x900.jpg 1600w, https:\/\/altisk-mlak.edu.hu\/wp-content\/uploads\/2022\/09\/furdo-4.jpg 1939w\" sizes=\"(max-width: 300px) 100vw, 300px\" \/><\/td>\n<td style=\"width: 33.3333%;\"><img loading=\"lazy\" decoding=\"async\" class=\"aligncenter size-medium wp-image-1119\" src=\"https:\/\/altisk-mlak.edu.hu\/wp-content\/uploads\/2022\/09\/furdo-5-300x252.jpg\" alt=\"\" width=\"300\" height=\"252\" srcset=\"https:\/\/altisk-mlak.edu.hu\/wp-content\/uploads\/2022\/09\/furdo-5-300x252.jpg 300w, https:\/\/altisk-mlak.edu.hu\/wp-content\/uploads\/2022\/09\/furdo-5-1024x859.jpg 1024w, https:\/\/altisk-mlak.edu.hu\/wp-content\/uploads\/2022\/09\/furdo-5-768x644.jpg 768w, https:\/\/altisk-mlak.edu.hu\/wp-content\/uploads\/2022\/09\/furdo-5-1536x1289.jpg 1536w, https:\/\/altisk-mlak.edu.hu\/wp-content\/uploads\/2022\/09\/furdo-5.jpg 2000w\" sizes=\"(max-width: 300px) 100vw, 300px\" \/><\/td>\n<td style=\"width: 33.3333%;\"><img loading=\"lazy\" decoding=\"async\" class=\"aligncenter size-medium wp-image-1120\" src=\"https:\/\/altisk-mlak.edu.hu\/wp-content\/uploads\/2022\/09\/furdo-6-210x300.jpg\" alt=\"\" width=\"210\" height=\"300\" srcset=\"https:\/\/altisk-mlak.edu.hu\/wp-content\/uploads\/2022\/09\/furdo-6-210x300.jpg 210w, https:\/\/altisk-mlak.edu.hu\/wp-content\/uploads\/2022\/09\/furdo-6-718x1024.jpg 718w, https:\/\/altisk-mlak.edu.hu\/wp-content\/uploads\/2022\/09\/furdo-6-768x1095.jpg 768w, https:\/\/altisk-mlak.edu.hu\/wp-content\/uploads\/2022\/09\/furdo-6-1077x1536.jpg 1077w, https:\/\/altisk-mlak.edu.hu\/wp-content\/uploads\/2022\/09\/furdo-6.jpg 1400w\" sizes=\"(max-width: 210px) 100vw, 210px\" \/><\/td>\n<\/tr>\n<\/tbody>\n<\/table>\n<p><img loading=\"lazy\" decoding=\"async\" class=\"aligncenter size-medium wp-image-1121\" src=\"https:\/\/altisk-mlak.edu.hu\/wp-content\/uploads\/2022\/09\/furdo-7-300x209.jpg\" alt=\"\" width=\"300\" height=\"209\" srcset=\"https:\/\/altisk-mlak.edu.hu\/wp-content\/uploads\/2022\/09\/furdo-7-300x209.jpg 300w, https:\/\/altisk-mlak.edu.hu\/wp-content\/uploads\/2022\/09\/furdo-7-1024x715.jpg 1024w, https:\/\/altisk-mlak.edu.hu\/wp-content\/uploads\/2022\/09\/furdo-7-768x536.jpg 768w, https:\/\/altisk-mlak.edu.hu\/wp-content\/uploads\/2022\/09\/furdo-7-1536x1072.jpg 1536w, https:\/\/altisk-mlak.edu.hu\/wp-content\/uploads\/2022\/09\/furdo-7.jpg 2005w\" sizes=\"(max-width: 300px) 100vw, 300px\" \/><\/p>\n","protected":false},"excerpt":{"rendered":"<p>A Magyarlak-Cs\u00f6r\u00f6tnek \u00c1ltal\u00e1nos Iskol\u00e1ja k\u00f6z\u00f6ss\u00e9ge 2022. szeptember 16-\u00e1n egy \u00e9lm\u00e9nyekkel teli, tartalmas d\u00e9lel\u0151tt\u00f6t t\u00f6lt\u00f6tt el a tr\u00f3pusi hangulat\u00fa Szentgotth\u00e1rd Spa &amp; Wellness \u00e9lm\u00e9nyf\u00fcrd\u0151ben. A di\u00e1kok v\u00edzi foglalkoz\u00e1s keret\u00e9ben ismerkedtek meg a f\u00fcrd\u0151komplexum<a class=\"moretag\" href=\"https:\/\/altisk-mlak.edu.hu\/index.php\/europai-mobilitas-hete\/\">Read More&#8230;<\/a><\/p>\n","protected":false},"author":3,"featured_media":0,"comment_status":"closed","ping_status":"closed","sticky":false,"template":"","format":"standard","meta":{"two_page_speed":[],"footnotes":""},"categories":[1],"tags":[],"class_list":["post-1114","post","type-post","status-publish","format-standard","hentry","category-egyeb"],"_links":{"self":[{"href":"https:\/\/altisk-mlak.edu.hu\/index.php\/wp-json\/wp\/v2\/posts\/1114","targetHints":{"allow":["GET"]}}],"collection":[{"href":"https:\/\/altisk-mlak.edu.hu\/index.php\/wp-json\/wp\/v2\/posts"}],"about":[{"href":"https:\/\/altisk-mlak.edu.hu\/index.php\/wp-json\/wp\/v2\/types\/post"}],"author":[{"embeddable":true,"href":"https:\/\/altisk-mlak.edu.hu\/index.php\/wp-json\/wp\/v2\/users\/3"}],"replies":[{"embeddable":true,"href":"https:\/\/altisk-mlak.edu.hu\/index.php\/wp-json\/wp\/v2\/comments?post=1114"}],"version-history":[{"count":1,"href":"https:\/\/altisk-mlak.edu.hu\/index.php\/wp-json\/wp\/v2\/posts\/1114\/revisions"}],"predecessor-version":[{"id":1122,"href":"https:\/\/altisk-mlak.edu.hu\/index.php\/wp-json\/wp\/v2\/posts\/1114\/revisions\/1122"}],"wp:attachment":[{"href":"https:\/\/altisk-mlak.edu.hu\/index.php\/wp-json\/wp\/v2\/media?parent=1114"}],"wp:term":[{"taxonomy":"category","embeddable":true,"href":"https:\/\/altisk-mlak.edu.hu\/index.php\/wp-json\/wp\/v2\/categories?post=1114"},{"taxonomy":"post_tag","embeddable":true,"href":"https:\/\/altisk-mlak.edu.hu\/index.php\/wp-json\/wp\/v2\/tags?post=1114"}],"curies":[{"name":"wp","href":"https:\/\/api.w.org\/{rel}","templated":true}]}}