{"id":1124,"date":"2022-09-30T08:29:10","date_gmt":"2022-09-30T08:29:10","guid":{"rendered":"https:\/\/altisk-mlak.edu.hu\/?p=1124"},"modified":"2022-09-30T08:29:10","modified_gmt":"2022-09-30T08:29:10","slug":"a-mitol-vagy-kitol-valtozo-klima","status":"publish","type":"post","link":"https:\/\/altisk-mlak.edu.hu\/index.php\/a-mitol-vagy-kitol-valtozo-klima\/","title":{"rendered":"A mit\u0151l vagy kit\u0151l v\u00e1ltoz\u00f3 kl\u00edma?"},"content":{"rendered":"<p><img fetchpriority=\"high\" decoding=\"async\" class=\"aligncenter wp-image-1125 size-large\" src=\"https:\/\/altisk-mlak.edu.hu\/wp-content\/uploads\/2022\/09\/20220929_123930-768x1024.jpg\" alt=\"\" width=\"604\" height=\"805\" srcset=\"https:\/\/altisk-mlak.edu.hu\/wp-content\/uploads\/2022\/09\/20220929_123930-768x1024.jpg 768w, https:\/\/altisk-mlak.edu.hu\/wp-content\/uploads\/2022\/09\/20220929_123930-225x300.jpg 225w, https:\/\/altisk-mlak.edu.hu\/wp-content\/uploads\/2022\/09\/20220929_123930-1152x1536.jpg 1152w, https:\/\/altisk-mlak.edu.hu\/wp-content\/uploads\/2022\/09\/20220929_123930-1536x2048.jpg 1536w, https:\/\/altisk-mlak.edu.hu\/wp-content\/uploads\/2022\/09\/20220929_123930-scaled.jpg 1920w\" sizes=\"(max-width: 604px) 100vw, 604px\" \/><\/p>\n<p class=\"western\" lang=\"hu-HU\" align=\"justify\">P\u00e9k Tibor, a term\u00e9szettudom\u00e1ny ir\u00e1nt \u00e9rdekl\u0151d\u0151 m\u0171szaki szakember tartott \u00e9rdekfesz\u00edt\u0151 ismeretterjeszt\u0151 el\u0151ad\u00e1st a Magyarlak-Cs\u00f6r\u00f6tnek \u00c1ltal\u00e1nos Iskola 7-8. oszt\u00e1lyos tanul\u00f3i sz\u00e1m\u00e1ra. Az el\u0151ad\u00f3 bemutatta <i>\u201eA mit\u0151l vagy kit\u0151l v\u00e1ltoz\u00f3 kl\u00edma\u201d<\/i> c. k\u00f6nyv\u00e9t, melyben a kl\u00edmav\u00e1ltoz\u00e1s okainak eredet\u00e9t boncolgatja.<\/p>\n<p class=\"western\" lang=\"hu-HU\" align=\"justify\">Az el\u0151ad\u00f3 saj\u00e1tos szemsz\u00f6gb\u0151l adta el\u0151 a t\u00e9m\u00e1t a hallgat\u00f3s\u00e1gnak. Megl\u00e1t\u00e1sa szerint a F\u00f6ld teszi a maga dolg\u00e1t, \u00e9l, l\u00fcktet, dinamikus rendszere van, \u00e9s egyre t\u00f6bb ember \u00e9l rajta. Szeml\u00e9letes m\u00f3don mutatta be a f\u00f6ldi \u00e9let megjelent\u00e9s\u00e9t: ha bolyg\u00f3nk 4,6 milli\u00e1rd \u00e9v\u00e9t 24 \u00f3r\u00e1ba beles\u0171r\u00edten\u00e9nk, akkor az \u00f6sszetett \u00e9let, a t\u00f6bbsejt\u0171ek este 22 \u00f3rakor sz\u00fcletne meg, az ember pedig 2 m\u00e1sodperccel \u00e9jf\u00e9l el\u0151tt. Az ember v\u00e9dtelen a f\u00f6ldi katasztr\u00f3f\u00e1k ellen, mint pl. a cunami, f\u00f6ldreng\u00e9s, csak az \u00e1rv\u00edz ellen tudunk v\u00e9dekezni j\u00f3 el\u0151rejelz\u00e9s eset\u00e9n. Az ut\u00f3bbi \u00f6tven \u00e9vben radik\u00e1lisan v\u00e1ltoztattuk meg a k\u00f6rnyezet\u00fcnket, \u00e9s egyfajta ciklikuss\u00e1g is megfigyelhet\u0151 az f\u00f6ldi \u00e9let sor\u00e1n: 18 percenk\u00e9nt kihal egy faj, hetente 30-35 \u00fajat fedeznek fel.<\/p>\n<p class=\"western\" lang=\"hu-HU\" align=\"justify\">A szakember szerint el\u0151bb t\u00f6rt\u00e9nt a felmeleged\u00e9s, \u00e9s ut\u00e1na a sz\u00e9n-dioxid n\u00f6veked\u00e9se. V\u00e9lem\u00e9nye szerint t\u00falzottan a sz\u00e9n-dioxidot okoljuk a glob\u00e1lis felmeleged\u00e9s\u00e9rt, pedig ha nem lenne, akkor -18 fok lenne a F\u00f6ld\u00f6n. A k\u00e9n harminc\u00f6tsz\u00f6r er\u0151sebb \u00fcvegh\u00e1zhat\u00e1s\u00fa g\u00e1z, mint a CO<sub>2. <\/sub>Szint\u00e9n \u00e9rdekess\u00e9gk\u00e9nt eml\u00edtette P\u00e9k Tibor azt a t\u00e9nyt, hogy egy Forma 1-es versenyen annyi sz\u00e9n-dioxidot bocs\u00e1tanak ki a versenyaut\u00f3k, mint egy haland\u00f3 saj\u00e1t aut\u00f3ja \u00e9lete sor\u00e1n. Sz\u00f3 esett az 1997-es kyotoi kl\u00edmakonferenci\u00e1r\u00f3l, \u00e9s megtudtuk, hogy a nagyhatalmak: USA, Ausztr\u00e1lia, K\u00edna, Oroszorsz\u00e1g nem \u00edrta al\u00e1 a sz\u00e9n-dioxid cs\u00f6kkent\u00e9sr\u0151l sz\u00f3l\u00f3 egyezm\u00e9nyt.<\/p>\n<p class=\"western\" lang=\"hu-HU\" align=\"justify\">Az ismeretterjeszt\u0151 tan\u00f3ra v\u00e9g\u00e9n az el\u0151ad\u00f3 megv\u00e1laszolta a k\u00f6nyve c\u00edm\u00e9ben feltett k\u00e9rd\u00e9st: nem kit\u0151l v\u00e1ltozik meg a kl\u00edma, hanem mit\u0151l, azt azonban nem tudjuk, hogy konkr\u00e9tan mit\u0151l. Elk\u00e9pzelhet\u0151, hogy a F\u00f6ld ferde tengely\u00e9t\u0151l, a Nap-F\u00f6ld t\u00e1vols\u00e1g ciklikus v\u00e1ltoz\u00e1s\u00e1t\u00f3l, a tengely k\u00fappal\u00e1st alak\u00fa mozg\u00e1s\u00e1t\u00f3l, de az aszteroid\u00e1k, gammasugarak is k\u00f6zrej\u00e1tszhatnak. Z\u00e1rsz\u00f3k\u00e9nt egy kellemetlen igazs\u00e1got mondott az el\u0151ad\u00f3:<\/p>\n<p class=\"western\" lang=\"hu-HU\" style=\"text-align: center;\" align=\"justify\"><strong><span style=\"font-size: 14pt;\">A F\u00f6ldet nem tudjuk t\u00f6nkretenni, k\u00f6rnyezet\u00fcnket \u00e9s magunkat tudjuk t\u00f6nkretenni! Nem a F\u00f6ld van bajban, hanem mi!<\/span><\/strong><\/p>\n","protected":false},"excerpt":{"rendered":"<p>P\u00e9k Tibor, a term\u00e9szettudom\u00e1ny ir\u00e1nt \u00e9rdekl\u0151d\u0151 m\u0171szaki szakember tartott \u00e9rdekfesz\u00edt\u0151 ismeretterjeszt\u0151 el\u0151ad\u00e1st a Magyarlak-Cs\u00f6r\u00f6tnek \u00c1ltal\u00e1nos Iskola 7-8. oszt\u00e1lyos tanul\u00f3i sz\u00e1m\u00e1ra. Az el\u0151ad\u00f3 bemutatta \u201eA mit\u0151l vagy kit\u0151l v\u00e1ltoz\u00f3 kl\u00edma\u201d c. k\u00f6nyv\u00e9t, melyben<a class=\"moretag\" href=\"https:\/\/altisk-mlak.edu.hu\/index.php\/a-mitol-vagy-kitol-valtozo-klima\/\">Read More&#8230;<\/a><\/p>\n","protected":false},"author":3,"featured_media":0,"comment_status":"closed","ping_status":"closed","sticky":false,"template":"","format":"standard","meta":{"two_page_speed":[],"footnotes":""},"categories":[1],"tags":[],"class_list":["post-1124","post","type-post","status-publish","format-standard","hentry","category-egyeb"],"_links":{"self":[{"href":"https:\/\/altisk-mlak.edu.hu\/index.php\/wp-json\/wp\/v2\/posts\/1124","targetHints":{"allow":["GET"]}}],"collection":[{"href":"https:\/\/altisk-mlak.edu.hu\/index.php\/wp-json\/wp\/v2\/posts"}],"about":[{"href":"https:\/\/altisk-mlak.edu.hu\/index.php\/wp-json\/wp\/v2\/types\/post"}],"author":[{"embeddable":true,"href":"https:\/\/altisk-mlak.edu.hu\/index.php\/wp-json\/wp\/v2\/users\/3"}],"replies":[{"embeddable":true,"href":"https:\/\/altisk-mlak.edu.hu\/index.php\/wp-json\/wp\/v2\/comments?post=1124"}],"version-history":[{"count":1,"href":"https:\/\/altisk-mlak.edu.hu\/index.php\/wp-json\/wp\/v2\/posts\/1124\/revisions"}],"predecessor-version":[{"id":1126,"href":"https:\/\/altisk-mlak.edu.hu\/index.php\/wp-json\/wp\/v2\/posts\/1124\/revisions\/1126"}],"wp:attachment":[{"href":"https:\/\/altisk-mlak.edu.hu\/index.php\/wp-json\/wp\/v2\/media?parent=1124"}],"wp:term":[{"taxonomy":"category","embeddable":true,"href":"https:\/\/altisk-mlak.edu.hu\/index.php\/wp-json\/wp\/v2\/categories?post=1124"},{"taxonomy":"post_tag","embeddable":true,"href":"https:\/\/altisk-mlak.edu.hu\/index.php\/wp-json\/wp\/v2\/tags?post=1124"}],"curies":[{"name":"wp","href":"https:\/\/api.w.org\/{rel}","templated":true}]}}