{"id":1142,"date":"2022-10-11T07:10:11","date_gmt":"2022-10-11T07:10:11","guid":{"rendered":"https:\/\/altisk-mlak.edu.hu\/?p=1142"},"modified":"2022-10-11T07:10:11","modified_gmt":"2022-10-11T07:10:11","slug":"megemlekezes-szent-gellertrol-es-assisi-szent-ferencrol","status":"publish","type":"post","link":"https:\/\/altisk-mlak.edu.hu\/index.php\/megemlekezes-szent-gellertrol-es-assisi-szent-ferencrol\/","title":{"rendered":"Megeml\u00e9kez\u00e9s Szent Gell\u00e9rtr\u0151l \u00e9s Assisi Szent Ferencr\u0151l"},"content":{"rendered":"<p style=\"text-align: justify;\">A Magyarlak-Cs\u00f6r\u00f6tneki katolikus \u00e1ltal\u00e1nos iskol\u00e1ban a 2022 szeptember\u00e9ben kezdt\u00fck meg a m\u00e1sodik tan\u00e9vet. M\u00e1r az \u00e9v els\u0151 heteiben megeml\u00e9kezt\u00fcnk k\u00e9t szentr\u0151l: Szent Gell\u00e9rtr\u0151l \u00e9s Assisi Szent Ferencr\u0151l.<\/p>\n<p style=\"text-align: justify;\"><img fetchpriority=\"high\" decoding=\"async\" class=\"aligncenter size-full wp-image-1143\" src=\"https:\/\/altisk-mlak.edu.hu\/wp-content\/uploads\/2022\/10\/Szent_Gellert.jpg\" alt=\"\" width=\"256\" height=\"197\" \/><br \/>\nSzent Gell\u00e9rt p\u00fcsp\u00f6k \u00e9s v\u00e9rtan\u00fa \u00fcnnepe (szeptember 24.) alkalm\u00e1b\u00f3l az iskola f\u00f6ldszintj\u00e9n \u00e9s emelet\u00e9n is kihelyezt\u00fcnk egy-egy plak\u00e1tot Gell\u00e9rt p\u00fcsp\u00f6k \u00e9let\u00e9nek kiemelked\u0151 tetteinek k\u00e9p\u00e9vel: amint a gyermek Imre herceget tan\u00edtja, \u00e9s amint v\u00e9rtan\u00fas\u00e1g\u00e1t elszenvedi. A hittan \u00f3r\u00e1kon pedig minden oszt\u00e1lyban felid\u00e9zt\u00fck a szent alakj\u00e1t. A fels\u0151 tagozatos gyerekek sz\u00e1m\u00e1ra m\u00e1r ismer\u0151s volt a kor, amelyben a szent p\u00fcsp\u00f6k \u00e9lt, hiszen t\u00f6rt\u00e9nelem \u00f3r\u00e1kon kiemelten fontos helyet kap Szent Istv\u00e1n els\u0151 kir\u00e1lyunk m\u0171ve. Ebbe a m\u00e1r megl\u00e9v\u0151 tud\u00e1sba helyezt\u00fck bele Szent Gell\u00e9rt alakj\u00e1t: \u00e9let\u00e9t, m\u0171k\u00f6d\u00e9s\u00e9t, vonz\u00f3 szem\u00e9lyis\u00e9g\u00e9nek k\u00e9p\u00e9t. A gyerekek megrend\u00fclten hallgatt\u00e1k a v\u00e9rtan\u00fas\u00e1g sz\u00edvszor\u00edt\u00f3 t\u00f6rt\u00e9net\u00e9t, \u00e9s a f\u00fczetbe lerajzoltuk a budapesti Gell\u00e9rt-hegy eml\u00e9km\u0171v\u00e9t, amely fens\u00e9ges m\u00e9lt\u00f3s\u00e1ggal eml\u00e9kezik meg a v\u00e9rtan\u00fa p\u00fcsp\u00f6k\u00f6k (Szent Gell\u00e9rt, Szent B\u0151d \u00e9s Szent Beszter\u00e9d) \u00f6nfel\u00e1ldoz\u00e1s\u00e1r\u00f3l, h\u0151si hal\u00e1l\u00e1r\u00f3l.<\/p>\n<p style=\"text-align: justify;\"><img decoding=\"async\" class=\"aligncenter size-medium wp-image-1144\" src=\"https:\/\/altisk-mlak.edu.hu\/wp-content\/uploads\/2022\/10\/Assisi_Szent_Ferenc-212x300.jpg\" alt=\"\" width=\"212\" height=\"300\" srcset=\"https:\/\/altisk-mlak.edu.hu\/wp-content\/uploads\/2022\/10\/Assisi_Szent_Ferenc-212x300.jpg 212w, https:\/\/altisk-mlak.edu.hu\/wp-content\/uploads\/2022\/10\/Assisi_Szent_Ferenc.jpg 423w\" sizes=\"(max-width: 212px) 100vw, 212px\" \/><br \/>\nOkt\u00f3ber 4-\u00e9n Assisi Szent Ferenc eml\u00e9knapja alkalm\u00e1b\u00f3l az iskolamis\u00e9t Gyula atya Assisi Szent Ferencr\u0151l mondta. Gyula atya szentbesz\u00e9d\u00e9ben felid\u00e9zte Szent Ferenc megt\u00e9r\u00e9snek fordulat\u00e1t, \u00e9s az \u00dar J\u00e9zus ir\u00e1nti l\u00e1ngol\u00f3 szeretet\u00e9t, ami l\u00e1that\u00f3 alakban is megjelent a szent test\u00e9n, amikor megkapta az szent sebeket. A hittan\u00f3r\u00e1kon szint\u00e9n megeml\u00e9kezt\u00fcnk Szent Ferencr\u0151l, felid\u00e9zt\u00fck a kort, amelyben \u00e9lt, \u00e9s azt a nagy hat\u00e1st, amellyel az \u00e1ltala alap\u00edtott ferences rend mind a mai napig hat\u00e1st gyakorol a kereszt\u00e9ny emberekre.<br \/>\nA szentekr\u0151l oszt\u00e1lyf\u0151n\u00f6ki, technika- \u00e9s rajz\u00f3r\u00e1kon is b\u0151v\u00edtett\u00fck ismereteinket, sz\u00e9p gyermeki alkot\u00e1sok sz\u00fclettek e t\u00e9m\u00e1ban.<br \/>\nE k\u00e9t szent l\u00e9lekben mindennap vel\u00fcnk lehet, \u00e9let\u00fck p\u00e9ld\u00e1ja mindennap esz\u00fcnkbe juthat, hogy mi is hozz\u00e1juk hasonl\u00f3 odaad\u00e1ssal \u00e9s szeretettel \u00e9lj\u00fck mindennapjainkat.<\/p>\n<p style=\"text-align: right;\">V\u00edz \u00c1gnes n\u0151v\u00e9r<\/p>\n","protected":false},"excerpt":{"rendered":"<p>A Magyarlak-Cs\u00f6r\u00f6tneki katolikus \u00e1ltal\u00e1nos iskol\u00e1ban a 2022 szeptember\u00e9ben kezdt\u00fck meg a m\u00e1sodik tan\u00e9vet. M\u00e1r az \u00e9v els\u0151 heteiben megeml\u00e9kezt\u00fcnk k\u00e9t szentr\u0151l: Szent Gell\u00e9rtr\u0151l \u00e9s Assisi Szent Ferencr\u0151l. Szent Gell\u00e9rt p\u00fcsp\u00f6k \u00e9s v\u00e9rtan\u00fa<a class=\"moretag\" href=\"https:\/\/altisk-mlak.edu.hu\/index.php\/megemlekezes-szent-gellertrol-es-assisi-szent-ferencrol\/\">Read More&#8230;<\/a><\/p>\n","protected":false},"author":3,"featured_media":0,"comment_status":"closed","ping_status":"closed","sticky":false,"template":"","format":"standard","meta":{"two_page_speed":[],"footnotes":""},"categories":[1],"tags":[],"class_list":["post-1142","post","type-post","status-publish","format-standard","hentry","category-egyeb"],"_links":{"self":[{"href":"https:\/\/altisk-mlak.edu.hu\/index.php\/wp-json\/wp\/v2\/posts\/1142","targetHints":{"allow":["GET"]}}],"collection":[{"href":"https:\/\/altisk-mlak.edu.hu\/index.php\/wp-json\/wp\/v2\/posts"}],"about":[{"href":"https:\/\/altisk-mlak.edu.hu\/index.php\/wp-json\/wp\/v2\/types\/post"}],"author":[{"embeddable":true,"href":"https:\/\/altisk-mlak.edu.hu\/index.php\/wp-json\/wp\/v2\/users\/3"}],"replies":[{"embeddable":true,"href":"https:\/\/altisk-mlak.edu.hu\/index.php\/wp-json\/wp\/v2\/comments?post=1142"}],"version-history":[{"count":1,"href":"https:\/\/altisk-mlak.edu.hu\/index.php\/wp-json\/wp\/v2\/posts\/1142\/revisions"}],"predecessor-version":[{"id":1145,"href":"https:\/\/altisk-mlak.edu.hu\/index.php\/wp-json\/wp\/v2\/posts\/1142\/revisions\/1145"}],"wp:attachment":[{"href":"https:\/\/altisk-mlak.edu.hu\/index.php\/wp-json\/wp\/v2\/media?parent=1142"}],"wp:term":[{"taxonomy":"category","embeddable":true,"href":"https:\/\/altisk-mlak.edu.hu\/index.php\/wp-json\/wp\/v2\/categories?post=1142"},{"taxonomy":"post_tag","embeddable":true,"href":"https:\/\/altisk-mlak.edu.hu\/index.php\/wp-json\/wp\/v2\/tags?post=1142"}],"curies":[{"name":"wp","href":"https:\/\/api.w.org\/{rel}","templated":true}]}}