{"id":1154,"date":"2022-10-13T06:13:41","date_gmt":"2022-10-13T06:13:41","guid":{"rendered":"https:\/\/altisk-mlak.edu.hu\/?p=1154"},"modified":"2022-10-13T06:13:41","modified_gmt":"2022-10-13T06:13:41","slug":"koszonetnyilvanitas","status":"publish","type":"post","link":"https:\/\/altisk-mlak.edu.hu\/index.php\/koszonetnyilvanitas\/","title":{"rendered":"K\u00f6sz\u00f6netnyilv\u00e1n\u00edt\u00e1s"},"content":{"rendered":"<p><img fetchpriority=\"high\" decoding=\"async\" class=\"aligncenter size-medium wp-image-1151\" src=\"https:\/\/altisk-mlak.edu.hu\/wp-content\/uploads\/2022\/10\/suli-300x168.jpg\" alt=\"\" width=\"300\" height=\"168\" srcset=\"https:\/\/altisk-mlak.edu.hu\/wp-content\/uploads\/2022\/10\/suli-300x168.jpg 300w, https:\/\/altisk-mlak.edu.hu\/wp-content\/uploads\/2022\/10\/suli-1024x573.jpg 1024w, https:\/\/altisk-mlak.edu.hu\/wp-content\/uploads\/2022\/10\/suli-768x430.jpg 768w, https:\/\/altisk-mlak.edu.hu\/wp-content\/uploads\/2022\/10\/suli-1536x860.jpg 1536w, https:\/\/altisk-mlak.edu.hu\/wp-content\/uploads\/2022\/10\/suli-1600x900.jpg 1600w, https:\/\/altisk-mlak.edu.hu\/wp-content\/uploads\/2022\/10\/suli.jpg 1694w\" sizes=\"(max-width: 300px) 100vw, 300px\" \/><\/p>\n<p>Tisztelt T\u00e1mogat\u00f3ink, Kedves Sz\u00fcl\u0151k!<\/p>\n<p align=\"justify\"><b>\u00d6r\u00f6mmel t\u00e1j\u00e9koztatjuk \u00d6n\u00f6ket, hogy a <\/b><b>2021. \u00e9vi SZJA 1%-os felaj\u00e1nl\u00e1s\u00e1b\u00f3l <\/b><b>a Magyarlak-Cs\u00f6r\u00f6tnek \u00c1ltal\u00e1nos Iskol\u00e1ja alap\u00edtv\u00e1nya, az <\/b><b>Egy\u00fctt a Gyermekek\u00e9rt K\u00f6zalap\u00edtv\u00e1ny <\/b><b>211.583 Ft<\/b><b> t\u00e1mogat\u00e1sban r\u00e9szes\u00fclt.<\/b><\/p>\n<p align=\"justify\"><b>Ezt az \u00f6sszeget tanul\u00f3ink iskolai \u00e9let\u00e9nek tov\u00e1bbi jobb\u00edt\u00e1s\u00e1ra ford\u00edtjuk.<\/b><\/p>\n<p align=\"justify\"><b>Seg\u00edts\u00e9g\u00fcket h\u00e1l\u00e1s sz\u00edvvel k\u00f6sz\u00f6nj\u00fck.<\/b><\/p>\n<p align=\"justify\"><i><b>Magyarlak, 2022. okt\u00f3ber 12.<\/b><\/i><\/p>\n<p align=\"justify\"><b>Tisztelettel: <\/b><\/p>\n<p align=\"justify\"><b>Mezein\u00e9 Kiss Katalin Melinda <\/b><\/p>\n<p align=\"justify\"><b>tagint\u00e9zm\u00e9ny-vezet\u0151<\/b><\/p>\n","protected":false},"excerpt":{"rendered":"<p>Tisztelt T\u00e1mogat\u00f3ink, Kedves Sz\u00fcl\u0151k! \u00d6r\u00f6mmel t\u00e1j\u00e9koztatjuk \u00d6n\u00f6ket, hogy a 2021. \u00e9vi SZJA 1%-os felaj\u00e1nl\u00e1s\u00e1b\u00f3l a Magyarlak-Cs\u00f6r\u00f6tnek \u00c1ltal\u00e1nos Iskol\u00e1ja alap\u00edtv\u00e1nya, az Egy\u00fctt a Gyermekek\u00e9rt K\u00f6zalap\u00edtv\u00e1ny 211.583 Ft t\u00e1mogat\u00e1sban r\u00e9szes\u00fclt. Ezt az \u00f6sszeget tanul\u00f3ink<a class=\"moretag\" href=\"https:\/\/altisk-mlak.edu.hu\/index.php\/koszonetnyilvanitas\/\">Read More&#8230;<\/a><\/p>\n","protected":false},"author":3,"featured_media":0,"comment_status":"closed","ping_status":"closed","sticky":false,"template":"","format":"standard","meta":{"two_page_speed":[],"footnotes":""},"categories":[1],"tags":[],"class_list":["post-1154","post","type-post","status-publish","format-standard","hentry","category-egyeb"],"_links":{"self":[{"href":"https:\/\/altisk-mlak.edu.hu\/index.php\/wp-json\/wp\/v2\/posts\/1154","targetHints":{"allow":["GET"]}}],"collection":[{"href":"https:\/\/altisk-mlak.edu.hu\/index.php\/wp-json\/wp\/v2\/posts"}],"about":[{"href":"https:\/\/altisk-mlak.edu.hu\/index.php\/wp-json\/wp\/v2\/types\/post"}],"author":[{"embeddable":true,"href":"https:\/\/altisk-mlak.edu.hu\/index.php\/wp-json\/wp\/v2\/users\/3"}],"replies":[{"embeddable":true,"href":"https:\/\/altisk-mlak.edu.hu\/index.php\/wp-json\/wp\/v2\/comments?post=1154"}],"version-history":[{"count":1,"href":"https:\/\/altisk-mlak.edu.hu\/index.php\/wp-json\/wp\/v2\/posts\/1154\/revisions"}],"predecessor-version":[{"id":1155,"href":"https:\/\/altisk-mlak.edu.hu\/index.php\/wp-json\/wp\/v2\/posts\/1154\/revisions\/1155"}],"wp:attachment":[{"href":"https:\/\/altisk-mlak.edu.hu\/index.php\/wp-json\/wp\/v2\/media?parent=1154"}],"wp:term":[{"taxonomy":"category","embeddable":true,"href":"https:\/\/altisk-mlak.edu.hu\/index.php\/wp-json\/wp\/v2\/categories?post=1154"},{"taxonomy":"post_tag","embeddable":true,"href":"https:\/\/altisk-mlak.edu.hu\/index.php\/wp-json\/wp\/v2\/tags?post=1154"}],"curies":[{"name":"wp","href":"https:\/\/api.w.org\/{rel}","templated":true}]}}