{"id":1176,"date":"2022-11-10T10:42:40","date_gmt":"2022-11-10T10:42:40","guid":{"rendered":"https:\/\/altisk-mlak.edu.hu\/?p=1176"},"modified":"2022-11-10T10:42:40","modified_gmt":"2022-11-10T10:42:40","slug":"megemlekeztunk-szent-imre-hercegrol-a-magyar-ifjusag-vedoszentjerol","status":"publish","type":"post","link":"https:\/\/altisk-mlak.edu.hu\/index.php\/megemlekeztunk-szent-imre-hercegrol-a-magyar-ifjusag-vedoszentjerol\/","title":{"rendered":"Megeml\u00e9kezt\u00fcnk Szent Imre hercegr\u0151l, a magyar ifj\u00fas\u00e1g v\u00e9d\u0151szentj\u00e9r\u0151l"},"content":{"rendered":"<p>Novemberi iskolamis\u00e9nkre egy l\u00e1gy \u0151szi naps\u00fct\u00e9ses kora d\u00e9lut\u00e1ni \u00f3r\u00e1n a r\u00f6n\u00f6ki Szent Imre templomban ker\u00fclt sor. El\u0151z\u0151 napon volt a templom b\u00facs\u00faja, ez\u00e9rt iskol\u00e1nk is a magyar ifj\u00fas\u00e1g v\u00e9d\u0151szentj\u00e9t \u00fcnnepelte. Az \u0151szi f\u00e9nyek a templomot is \u00fcnnepl\u0151be \u00f6lt\u00f6ztett\u00e9k: a hatalmas ablakokon be\u00e1radt az aranyos napf\u00e9ny, az olt\u00e1r sz\u00ednes \u00fcvegablakain ragyogva emelkedtek f\u00f6l\u00e9nk a magyar szent csal\u00e1d alakjai: Szent Imre \u00e9s sz\u00fclei, Szent Istv\u00e1n kir\u00e1ly \u00e9s Boldog Gizella kir\u00e1lyn\u00e9.<\/p>\n<table style=\"border-collapse: collapse; width: 100%;\">\n<tbody>\n<tr>\n<td style=\"width: 50%;\"><img fetchpriority=\"high\" decoding=\"async\" class=\"aligncenter wp-image-1177\" src=\"https:\/\/altisk-mlak.edu.hu\/wp-content\/uploads\/2022\/11\/Ronok1-1024x865.jpg\" alt=\"\" width=\"533\" height=\"450\" srcset=\"https:\/\/altisk-mlak.edu.hu\/wp-content\/uploads\/2022\/11\/Ronok1-1024x865.jpg 1024w, https:\/\/altisk-mlak.edu.hu\/wp-content\/uploads\/2022\/11\/Ronok1-300x253.jpg 300w, https:\/\/altisk-mlak.edu.hu\/wp-content\/uploads\/2022\/11\/Ronok1-768x649.jpg 768w, https:\/\/altisk-mlak.edu.hu\/wp-content\/uploads\/2022\/11\/Ronok1-1536x1298.jpg 1536w, https:\/\/altisk-mlak.edu.hu\/wp-content\/uploads\/2022\/11\/Ronok1.jpg 2048w\" sizes=\"(max-width: 533px) 100vw, 533px\" \/><\/td>\n<td style=\"width: 50%;\"><img decoding=\"async\" class=\"aligncenter wp-image-1178\" src=\"https:\/\/altisk-mlak.edu.hu\/wp-content\/uploads\/2022\/11\/Ronok2-1024x768.jpg\" alt=\"\" width=\"600\" height=\"450\" srcset=\"https:\/\/altisk-mlak.edu.hu\/wp-content\/uploads\/2022\/11\/Ronok2-1024x768.jpg 1024w, https:\/\/altisk-mlak.edu.hu\/wp-content\/uploads\/2022\/11\/Ronok2-300x225.jpg 300w, https:\/\/altisk-mlak.edu.hu\/wp-content\/uploads\/2022\/11\/Ronok2-768x576.jpg 768w, https:\/\/altisk-mlak.edu.hu\/wp-content\/uploads\/2022\/11\/Ronok2-1536x1152.jpg 1536w, https:\/\/altisk-mlak.edu.hu\/wp-content\/uploads\/2022\/11\/Ronok2.jpg 2048w\" sizes=\"(max-width: 600px) 100vw, 600px\" \/><\/td>\n<\/tr>\n<\/tbody>\n<\/table>\n<p>Gyula atya pr\u00e9dik\u00e1ci\u00f3j\u00e1ban h\u00e1rom dologban \u00e1ll\u00edtotta el\u00e9nk k\u00f6vetend\u0151 p\u00e9ldak\u00e9pnek Szent Imre herceget: Szent Imre szeretett im\u00e1dkozni, szeretett tanulni, \u00e9s szerette a csal\u00e1dj\u00e1t \u00e9s a n\u00e9p\u00e9t. A szentmise \u00e9nekeiben bevonul\u00e1skor a magyar szentek oltalm\u00e1t \u00e9s k\u00f6zbenj\u00e1r\u00e1s\u00e1t k\u00e9rt\u00fck, kivonul\u00e1skor pedig a r\u00e9gi magyar himnusz szavaival a Boldogs\u00e1gos Sz\u0171z M\u00e1ria, Magyarok Nagyasszonya oltalm\u00e1ba aj\u00e1nlottuk haz\u00e1nkat \u00e9s magunkat.<\/p>\n<p style=\"text-align: right;\">V\u00edz \u00c1gnes n\u0151v\u00e9r<\/p>\n","protected":false},"excerpt":{"rendered":"<p>Novemberi iskolamis\u00e9nkre egy l\u00e1gy \u0151szi naps\u00fct\u00e9ses kora d\u00e9lut\u00e1ni \u00f3r\u00e1n a r\u00f6n\u00f6ki Szent Imre templomban ker\u00fclt sor. El\u0151z\u0151 napon volt a templom b\u00facs\u00faja, ez\u00e9rt iskol\u00e1nk is a magyar ifj\u00fas\u00e1g v\u00e9d\u0151szentj\u00e9t \u00fcnnepelte. Az \u0151szi<a class=\"moretag\" href=\"https:\/\/altisk-mlak.edu.hu\/index.php\/megemlekeztunk-szent-imre-hercegrol-a-magyar-ifjusag-vedoszentjerol\/\">Read More&#8230;<\/a><\/p>\n","protected":false},"author":3,"featured_media":0,"comment_status":"closed","ping_status":"closed","sticky":false,"template":"","format":"standard","meta":{"two_page_speed":[],"footnotes":""},"categories":[1],"tags":[],"class_list":["post-1176","post","type-post","status-publish","format-standard","hentry","category-egyeb"],"_links":{"self":[{"href":"https:\/\/altisk-mlak.edu.hu\/index.php\/wp-json\/wp\/v2\/posts\/1176","targetHints":{"allow":["GET"]}}],"collection":[{"href":"https:\/\/altisk-mlak.edu.hu\/index.php\/wp-json\/wp\/v2\/posts"}],"about":[{"href":"https:\/\/altisk-mlak.edu.hu\/index.php\/wp-json\/wp\/v2\/types\/post"}],"author":[{"embeddable":true,"href":"https:\/\/altisk-mlak.edu.hu\/index.php\/wp-json\/wp\/v2\/users\/3"}],"replies":[{"embeddable":true,"href":"https:\/\/altisk-mlak.edu.hu\/index.php\/wp-json\/wp\/v2\/comments?post=1176"}],"version-history":[{"count":1,"href":"https:\/\/altisk-mlak.edu.hu\/index.php\/wp-json\/wp\/v2\/posts\/1176\/revisions"}],"predecessor-version":[{"id":1179,"href":"https:\/\/altisk-mlak.edu.hu\/index.php\/wp-json\/wp\/v2\/posts\/1176\/revisions\/1179"}],"wp:attachment":[{"href":"https:\/\/altisk-mlak.edu.hu\/index.php\/wp-json\/wp\/v2\/media?parent=1176"}],"wp:term":[{"taxonomy":"category","embeddable":true,"href":"https:\/\/altisk-mlak.edu.hu\/index.php\/wp-json\/wp\/v2\/categories?post=1176"},{"taxonomy":"post_tag","embeddable":true,"href":"https:\/\/altisk-mlak.edu.hu\/index.php\/wp-json\/wp\/v2\/tags?post=1176"}],"curies":[{"name":"wp","href":"https:\/\/api.w.org\/{rel}","templated":true}]}}