{"id":1181,"date":"2022-11-23T08:20:58","date_gmt":"2022-11-23T08:20:58","guid":{"rendered":"https:\/\/altisk-mlak.edu.hu\/?p=1181"},"modified":"2022-11-23T08:21:48","modified_gmt":"2022-11-23T08:21:48","slug":"szent-erzsebet-kovetoi","status":"publish","type":"post","link":"https:\/\/altisk-mlak.edu.hu\/index.php\/szent-erzsebet-kovetoi\/","title":{"rendered":"Szent Erzs\u00e9bet k\u00f6vet\u0151i"},"content":{"rendered":"<p style=\"text-align: justify;\">A Magyarlak-Cs\u00f6r\u00f6tnek \u00c1ltal\u00e1nos Iskol\u00e1ja mint katolikus iskola fontos feladat\u00e1nak tekinti az egyh\u00e1zi \u00fcnnepek, hagyom\u00e1nyok meg\u00e9l\u00e9s\u00e9t. A szentekr\u0151l tanulnak a gyermekek hittan- \u00e9s tan\u00f3r\u00e1kon, de a k\u00f6z\u00f6ss\u00e9gi \u00e9letet is \u00e1tsz\u00f6vik a hittel kapcsolatos tev\u00e9kenys\u00e9gek. Szent Erzs\u00e9bet napj\u00e1t id\u00e9n rendhagy\u00f3 m\u00f3don tartottuk meg.<\/p>\n<p style=\"text-align: justify;\">D\u00e9lel\u0151tt Dr. Tak\u00e1cs Gyula iskolalelk\u00e9sz l\u00e1togatott el a tagint\u00e9zm\u00e9nybe, \u00e9s besz\u00e9lt a gyermekeknek Szent Erzs\u00e9bet \u00e9let\u00e9r\u0151l \u00e9s j\u00f3t\u00e9tem\u00e9nyeir\u0151l, majd meg\u00e1ldotta a kosarakban l\u00e9v\u0151, felaj\u00e1nl\u00f3k \u00e1ltal s\u00fct\u00f6tt kal\u00e1csot \u00e9s pog\u00e1cs\u00e1t. Az atya sem \u00e9rkezett \u00fcres k\u00e9zzel, m\u00e9zeskal\u00e1ccsal kedveskedett az iskola tanul\u00f3inak \u00e9s dolgoz\u00f3inak. Ezt k\u00f6vet\u0151en a gyermeki kezek gondosan becsomagolt\u00e1k az adom\u00e1nyt, mell\u00e9 saj\u00e1t kez\u0171leg k\u00e9sz\u00edtett, Szent Erzs\u00e9betet \u00e1br\u00e1zol\u00f3 alkot\u00e1st is helyeztek, amin az al\u00e1bbi ige \u00e1llott: \u201eAz igazak \u00e9let\u00e9re gondja van az \u00darnak, \u00f6r\u00f6ks\u00e9g\u00fck megmarad \u00f6r\u00f6kre.\u201d (Zsolt 38,18) A tan\u00edt\u00e1st k\u00f6vet\u0151en a tanul\u00f3k feln\u0151tt seg\u00edt\u0151k k\u00eds\u00e9ret\u00e9ben ell\u00e1togattak \u00f6tvenn\u00e9gy egyed\u00fcl \u00e9l\u0151, magyarlaki \u00e9s cs\u00f6r\u00f6tneki id\u0151s emberhez. Minden\u00fctt \u00f6r\u00f6mmel \u00e9s meghatotts\u00e1ggal fogadt\u00e1k \u0151ket.<br \/>\nA kezdem\u00e9nyez\u00e9s f\u0151 c\u00e9lja volt: felh\u00edvni a figyelmet Szent Erzs\u00e9bet tiszta sz\u00edv\u00e9re, im\u00e1ds\u00e1gos \u00e9let\u00e9re \u00e9s \u00e1ldozatos szeretet\u00e9re. A nap sor\u00e1n a gyerekek val\u00f3ban meg\u00e9reztek valamit a szent kir\u00e1lyl\u00e1ny l\u00e9ny\u00e9b\u0151l, lelk\u00fclet\u00e9b\u0151l, \u00e9s az els\u0151 l\u00e9p\u00e9seket m\u00e1r megtett\u00e9k abba az ir\u00e1nyba, hogy k\u00f6vess\u00e9k is a p\u00e9ld\u00e1j\u00e1t. Nagy \u00f6r\u00f6m volt, amikor a szeretetcsomagok sz\u00e9toszt\u00e1s\u00e1n\u00e1l a gyerekek megfogalmazt\u00e1k:<\/p>\n<p style=\"text-align: center;\"><span style=\"font-size: 14pt;\"><strong>\u201eAz a legjobb, hogy \u00f6r\u00f6met szerz\u00fcnk m\u00e1soknak!\u201d<\/strong><\/span><\/p>\n<p style=\"text-align: justify;\">Szent Erzs\u00e9bet p\u00e9ldamutat\u00e1sa szerint a szeretet k\u00f6vetei voltak iskol\u00e1nk tanul\u00f3i. Val\u00f3ban semmire sincs nagyobb sz\u00fcks\u00e9g a mai vil\u00e1gban, mint a szeretetre!<\/p>\n<p><strong>H\u00e1l\u00e1san k\u00f6sz\u00f6ni az iskola k\u00f6z\u00f6ss\u00e9ge a Mih\u00f3k csal\u00e1d nagylelk\u0171 felaj\u00e1nl\u00e1s\u00e1t!<\/strong><\/p>\n<table style=\"border-collapse: collapse; width: 100%;\">\n<tbody>\n<tr>\n<td style=\"width: 33.3333%;\"><img fetchpriority=\"high\" decoding=\"async\" class=\"aligncenter size-large wp-image-1189\" src=\"https:\/\/altisk-mlak.edu.hu\/wp-content\/uploads\/2022\/11\/20221118_091243-1024x768.jpg\" alt=\"\" width=\"604\" height=\"453\" srcset=\"https:\/\/altisk-mlak.edu.hu\/wp-content\/uploads\/2022\/11\/20221118_091243-1024x768.jpg 1024w, https:\/\/altisk-mlak.edu.hu\/wp-content\/uploads\/2022\/11\/20221118_091243-300x225.jpg 300w, https:\/\/altisk-mlak.edu.hu\/wp-content\/uploads\/2022\/11\/20221118_091243-768x576.jpg 768w, https:\/\/altisk-mlak.edu.hu\/wp-content\/uploads\/2022\/11\/20221118_091243-1536x1152.jpg 1536w, https:\/\/altisk-mlak.edu.hu\/wp-content\/uploads\/2022\/11\/20221118_091243.jpg 2000w\" sizes=\"(max-width: 604px) 100vw, 604px\" \/><\/td>\n<td style=\"width: 33.3333%;\"><img decoding=\"async\" class=\"aligncenter size-large wp-image-1188\" src=\"https:\/\/altisk-mlak.edu.hu\/wp-content\/uploads\/2022\/11\/20221118_084640-1-1024x768.jpg\" alt=\"\" width=\"604\" height=\"453\" srcset=\"https:\/\/altisk-mlak.edu.hu\/wp-content\/uploads\/2022\/11\/20221118_084640-1-1024x768.jpg 1024w, https:\/\/altisk-mlak.edu.hu\/wp-content\/uploads\/2022\/11\/20221118_084640-1-300x225.jpg 300w, https:\/\/altisk-mlak.edu.hu\/wp-content\/uploads\/2022\/11\/20221118_084640-1-768x576.jpg 768w, https:\/\/altisk-mlak.edu.hu\/wp-content\/uploads\/2022\/11\/20221118_084640-1-1536x1152.jpg 1536w, https:\/\/altisk-mlak.edu.hu\/wp-content\/uploads\/2022\/11\/20221118_084640-1.jpg 2000w\" sizes=\"(max-width: 604px) 100vw, 604px\" \/><\/td>\n<td style=\"width: 33.3333%;\"><img decoding=\"async\" class=\"aligncenter size-large wp-image-1187\" src=\"https:\/\/altisk-mlak.edu.hu\/wp-content\/uploads\/2022\/11\/20221118_092122-1024x768.jpg\" alt=\"\" width=\"604\" height=\"453\" srcset=\"https:\/\/altisk-mlak.edu.hu\/wp-content\/uploads\/2022\/11\/20221118_092122-1024x768.jpg 1024w, https:\/\/altisk-mlak.edu.hu\/wp-content\/uploads\/2022\/11\/20221118_092122-300x225.jpg 300w, https:\/\/altisk-mlak.edu.hu\/wp-content\/uploads\/2022\/11\/20221118_092122-768x576.jpg 768w, https:\/\/altisk-mlak.edu.hu\/wp-content\/uploads\/2022\/11\/20221118_092122-1536x1152.jpg 1536w, https:\/\/altisk-mlak.edu.hu\/wp-content\/uploads\/2022\/11\/20221118_092122.jpg 2000w\" sizes=\"(max-width: 604px) 100vw, 604px\" \/><\/td>\n<\/tr>\n<tr>\n<td style=\"width: 33.3333%;\"><img loading=\"lazy\" decoding=\"async\" class=\"aligncenter size-large wp-image-1186\" src=\"https:\/\/altisk-mlak.edu.hu\/wp-content\/uploads\/2022\/11\/20221118_084213-1-1024x768.jpg\" alt=\"\" width=\"604\" height=\"453\" srcset=\"https:\/\/altisk-mlak.edu.hu\/wp-content\/uploads\/2022\/11\/20221118_084213-1-1024x768.jpg 1024w, https:\/\/altisk-mlak.edu.hu\/wp-content\/uploads\/2022\/11\/20221118_084213-1-300x225.jpg 300w, https:\/\/altisk-mlak.edu.hu\/wp-content\/uploads\/2022\/11\/20221118_084213-1-768x576.jpg 768w, https:\/\/altisk-mlak.edu.hu\/wp-content\/uploads\/2022\/11\/20221118_084213-1-1536x1152.jpg 1536w, https:\/\/altisk-mlak.edu.hu\/wp-content\/uploads\/2022\/11\/20221118_084213-1.jpg 2000w\" sizes=\"(max-width: 604px) 100vw, 604px\" \/><\/td>\n<td style=\"width: 33.3333%;\"><img loading=\"lazy\" decoding=\"async\" class=\"aligncenter size-large wp-image-1185\" src=\"https:\/\/altisk-mlak.edu.hu\/wp-content\/uploads\/2022\/11\/20221118_092908-1024x768.jpg\" alt=\"\" width=\"604\" height=\"453\" srcset=\"https:\/\/altisk-mlak.edu.hu\/wp-content\/uploads\/2022\/11\/20221118_092908-1024x768.jpg 1024w, https:\/\/altisk-mlak.edu.hu\/wp-content\/uploads\/2022\/11\/20221118_092908-300x225.jpg 300w, https:\/\/altisk-mlak.edu.hu\/wp-content\/uploads\/2022\/11\/20221118_092908-768x576.jpg 768w, https:\/\/altisk-mlak.edu.hu\/wp-content\/uploads\/2022\/11\/20221118_092908-1536x1152.jpg 1536w, https:\/\/altisk-mlak.edu.hu\/wp-content\/uploads\/2022\/11\/20221118_092908.jpg 2000w\" sizes=\"(max-width: 604px) 100vw, 604px\" \/><\/td>\n<td style=\"width: 33.3333%;\"><img loading=\"lazy\" decoding=\"async\" class=\"aligncenter size-large wp-image-1184\" src=\"https:\/\/altisk-mlak.edu.hu\/wp-content\/uploads\/2022\/11\/20221118_091221-1024x768.jpg\" alt=\"\" width=\"604\" height=\"453\" srcset=\"https:\/\/altisk-mlak.edu.hu\/wp-content\/uploads\/2022\/11\/20221118_091221-1024x768.jpg 1024w, https:\/\/altisk-mlak.edu.hu\/wp-content\/uploads\/2022\/11\/20221118_091221-300x225.jpg 300w, https:\/\/altisk-mlak.edu.hu\/wp-content\/uploads\/2022\/11\/20221118_091221-768x576.jpg 768w, https:\/\/altisk-mlak.edu.hu\/wp-content\/uploads\/2022\/11\/20221118_091221-1536x1152.jpg 1536w, https:\/\/altisk-mlak.edu.hu\/wp-content\/uploads\/2022\/11\/20221118_091221.jpg 2000w\" sizes=\"(max-width: 604px) 100vw, 604px\" \/><\/td>\n<\/tr>\n<\/tbody>\n<\/table>\n","protected":false},"excerpt":{"rendered":"<p>A Magyarlak-Cs\u00f6r\u00f6tnek \u00c1ltal\u00e1nos Iskol\u00e1ja mint katolikus iskola fontos feladat\u00e1nak tekinti az egyh\u00e1zi \u00fcnnepek, hagyom\u00e1nyok meg\u00e9l\u00e9s\u00e9t. A szentekr\u0151l tanulnak a gyermekek hittan- \u00e9s tan\u00f3r\u00e1kon, de a k\u00f6z\u00f6ss\u00e9gi \u00e9letet is \u00e1tsz\u00f6vik a hittel kapcsolatos<a class=\"moretag\" href=\"https:\/\/altisk-mlak.edu.hu\/index.php\/szent-erzsebet-kovetoi\/\">Read More&#8230;<\/a><\/p>\n","protected":false},"author":3,"featured_media":0,"comment_status":"closed","ping_status":"closed","sticky":false,"template":"","format":"standard","meta":{"two_page_speed":[],"footnotes":""},"categories":[1],"tags":[],"class_list":["post-1181","post","type-post","status-publish","format-standard","hentry","category-egyeb"],"_links":{"self":[{"href":"https:\/\/altisk-mlak.edu.hu\/index.php\/wp-json\/wp\/v2\/posts\/1181","targetHints":{"allow":["GET"]}}],"collection":[{"href":"https:\/\/altisk-mlak.edu.hu\/index.php\/wp-json\/wp\/v2\/posts"}],"about":[{"href":"https:\/\/altisk-mlak.edu.hu\/index.php\/wp-json\/wp\/v2\/types\/post"}],"author":[{"embeddable":true,"href":"https:\/\/altisk-mlak.edu.hu\/index.php\/wp-json\/wp\/v2\/users\/3"}],"replies":[{"embeddable":true,"href":"https:\/\/altisk-mlak.edu.hu\/index.php\/wp-json\/wp\/v2\/comments?post=1181"}],"version-history":[{"count":2,"href":"https:\/\/altisk-mlak.edu.hu\/index.php\/wp-json\/wp\/v2\/posts\/1181\/revisions"}],"predecessor-version":[{"id":1191,"href":"https:\/\/altisk-mlak.edu.hu\/index.php\/wp-json\/wp\/v2\/posts\/1181\/revisions\/1191"}],"wp:attachment":[{"href":"https:\/\/altisk-mlak.edu.hu\/index.php\/wp-json\/wp\/v2\/media?parent=1181"}],"wp:term":[{"taxonomy":"category","embeddable":true,"href":"https:\/\/altisk-mlak.edu.hu\/index.php\/wp-json\/wp\/v2\/categories?post=1181"},{"taxonomy":"post_tag","embeddable":true,"href":"https:\/\/altisk-mlak.edu.hu\/index.php\/wp-json\/wp\/v2\/tags?post=1181"}],"curies":[{"name":"wp","href":"https:\/\/api.w.org\/{rel}","templated":true}]}}