{"id":1193,"date":"2022-12-02T12:53:12","date_gmt":"2022-12-02T12:53:12","guid":{"rendered":"https:\/\/altisk-mlak.edu.hu\/?p=1193"},"modified":"2022-12-08T11:10:09","modified_gmt":"2022-12-08T11:10:09","slug":"iskolai-betekinto","status":"publish","type":"post","link":"https:\/\/altisk-mlak.edu.hu\/index.php\/iskolai-betekinto\/","title":{"rendered":"Iskolai betekint\u0151"},"content":{"rendered":"<p><img fetchpriority=\"high\" decoding=\"async\" class=\"aligncenter size-full wp-image-1194\" src=\"https:\/\/altisk-mlak.edu.hu\/wp-content\/uploads\/2022\/12\/isk_betekinto.png\" alt=\"\" width=\"995\" height=\"715\" srcset=\"https:\/\/altisk-mlak.edu.hu\/wp-content\/uploads\/2022\/12\/isk_betekinto.png 995w, https:\/\/altisk-mlak.edu.hu\/wp-content\/uploads\/2022\/12\/isk_betekinto-300x216.png 300w, https:\/\/altisk-mlak.edu.hu\/wp-content\/uploads\/2022\/12\/isk_betekinto-768x552.png 768w\" sizes=\"(max-width: 995px) 100vw, 995px\" \/><\/p>\n<p class=\"western\" align=\"justify\"><span style=\"color: #ff0000\"><span style=\"font-size: x-large\"><b>Szeretettel h\u00edvjuk a nagycsoportos gyermekeket \u00e9s sz\u00fcleiket az iskolai betekint\u0151re 2022. december 10-\u00e9n, szombaton. A program id\u0151tartama: 9.00-10.30 \u00f3ra.<\/b><\/span><\/span><\/p>\n<p class=\"western\" align=\"justify\"><span style=\"color: #00b0f0\"><span style=\"font-size: xx-large\">Mesesarok, adventi k\u00e9zm\u0171ves \u00e9s zen\u00e9s foglalkoz\u00e1s, sulib\u00fcf\u00e9 v\u00e1rja az \u00e9rdekl\u0151d\u0151ket.<\/span><\/span><\/p>\n<p class=\"western\" style=\"text-align: right\" align=\"justify\"><span style=\"color: #ff0000\"><span style=\"font-size: large\"><b>Szent Gotth\u00e1rd \u00c1ltal\u00e1nos Iskola \u00e9s Gimn\u00e1zium<\/b><\/span><\/span><\/p>\n<p class=\"western\" style=\"text-align: right\" align=\"justify\"><span style=\"color: #ff0000\"><span style=\"font-size: large\"><b>Magyarlak-Cs\u00f6r\u00f6tnek \u00c1ltal\u00e1nos Iskol\u00e1ja<\/b><\/span><\/span><\/p>\n<p>&nbsp;<\/p>\n<p>&nbsp;<\/p>\n","protected":false},"excerpt":{"rendered":"<p>Szeretettel h\u00edvjuk a nagycsoportos gyermekeket \u00e9s sz\u00fcleiket az iskolai betekint\u0151re 2022. december 10-\u00e9n, szombaton. A program id\u0151tartama: 9.00-10.30 \u00f3ra. Mesesarok, adventi k\u00e9zm\u0171ves \u00e9s zen\u00e9s foglalkoz\u00e1s, sulib\u00fcf\u00e9 v\u00e1rja az \u00e9rdekl\u0151d\u0151ket. Szent Gotth\u00e1rd \u00c1ltal\u00e1nos<a class=\"moretag\" href=\"https:\/\/altisk-mlak.edu.hu\/index.php\/iskolai-betekinto\/\">Read More&#8230;<\/a><\/p>\n","protected":false},"author":3,"featured_media":0,"comment_status":"closed","ping_status":"closed","sticky":false,"template":"","format":"standard","meta":{"two_page_speed":null,"footnotes":""},"categories":[1],"tags":[],"class_list":["post-1193","post","type-post","status-publish","format-standard","hentry","category-egyeb"],"_links":{"self":[{"href":"https:\/\/altisk-mlak.edu.hu\/index.php\/wp-json\/wp\/v2\/posts\/1193","targetHints":{"allow":["GET"]}}],"collection":[{"href":"https:\/\/altisk-mlak.edu.hu\/index.php\/wp-json\/wp\/v2\/posts"}],"about":[{"href":"https:\/\/altisk-mlak.edu.hu\/index.php\/wp-json\/wp\/v2\/types\/post"}],"author":[{"embeddable":true,"href":"https:\/\/altisk-mlak.edu.hu\/index.php\/wp-json\/wp\/v2\/users\/3"}],"replies":[{"embeddable":true,"href":"https:\/\/altisk-mlak.edu.hu\/index.php\/wp-json\/wp\/v2\/comments?post=1193"}],"version-history":[{"count":2,"href":"https:\/\/altisk-mlak.edu.hu\/index.php\/wp-json\/wp\/v2\/posts\/1193\/revisions"}],"predecessor-version":[{"id":1196,"href":"https:\/\/altisk-mlak.edu.hu\/index.php\/wp-json\/wp\/v2\/posts\/1193\/revisions\/1196"}],"wp:attachment":[{"href":"https:\/\/altisk-mlak.edu.hu\/index.php\/wp-json\/wp\/v2\/media?parent=1193"}],"wp:term":[{"taxonomy":"category","embeddable":true,"href":"https:\/\/altisk-mlak.edu.hu\/index.php\/wp-json\/wp\/v2\/categories?post=1193"},{"taxonomy":"post_tag","embeddable":true,"href":"https:\/\/altisk-mlak.edu.hu\/index.php\/wp-json\/wp\/v2\/tags?post=1193"}],"curies":[{"name":"wp","href":"https:\/\/api.w.org\/{rel}","templated":true}]}}