{"id":1202,"date":"2022-12-08T11:32:21","date_gmt":"2022-12-08T11:32:21","guid":{"rendered":"https:\/\/altisk-mlak.edu.hu\/?p=1202"},"modified":"2022-12-08T12:52:45","modified_gmt":"2022-12-08T12:52:45","slug":"az-angyalok-koztunk-elnek","status":"publish","type":"post","link":"https:\/\/altisk-mlak.edu.hu\/index.php\/az-angyalok-koztunk-elnek\/","title":{"rendered":"Az angyalok k\u00f6zt\u00fcnk \u00e9lnek"},"content":{"rendered":"<p align=\"center\"><span style=\"font-family: Times New Roman, serif\"><span style=\"font-size: medium\">L\u00e9lekmeleg\u00edt\u0151 p\u00e1lyaorient\u00e1ci\u00f3s nap<\/span><\/span><\/p>\n<p align=\"justify\"><span style=\"font-family: Times New Roman, serif\">A 2022\/2023. tan\u00e9v p\u00e1lyaorient\u00e1ci\u00f3s napj\u00e1nak november 17-ei programj\u00e1t m\u00e1r j\u00faniusban r\u00f6gz\u00edtett\u00fck. A Nemzeti Agr\u00e1rgazdas\u00e1gi Kamara \u00e1ltal szervezett, a Kisalf\u00f6ldi ASzC V\u00e9pi Mez\u0151gazdas\u00e1gi Technikum, Szakk\u00e9pz\u0151 Iskola \u00e9s Koll\u00e9gium ban megrendez\u00e9sre ker\u00fcl\u0151, mez\u0151gazdas\u00e1gi g\u00e9p\u00e9sz \u00e9s kistermel\u0151-\u00e9lelmiszerel\u0151\u00e1ll\u00edt\u00f3 szakm\u00e1t n\u00e9pszer\u0171s\u00edt\u0151 p\u00e1lyaorient\u00e1ci\u00f3s programnapra regisztr\u00e1ltuk fels\u0151 tagozatos tanul\u00f3inkat. November 8-\u00e1n a szervez\u0151k t\u00e1j\u00e9koztattak benn\u00fcnket, hogy a tervezett \u00fatvonal megn\u00f6vekedett sz\u00e1ll\u00edt\u00e1si k\u00f6lts\u00e9gei miatt egy kisebb f\u00e9r\u0151helyes buszt tudnak biztos\u00edtani, teh\u00e1t csak a 7. \u00e9s 8. \u00e9vfolyam tanul\u00f3inak a sz\u00e1ll\u00edt\u00e1s\u00e1t tudj\u00e1k megoldani.<\/span><\/p>\n<p align=\"justify\"><span style=\"font-family: Times New Roman, serif\">Alig egy h\u00e9t maradt a p\u00e1lyaorient\u00e1ci\u00f3s nap \u00faj tartalommal val\u00f3 megt\u00f6lt\u00e9s\u00e9re. Kicsit k\u00e9ts\u00e9gbe estem. Nem szerettem volna csal\u00f3d\u00e1st okozni a gyerekeknek. Mivel a hatodikosok k\u00f6z\u00fcl t\u00f6bben \u00e9rdekl\u0151dnek a cukr\u00e1sz \u00e9s a fodr\u00e1sz szakma ir\u00e1nt, megkerestem a k\u00f6rny\u00e9ken \u00fczemel\u0151 cukr\u00e1szd\u00e1t. \u0150k sajnos nem tudtak benn\u00fcnket fogadni. A kudarc tov\u00e1bb fokozta k\u00e9ts\u00e9gbees\u00e9semet. Ekkor egy l\u00e1tsz\u00f3lag elk\u00e9peszt\u0151 \u00f6tletem t\u00e1madt. Megpr\u00f3b\u00e1lom felvenni a kapcsolatot a k\u00f6rmendi Mini Cukr\u00e1szda vezet\u0151j\u00e9vel. Pappn\u00e9 Horv\u00e1th Ildik\u00f3 cukr\u00e1szmester azonnal igent mondott a k\u00e9r\u00e9semre. Csod\u00e1latos. Most m\u00e1r csak egy fodr\u00e1szt kellett tal\u00e1lnom K\u00f6rmenden, aki sz\u00edvesen fogadja a fodr\u00e1sz szakma ir\u00e1nt \u00e9rdekl\u0151d\u0151 gyerekeket. Hihetetlen, de siker\u00fclt. P\u00f3czek Katalin szint\u00e9n azonnal igent mondott. Ez \u00fajabb csoda volt. <\/span><\/p>\n<p align=\"justify\"><span style=\"font-family: Times New Roman, serif\">Nem mondom, hogy minden izgalom \u00e9s f\u00e9lelem n\u00e9lk\u00fcl sz\u00e1lltam fel a K\u00f6rmendre tart\u00f3 aut\u00f3buszra a gyerekekkel, de a telefonbesz\u00e9lget\u00e9sek bizakod\u00f3v\u00e1 tettek. Kedves, seg\u00edt\u0151k\u00e9sz emberekkel fogunk tal\u00e1lkozni. A val\u00f3s\u00e1g minden elk\u00e9pzel\u00e9semet fel\u00fclm\u00falta. <\/span><\/p>\n<p align=\"justify\"><span style=\"font-family: Times New Roman, serif\">P\u00f3czek Kati \u00e9s vend\u00e9gei seg\u00edt\u0151k\u00e9szek, t\u00fcrelmesek voltak. Kati munka k\u00f6zben mes\u00e9lt a fodr\u00e1sz szakm\u00e1hoz sz\u00fcks\u00e9ges k\u00e9pess\u00e9gekr\u0151l, a tanul\u00f3\u00e9vekr\u0151l, a szakm\u00e1ja sz\u00e9ps\u00e9geir\u0151l, de nem titkolta annak neh\u00e9zs\u00e9geit sem. Megtudtuk t\u0151le, hogy az eddig barn\u00e1nak hitt hajunk nem is barna, illetve mi\u00e9rt fontos egy fodr\u00e1sz sz\u00e1m\u00e1ra a k\u00e9mia \u00e9s a fizika tant\u00e1rgy, a j\u00f3 kommunik\u00e1ci\u00f3s k\u00e9szs\u00e9g, az emp\u00e1tia. K\u00f6zben k\u00e9t vend\u00e9ge a szem\u00fcnk l\u00e1tt\u00e1ra sz\u00e9p\u00fclt. K\u00f6sz\u00f6nj\u00fck nekik \u00e9s Katinak a kedvess\u00e9g\u00fcket, t\u00fcrelm\u00fcket \u00e9s Katinak az aj\u00e1nd\u00e9kokat is. Igen. \u0150 erre is gondolt. A l\u00e1nyokat megaj\u00e1nd\u00e9kozta tollal, haj\u00e1pol\u00e1si term\u00e9kmint\u00e1kkal, csatokkal \u00e9s k\u00f6r\u00f6mmatric\u00e1kkal. <\/span><\/p>\n<p align=\"justify\"><span style=\"font-family: Times New Roman, serif\">A fodr\u00e1szat ut\u00e1n a Mini Cukr\u00e1szda cukr\u00e1szm\u0171hely\u00e9be l\u00e1togattunk el, ahol Pappn\u00e9 Horv\u00e1th Ildik\u00f3, a cukr\u00e1szda vezet\u0151je szint\u00e9n nagy vend\u00e9gszeretettel fogadott benn\u00fcnket \u00e9s mes\u00e9lt a c\u00e9g t\u00f6rt\u00e9net\u00e9r\u0151l, bemutatta a rakt\u00e1rban tal\u00e1lhat\u00f3 alapanyagokat, k\u00f6rbevezetett az \u00fczemen \u00e9s megengedte, hogy a gyerekek van\u00edli\u00e1s kiflit k\u00e9sz\u00edtsenek, marcip\u00e1nvir\u00e1gokat form\u00e1zzanak. Sok- sok teend\u0151je ellen\u00e9re m\u00e9g az \u00fczletbe is elk\u00eds\u00e9rte kis csapatunkat, ahol egy-egy szelet, \u00e1ltalunk v\u00e1lasztott s\u00fctem\u00e9nnyel \u00e9s \u00fcd\u00edt\u0151vel is megvend\u00e9gelt benn\u00fcnket. Mikor elk\u00f6sz\u00f6nt t\u0151l\u00fcnk felaj\u00e1nlotta, hogy sz\u00edvesen ell\u00e1togat \u0151 is az iskol\u00e1nkba \u00e9s seg\u00edt a p\u00e1lyav\u00e1laszt\u00e1s el\u0151tt \u00e1ll\u00f3 gyerekeknek bemutatni a cukr\u00e1sz szakm\u00e1t, illetve az \u00fczemre k\u00edv\u00e1ncsi \u00e9rdekl\u0151d\u0151ket is sz\u00edvesen fogadja. <\/span><\/p>\n<p align=\"justify\"><span style=\"font-family: Times New Roman, serif\">K\u00f6sz\u00f6n\u00f6m P\u00f3czek Katalinnak, Pappn\u00e9 Horv\u00e1th Ildik\u00f3nak, tov\u00e1bb\u00e1 a cukr\u00e1sz\u00fczem \u00e9s a Mini Cukr\u00e1szda dolgoz\u00f3inak ezt a csod\u00e1latos, \u00e9lm\u00e9nyekben gazdag, l\u00e9lekmeleg\u00edt\u0151 napot.<\/span><\/p>\n<p style=\"text-align: right\" align=\"justify\"><i>Kov\u00e1cs Zsuzsanna<\/i><\/p>\n<p><img fetchpriority=\"high\" decoding=\"async\" class=\"aligncenter wp-image-1204 size-medium\" src=\"https:\/\/altisk-mlak.edu.hu\/wp-content\/uploads\/2022\/12\/angyal1-225x300.jpg\" alt=\"\" width=\"225\" height=\"300\" srcset=\"https:\/\/altisk-mlak.edu.hu\/wp-content\/uploads\/2022\/12\/angyal1-225x300.jpg 225w, https:\/\/altisk-mlak.edu.hu\/wp-content\/uploads\/2022\/12\/angyal1-768x1024.jpg 768w, https:\/\/altisk-mlak.edu.hu\/wp-content\/uploads\/2022\/12\/angyal1-450x600.jpg 450w, https:\/\/altisk-mlak.edu.hu\/wp-content\/uploads\/2022\/12\/angyal1.jpg 1080w\" sizes=\"(max-width: 225px) 100vw, 225px\" \/><\/p>\n<table style=\"border-collapse: collapse;width: 100%\">\n<tbody>\n<tr>\n<td style=\"width: 50%\"><img decoding=\"async\" class=\"aligncenter size-large wp-image-1206\" src=\"https:\/\/altisk-mlak.edu.hu\/wp-content\/uploads\/2022\/12\/angyal3-1024x768.jpg\" alt=\"\" width=\"604\" height=\"453\" srcset=\"https:\/\/altisk-mlak.edu.hu\/wp-content\/uploads\/2022\/12\/angyal3-1024x768.jpg 1024w, https:\/\/altisk-mlak.edu.hu\/wp-content\/uploads\/2022\/12\/angyal3-300x225.jpg 300w, https:\/\/altisk-mlak.edu.hu\/wp-content\/uploads\/2022\/12\/angyal3-768x576.jpg 768w, https:\/\/altisk-mlak.edu.hu\/wp-content\/uploads\/2022\/12\/angyal3-600x450.jpg 600w, https:\/\/altisk-mlak.edu.hu\/wp-content\/uploads\/2022\/12\/angyal3.jpg 1387w\" sizes=\"(max-width: 604px) 100vw, 604px\" \/><\/td>\n<td style=\"width: 50%\"><img decoding=\"async\" class=\"aligncenter size-large wp-image-1207\" src=\"https:\/\/altisk-mlak.edu.hu\/wp-content\/uploads\/2022\/12\/angyal4-1024x768.jpg\" alt=\"\" width=\"604\" height=\"453\" srcset=\"https:\/\/altisk-mlak.edu.hu\/wp-content\/uploads\/2022\/12\/angyal4-1024x768.jpg 1024w, https:\/\/altisk-mlak.edu.hu\/wp-content\/uploads\/2022\/12\/angyal4-300x225.jpg 300w, https:\/\/altisk-mlak.edu.hu\/wp-content\/uploads\/2022\/12\/angyal4-768x576.jpg 768w, https:\/\/altisk-mlak.edu.hu\/wp-content\/uploads\/2022\/12\/angyal4-600x450.jpg 600w, https:\/\/altisk-mlak.edu.hu\/wp-content\/uploads\/2022\/12\/angyal4.jpg 1387w\" sizes=\"(max-width: 604px) 100vw, 604px\" \/><\/td>\n<\/tr>\n<tr>\n<td style=\"width: 50%\"><img loading=\"lazy\" decoding=\"async\" class=\"aligncenter size-large wp-image-1208\" src=\"https:\/\/altisk-mlak.edu.hu\/wp-content\/uploads\/2022\/12\/angyal5-1024x768.jpg\" alt=\"\" width=\"604\" height=\"453\" srcset=\"https:\/\/altisk-mlak.edu.hu\/wp-content\/uploads\/2022\/12\/angyal5-1024x768.jpg 1024w, https:\/\/altisk-mlak.edu.hu\/wp-content\/uploads\/2022\/12\/angyal5-300x225.jpg 300w, https:\/\/altisk-mlak.edu.hu\/wp-content\/uploads\/2022\/12\/angyal5-768x576.jpg 768w, https:\/\/altisk-mlak.edu.hu\/wp-content\/uploads\/2022\/12\/angyal5-600x450.jpg 600w, https:\/\/altisk-mlak.edu.hu\/wp-content\/uploads\/2022\/12\/angyal5.jpg 1387w\" sizes=\"(max-width: 604px) 100vw, 604px\" \/><\/td>\n<td style=\"width: 50%\"><img loading=\"lazy\" decoding=\"async\" class=\"aligncenter size-large wp-image-1205\" src=\"https:\/\/altisk-mlak.edu.hu\/wp-content\/uploads\/2022\/12\/angyal2-1024x768.jpg\" alt=\"\" width=\"604\" height=\"453\" srcset=\"https:\/\/altisk-mlak.edu.hu\/wp-content\/uploads\/2022\/12\/angyal2-1024x768.jpg 1024w, https:\/\/altisk-mlak.edu.hu\/wp-content\/uploads\/2022\/12\/angyal2-300x225.jpg 300w, https:\/\/altisk-mlak.edu.hu\/wp-content\/uploads\/2022\/12\/angyal2-768x576.jpg 768w, https:\/\/altisk-mlak.edu.hu\/wp-content\/uploads\/2022\/12\/angyal2-600x450.jpg 600w, https:\/\/altisk-mlak.edu.hu\/wp-content\/uploads\/2022\/12\/angyal2.jpg 1387w\" sizes=\"(max-width: 604px) 100vw, 604px\" \/><\/td>\n<\/tr>\n<\/tbody>\n<\/table>\n<p>&nbsp;<\/p>\n","protected":false},"excerpt":{"rendered":"<p>L\u00e9lekmeleg\u00edt\u0151 p\u00e1lyaorient\u00e1ci\u00f3s nap A 2022\/2023. tan\u00e9v p\u00e1lyaorient\u00e1ci\u00f3s napj\u00e1nak november 17-ei programj\u00e1t m\u00e1r j\u00faniusban r\u00f6gz\u00edtett\u00fck. A Nemzeti Agr\u00e1rgazdas\u00e1gi Kamara \u00e1ltal szervezett, a Kisalf\u00f6ldi ASzC V\u00e9pi Mez\u0151gazdas\u00e1gi Technikum, Szakk\u00e9pz\u0151 Iskola \u00e9s Koll\u00e9gium ban megrendez\u00e9sre<a class=\"moretag\" href=\"https:\/\/altisk-mlak.edu.hu\/index.php\/az-angyalok-koztunk-elnek\/\">Read More&#8230;<\/a><\/p>\n","protected":false},"author":3,"featured_media":0,"comment_status":"closed","ping_status":"closed","sticky":false,"template":"","format":"standard","meta":{"two_page_speed":[],"footnotes":""},"categories":[1],"tags":[],"class_list":["post-1202","post","type-post","status-publish","format-standard","hentry","category-egyeb"],"_links":{"self":[{"href":"https:\/\/altisk-mlak.edu.hu\/index.php\/wp-json\/wp\/v2\/posts\/1202","targetHints":{"allow":["GET"]}}],"collection":[{"href":"https:\/\/altisk-mlak.edu.hu\/index.php\/wp-json\/wp\/v2\/posts"}],"about":[{"href":"https:\/\/altisk-mlak.edu.hu\/index.php\/wp-json\/wp\/v2\/types\/post"}],"author":[{"embeddable":true,"href":"https:\/\/altisk-mlak.edu.hu\/index.php\/wp-json\/wp\/v2\/users\/3"}],"replies":[{"embeddable":true,"href":"https:\/\/altisk-mlak.edu.hu\/index.php\/wp-json\/wp\/v2\/comments?post=1202"}],"version-history":[{"count":2,"href":"https:\/\/altisk-mlak.edu.hu\/index.php\/wp-json\/wp\/v2\/posts\/1202\/revisions"}],"predecessor-version":[{"id":1210,"href":"https:\/\/altisk-mlak.edu.hu\/index.php\/wp-json\/wp\/v2\/posts\/1202\/revisions\/1210"}],"wp:attachment":[{"href":"https:\/\/altisk-mlak.edu.hu\/index.php\/wp-json\/wp\/v2\/media?parent=1202"}],"wp:term":[{"taxonomy":"category","embeddable":true,"href":"https:\/\/altisk-mlak.edu.hu\/index.php\/wp-json\/wp\/v2\/categories?post=1202"},{"taxonomy":"post_tag","embeddable":true,"href":"https:\/\/altisk-mlak.edu.hu\/index.php\/wp-json\/wp\/v2\/tags?post=1202"}],"curies":[{"name":"wp","href":"https:\/\/api.w.org\/{rel}","templated":true}]}}