{"id":1215,"date":"2022-12-08T13:32:21","date_gmt":"2022-12-08T13:32:21","guid":{"rendered":"https:\/\/altisk-mlak.edu.hu\/?p=1215"},"modified":"2022-12-09T08:59:27","modified_gmt":"2022-12-09T08:59:27","slug":"egeszsegnapi-program","status":"publish","type":"post","link":"https:\/\/altisk-mlak.edu.hu\/index.php\/egeszsegnapi-program\/","title":{"rendered":"Eg\u00e9szs\u00e9gnapi program"},"content":{"rendered":"<p style=\"text-align: justify\"><img fetchpriority=\"high\" decoding=\"async\" class=\"aligncenter wp-image-1218 size-medium\" src=\"https:\/\/altisk-mlak.edu.hu\/wp-content\/uploads\/2022\/12\/Egeszsegnap-169x300.jpg\" alt=\"\" width=\"169\" height=\"300\" srcset=\"https:\/\/altisk-mlak.edu.hu\/wp-content\/uploads\/2022\/12\/Egeszsegnap-169x300.jpg 169w, https:\/\/altisk-mlak.edu.hu\/wp-content\/uploads\/2022\/12\/Egeszsegnap-576x1024.jpg 576w, https:\/\/altisk-mlak.edu.hu\/wp-content\/uploads\/2022\/12\/Egeszsegnap-768x1365.jpg 768w, https:\/\/altisk-mlak.edu.hu\/wp-content\/uploads\/2022\/12\/Egeszsegnap-864x1536.jpg 864w, https:\/\/altisk-mlak.edu.hu\/wp-content\/uploads\/2022\/12\/Egeszsegnap-1153x2048.jpg 1153w, https:\/\/altisk-mlak.edu.hu\/wp-content\/uploads\/2022\/12\/Egeszsegnap-338x600.jpg 338w, https:\/\/altisk-mlak.edu.hu\/wp-content\/uploads\/2022\/12\/Egeszsegnap-scaled.jpg 1441w\" sizes=\"(max-width: 169px) 100vw, 169px\" \/>November az eg\u00e9szs\u00e9g h\u00f3napja. Az idei \u00e9vben a szentgotth\u00e1rdi Eg\u00e9szs\u00e9gfejleszt\u00e9si Iroda (EFI) munkat\u00e1rsai l\u00e1togattak el a di\u00e1kokhoz \u00e9s \u00e1llapotfelm\u00e9r\u00e9st v\u00e9geztek. Sok \u00e9rdekes m\u00e9r\u0151eszk\u00f6z ker\u00fclt el\u0151 a dobozaikb\u00f3l. A felm\u00e9r\u00e9s egy eg\u00e9szs\u00e9g\u00fcgyi nyomonk\u00f6vet\u00e9s r\u00e9sze, hisz sok gyermek vett m\u00e1r r\u00e9szt test\u00f6sszet\u00e9teli m\u00e9r\u00e9seken a tavalyi \u00e9vben is. A szakemberek megm\u00e9rt\u00e9k a magass\u00e1got, s\u00falyt, v\u00e9rnyom\u00e1st \u00e9s izomer\u0151t, BMI indexet sz\u00e1moltak. Igyekeztek az iroda munkat\u00e1rsai vid\u00e1mm\u00e1, oldott\u00e1 tenni a folyamatot, senkinek ne legyen rossz \u00e9lm\u00e9nye.<br \/>\nTerm\u00e9szetesen a modern eszk\u00f6z\u00f6kkel v\u00e9gzett m\u00e9r\u00e9sek senkinek sem f\u00e1jtak, kicsit kellett csak figyelni \u00e9s minden megvolt pillanatok alatt. \u00c9rdekes volt \u00f6sszehasonl\u00edtani, ki mennyit n\u0151tt egy \u00e9v alatt magass\u00e1gra, s\u00falyra. Esetleg ki nem v\u00e1ltozott. A program v\u00e9g\u00e9n mindenki megkapta az \u00e9rt\u00e9kel\u0151lapot \u00e9s hazavihette tov\u00e1bbi tanulm\u00e1nyoz\u00e1s c\u00e9lj\u00e1ra.<br \/>\n\u00d6r\u00fcln\u00e9nk neki, ha j\u00f6v\u0151re is r\u00e9szt vehetn\u00e9k ezen a programon!<\/p>\n<p style=\"text-align: right\">H\u00e1rin\u00e9 D\u00fch Katalin<\/p>\n","protected":false},"excerpt":{"rendered":"<p>November az eg\u00e9szs\u00e9g h\u00f3napja. Az idei \u00e9vben a szentgotth\u00e1rdi Eg\u00e9szs\u00e9gfejleszt\u00e9si Iroda (EFI) munkat\u00e1rsai l\u00e1togattak el a di\u00e1kokhoz \u00e9s \u00e1llapotfelm\u00e9r\u00e9st v\u00e9geztek. Sok \u00e9rdekes m\u00e9r\u0151eszk\u00f6z ker\u00fclt el\u0151 a dobozaikb\u00f3l. A felm\u00e9r\u00e9s egy eg\u00e9szs\u00e9g\u00fcgyi nyomonk\u00f6vet\u00e9s<a class=\"moretag\" href=\"https:\/\/altisk-mlak.edu.hu\/index.php\/egeszsegnapi-program\/\">Read More&#8230;<\/a><\/p>\n","protected":false},"author":3,"featured_media":0,"comment_status":"closed","ping_status":"closed","sticky":false,"template":"","format":"standard","meta":{"two_page_speed":[],"footnotes":""},"categories":[1],"tags":[],"class_list":["post-1215","post","type-post","status-publish","format-standard","hentry","category-egyeb"],"_links":{"self":[{"href":"https:\/\/altisk-mlak.edu.hu\/index.php\/wp-json\/wp\/v2\/posts\/1215","targetHints":{"allow":["GET"]}}],"collection":[{"href":"https:\/\/altisk-mlak.edu.hu\/index.php\/wp-json\/wp\/v2\/posts"}],"about":[{"href":"https:\/\/altisk-mlak.edu.hu\/index.php\/wp-json\/wp\/v2\/types\/post"}],"author":[{"embeddable":true,"href":"https:\/\/altisk-mlak.edu.hu\/index.php\/wp-json\/wp\/v2\/users\/3"}],"replies":[{"embeddable":true,"href":"https:\/\/altisk-mlak.edu.hu\/index.php\/wp-json\/wp\/v2\/comments?post=1215"}],"version-history":[{"count":4,"href":"https:\/\/altisk-mlak.edu.hu\/index.php\/wp-json\/wp\/v2\/posts\/1215\/revisions"}],"predecessor-version":[{"id":1221,"href":"https:\/\/altisk-mlak.edu.hu\/index.php\/wp-json\/wp\/v2\/posts\/1215\/revisions\/1221"}],"wp:attachment":[{"href":"https:\/\/altisk-mlak.edu.hu\/index.php\/wp-json\/wp\/v2\/media?parent=1215"}],"wp:term":[{"taxonomy":"category","embeddable":true,"href":"https:\/\/altisk-mlak.edu.hu\/index.php\/wp-json\/wp\/v2\/categories?post=1215"},{"taxonomy":"post_tag","embeddable":true,"href":"https:\/\/altisk-mlak.edu.hu\/index.php\/wp-json\/wp\/v2\/tags?post=1215"}],"curies":[{"name":"wp","href":"https:\/\/api.w.org\/{rel}","templated":true}]}}