{"id":1222,"date":"2022-12-09T09:09:50","date_gmt":"2022-12-09T09:09:50","guid":{"rendered":"https:\/\/altisk-mlak.edu.hu\/?p=1222"},"modified":"2022-12-09T09:13:15","modified_gmt":"2022-12-09T09:13:15","slug":"szavaloverseny-a-mora-konyvtarban","status":"publish","type":"post","link":"https:\/\/altisk-mlak.edu.hu\/index.php\/szavaloverseny-a-mora-konyvtarban\/","title":{"rendered":"Szaval\u00f3verseny a M\u00f3ra K\u00f6nyvt\u00e1rban"},"content":{"rendered":"<p align=\"justify\"><span style=\"font-family: Times New Roman, serif\"><span style=\"font-size: medium\">A szentgotth\u00e1rdi M\u00f3ra Ferenc V\u00e1rosi K\u00f6nyvt\u00e1r ism\u00e9t versmond\u00f3 versenyre h\u00edvta az iskol\u00e1sokat. Ebben az \u00e9vben koroszt\u00e1lyonk\u00e9nt hirdett\u00e9k meg a versenyt, \u00edgy a legkisebbek k\u00f6z\u00fcl Horv\u00e1th Zita els\u0151 oszt\u00e1lyos, Doncsecz Vanda, Tak\u00e1cs D\u00e1vid m\u00e1sodik oszt\u00e1lyos tanul\u00f3k k\u00e9pviselt\u00e9k iskol\u00e1nkat. <\/span><\/span><\/p>\n<p align=\"justify\"><span style=\"font-family: Times New Roman, serif\"><span style=\"font-size: medium\">Nagyon sok sz\u00e9p verset hallhattak a zs\u0171ri tagjai \u00e9s a jelenl\u00e9v\u0151k. Mindenki \u00fcgyesen megtanulta \u00e9s legjobb tud\u00e1sa szerint, b\u00e1tran adta el\u0151 a vers\u00e9t. Az elhangzott m\u0171veket oszt\u00e1lyonk\u00e9nt d\u00edjazt\u00e1k. A zs\u0171ritagok minden r\u00e9sztvev\u0151t ell\u00e1ttak j\u00f3tan\u00e1ccsal, mit kell m\u00e1sk\u00e9pp csin\u00e1lniuk, hogy legk\u00f6zelebb m\u00e9g \u00fcgyesebbek legyenek. Ezek ut\u00e1n kiosztott\u00e1k a jutalmakat. Minden szaval\u00f3 kapott eml\u00e9klapot \u00e9s egy kis aj\u00e1nd\u00e9kot. Mind az els\u0151 oszt\u00e1lyosok, mind a m\u00e1sodikasok k\u00f6z\u00f6tt hirdettek k\u00fcl\u00f6nd\u00edjast is. Di\u00e1kjaink k\u00f6z\u00fcl Doncsecz Vanda k\u00fcl\u00f6nd\u00edjban r\u00e9szes\u00fclt. Senki nem b\u00e1nk\u00f3dott, mert egy igaz\u00e1n tartalmas d\u00e9lut\u00e1nt t\u00f6lt\u00f6tt\u00fcnk el a sok sz\u00e9p k\u00f6nyv k\u00f6zt, hisz a verseny a v\u00e1rosi k\u00f6nyvt\u00e1r gyerekr\u00e9szleg\u00e9n volt. A gyerekekkel eld\u00f6nt\u00f6tt\u00fck, j\u00f6v\u0151re is itt a hely\u00fcnk. <\/span><\/span><\/p>\n<p align=\"justify\"><span style=\"color: #222222\"><span style=\"font-family: Times New Roman, serif\"><span style=\"font-size: medium\">A r\u00e1bagyarmati iskol\u00e1t Bed\u0151cs \u00c1d\u00e1m, Bed\u0151cs Oliv\u00e9r 1. oszt\u00e1lyos tanul\u00f3k \u00e9s Kov\u00e1cs R\u00e9ka, Varga \u00c1rmin 2. oszt\u00e1lyos tanul\u00f3k k\u00e9pviselt\u00e9k.\u00a0 R\u00e9ka a m\u00e1sodik helyen v\u00e9gzett, \u00c1rmin 3. helyez\u00e9st \u00e9rt el. \u00c1d\u00e1m k\u00fcl\u00f6nd\u00edjas lett.<\/span><\/span><\/span><\/p>\n<p style=\"text-align: right\" align=\"justify\"><span style=\"font-family: Times New Roman, serif\"><span style=\"font-size: medium\"><i>H\u00e1rin\u00e9 D\u00fch Katalin, Tarj\u00e1nyi L\u00e1szl\u00f3n\u00e9<\/i><\/span><\/span><\/p>\n<p style=\"text-align: right\" align=\"justify\"><span style=\"font-family: Times New Roman, serif\"><span style=\"font-size: medium\"><i><img decoding=\"async\" class=\"alignright wp-image-1224\" src=\"https:\/\/altisk-mlak.edu.hu\/wp-content\/uploads\/2022\/12\/versmondo2-300x169.jpg\" alt=\"\" width=\"251\" height=\"141\" srcset=\"https:\/\/altisk-mlak.edu.hu\/wp-content\/uploads\/2022\/12\/versmondo2-300x169.jpg 300w, https:\/\/altisk-mlak.edu.hu\/wp-content\/uploads\/2022\/12\/versmondo2-1024x576.jpg 1024w, https:\/\/altisk-mlak.edu.hu\/wp-content\/uploads\/2022\/12\/versmondo2-768x432.jpg 768w, https:\/\/altisk-mlak.edu.hu\/wp-content\/uploads\/2022\/12\/versmondo2-1536x864.jpg 1536w, https:\/\/altisk-mlak.edu.hu\/wp-content\/uploads\/2022\/12\/versmondo2-2048x1152.jpg 2048w, https:\/\/altisk-mlak.edu.hu\/wp-content\/uploads\/2022\/12\/versmondo2-1600x900.jpg 1600w, https:\/\/altisk-mlak.edu.hu\/wp-content\/uploads\/2022\/12\/versmondo2-600x338.jpg 600w\" sizes=\"(max-width: 251px) 100vw, 251px\" \/><\/i><\/span><\/span><\/p>\n<p align=\"justify\"><a href=\"https:\/\/altisk-mlak.edu.hu\/wp-content\/uploads\/2022\/12\/versmondo1-scaled.jpg\"><img decoding=\"async\" class=\"alignleft wp-image-1223\" src=\"https:\/\/altisk-mlak.edu.hu\/wp-content\/uploads\/2022\/12\/versmondo1-300x169.jpg\" alt=\"\" width=\"250\" height=\"141\" srcset=\"https:\/\/altisk-mlak.edu.hu\/wp-content\/uploads\/2022\/12\/versmondo1-300x169.jpg 300w, https:\/\/altisk-mlak.edu.hu\/wp-content\/uploads\/2022\/12\/versmondo1-1024x576.jpg 1024w, https:\/\/altisk-mlak.edu.hu\/wp-content\/uploads\/2022\/12\/versmondo1-768x432.jpg 768w, https:\/\/altisk-mlak.edu.hu\/wp-content\/uploads\/2022\/12\/versmondo1-1536x864.jpg 1536w, https:\/\/altisk-mlak.edu.hu\/wp-content\/uploads\/2022\/12\/versmondo1-2048x1153.jpg 2048w, https:\/\/altisk-mlak.edu.hu\/wp-content\/uploads\/2022\/12\/versmondo1-1600x900.jpg 1600w, https:\/\/altisk-mlak.edu.hu\/wp-content\/uploads\/2022\/12\/versmondo1-600x338.jpg 600w\" sizes=\"(max-width: 250px) 100vw, 250px\" \/><\/a><\/p>\n","protected":false},"excerpt":{"rendered":"<p>A szentgotth\u00e1rdi M\u00f3ra Ferenc V\u00e1rosi K\u00f6nyvt\u00e1r ism\u00e9t versmond\u00f3 versenyre h\u00edvta az iskol\u00e1sokat. Ebben az \u00e9vben koroszt\u00e1lyonk\u00e9nt hirdett\u00e9k meg a versenyt, \u00edgy a legkisebbek k\u00f6z\u00fcl Horv\u00e1th Zita els\u0151 oszt\u00e1lyos, Doncsecz Vanda, Tak\u00e1cs D\u00e1vid<a class=\"moretag\" href=\"https:\/\/altisk-mlak.edu.hu\/index.php\/szavaloverseny-a-mora-konyvtarban\/\">Read More&#8230;<\/a><\/p>\n","protected":false},"author":3,"featured_media":0,"comment_status":"closed","ping_status":"closed","sticky":false,"template":"","format":"standard","meta":{"two_page_speed":[],"footnotes":""},"categories":[1],"tags":[],"class_list":["post-1222","post","type-post","status-publish","format-standard","hentry","category-egyeb"],"_links":{"self":[{"href":"https:\/\/altisk-mlak.edu.hu\/index.php\/wp-json\/wp\/v2\/posts\/1222","targetHints":{"allow":["GET"]}}],"collection":[{"href":"https:\/\/altisk-mlak.edu.hu\/index.php\/wp-json\/wp\/v2\/posts"}],"about":[{"href":"https:\/\/altisk-mlak.edu.hu\/index.php\/wp-json\/wp\/v2\/types\/post"}],"author":[{"embeddable":true,"href":"https:\/\/altisk-mlak.edu.hu\/index.php\/wp-json\/wp\/v2\/users\/3"}],"replies":[{"embeddable":true,"href":"https:\/\/altisk-mlak.edu.hu\/index.php\/wp-json\/wp\/v2\/comments?post=1222"}],"version-history":[{"count":2,"href":"https:\/\/altisk-mlak.edu.hu\/index.php\/wp-json\/wp\/v2\/posts\/1222\/revisions"}],"predecessor-version":[{"id":1226,"href":"https:\/\/altisk-mlak.edu.hu\/index.php\/wp-json\/wp\/v2\/posts\/1222\/revisions\/1226"}],"wp:attachment":[{"href":"https:\/\/altisk-mlak.edu.hu\/index.php\/wp-json\/wp\/v2\/media?parent=1222"}],"wp:term":[{"taxonomy":"category","embeddable":true,"href":"https:\/\/altisk-mlak.edu.hu\/index.php\/wp-json\/wp\/v2\/categories?post=1222"},{"taxonomy":"post_tag","embeddable":true,"href":"https:\/\/altisk-mlak.edu.hu\/index.php\/wp-json\/wp\/v2\/tags?post=1222"}],"curies":[{"name":"wp","href":"https:\/\/api.w.org\/{rel}","templated":true}]}}