{"id":1227,"date":"2022-12-09T09:17:02","date_gmt":"2022-12-09T09:17:02","guid":{"rendered":"https:\/\/altisk-mlak.edu.hu\/?p=1227"},"modified":"2022-12-09T09:23:36","modified_gmt":"2022-12-09T09:23:36","slug":"palyaorientacios-nap-az-also-tagozaton","status":"publish","type":"post","link":"https:\/\/altisk-mlak.edu.hu\/index.php\/palyaorientacios-nap-az-also-tagozaton\/","title":{"rendered":"P\u00e1lyaorient\u00e1ci\u00f3s nap az als\u00f3 tagozaton"},"content":{"rendered":"<p align=\"justify\"><span style=\"font-family: Times New Roman, serif\"><span style=\"font-size: medium\">Minden koroszt\u00e1ly sz\u00e1m\u00e1ra fontos a szakm\u00e1k megismer\u00e9se, \u00e9s id\u0151ben kell a gyermekeket felk\u00e9sz\u00edteni a p\u00e1lyav\u00e1laszt\u00e1sra. Az als\u00f3 tagozatos di\u00e1kok m\u00e9g csak ismerkednek a k\u00fcl\u00f6nb\u00f6z\u0151 szakm\u00e1kkal, foglalkoz\u00e1sokkal. Ezen a napon is az volt tan\u00edt\u00f3ik f\u0151 c\u00e9lja, hogy min\u00e9l t\u00f6bb ismeretet \u00e1tadjanak nekik j\u00e1t\u00e9kos, vid\u00e1m feladatokkal. <\/span><\/span><\/p>\n<p align=\"justify\"><span style=\"font-family: Times New Roman, serif\"><span style=\"font-size: medium\">A nap els\u0151 r\u00e9sz\u00e9ben minden oszt\u00e1ly elk\u00e9sz\u00edtette a vil\u00e1g legfinomabb gy\u00fcm\u00f6lcssal\u00e1t\u00e1j\u00e1t. Kis id\u0151re minden kisdi\u00e1k szak\u00e1ccs\u00e1 v\u00e1lt. Nagyon \u00fcgyesen pucolt\u00e1k, szeletelt\u00e9k, magozt\u00e1k a k\u00fcl\u00f6nf\u00e9le gy\u00fcm\u00f6lcs\u00f6ket. Volt, aki a sal\u00e1ta \u00f6sszekever\u00e9s\u00e9ben bizonyult a legjobbnak. Majd a h\u0171t\u0151be ker\u00fcltek a gy\u00fcm\u00f6lcssal\u00e1t\u00e1val teli t\u00e1lak, hogy az \u00edzek m\u00e9g jobban \u00f6ssze\u00e9rjenek. <\/span><\/span><\/p>\n<p align=\"justify\"><span style=\"font-family: Times New Roman, serif\"><span style=\"font-size: medium\">Am\u00edg az elk\u00e9sz\u00edtett finoms\u00e1gok a hidegen pihentek, a gyerekek egy j\u00e1t\u00e9kos vet\u00e9lked\u0151n vettek r\u00e9szt. H\u00e1rom csapatot alak\u00edtottunk ki, minden csoport vegyes kor\u00f6sszet\u00e9tel\u0171 volt az egyenl\u0151 es\u00e9lyek miatt. A tot\u00f3, puzzle, p\u00e1ros\u00edt\u00f3 feladatok megold\u00e1sa k\u00f6zben a gyerekek sokf\u00e9le foglalkoz\u00e1ssal megismerkedtek. A grafol\u00f3gus, a zsok\u00e9 szakma bizony nem mindenkinek volt egy\u00e9rtelm\u0171. T\u00f6bb csapat azonban \u00fcgyesen vette az akad\u00e1lyokat. A szoros verseny holtversennyel v\u00e9gz\u0151d\u00f6tt az els\u0151 \u00e9s m\u00e1sodik helyen. Az eredm\u00e9nyhirdet\u00e9sen minden csapat el\u00e9gedetten vette \u00e1t a meg\u00e9rdemelt jutalmat.<\/span><\/span><\/p>\n<p><img fetchpriority=\"high\" decoding=\"async\" class=\"aligncenter wp-image-1228 size-large\" src=\"https:\/\/altisk-mlak.edu.hu\/wp-content\/uploads\/2022\/12\/palyao_also_1-1024x576.jpg\" alt=\"\" width=\"604\" height=\"340\" srcset=\"https:\/\/altisk-mlak.edu.hu\/wp-content\/uploads\/2022\/12\/palyao_also_1-1024x576.jpg 1024w, https:\/\/altisk-mlak.edu.hu\/wp-content\/uploads\/2022\/12\/palyao_also_1-300x169.jpg 300w, https:\/\/altisk-mlak.edu.hu\/wp-content\/uploads\/2022\/12\/palyao_also_1-768x432.jpg 768w, https:\/\/altisk-mlak.edu.hu\/wp-content\/uploads\/2022\/12\/palyao_also_1-1536x864.jpg 1536w, https:\/\/altisk-mlak.edu.hu\/wp-content\/uploads\/2022\/12\/palyao_also_1-2048x1153.jpg 2048w, https:\/\/altisk-mlak.edu.hu\/wp-content\/uploads\/2022\/12\/palyao_also_1-1600x900.jpg 1600w, https:\/\/altisk-mlak.edu.hu\/wp-content\/uploads\/2022\/12\/palyao_also_1-600x338.jpg 600w\" sizes=\"(max-width: 604px) 100vw, 604px\" \/><\/p>\n<p align=\"justify\"><span style=\"font-family: Times New Roman, serif\"><span style=\"font-size: medium\">Ezut\u00e1n m\u00e1r csak az volt h\u00e1tra, hogy a finom gy\u00fcm\u00f6lcssal\u00e1t\u00e1kat elfogyasszuk. Mindenki el\u00e9gedetten kanalazta az eg\u00e9szs\u00e9ges \u00e9telt. <\/span><\/span><\/p>\n<p style=\"text-align: right\"><span style=\"font-family: Times New Roman, serif\"><span style=\"font-size: medium\"><i>H\u00e1rin\u00e9 D\u00fch Katalin<\/i><\/span><\/span><\/p>\n<p><img decoding=\"async\" class=\"aligncenter wp-image-1229 size-large\" src=\"https:\/\/altisk-mlak.edu.hu\/wp-content\/uploads\/2022\/12\/palyao_also_2-768x1024.jpg\" alt=\"\" width=\"604\" height=\"805\" srcset=\"https:\/\/altisk-mlak.edu.hu\/wp-content\/uploads\/2022\/12\/palyao_also_2-768x1024.jpg 768w, https:\/\/altisk-mlak.edu.hu\/wp-content\/uploads\/2022\/12\/palyao_also_2-225x300.jpg 225w, https:\/\/altisk-mlak.edu.hu\/wp-content\/uploads\/2022\/12\/palyao_also_2-1152x1536.jpg 1152w, https:\/\/altisk-mlak.edu.hu\/wp-content\/uploads\/2022\/12\/palyao_also_2-450x600.jpg 450w, https:\/\/altisk-mlak.edu.hu\/wp-content\/uploads\/2022\/12\/palyao_also_2.jpg 1536w\" sizes=\"(max-width: 604px) 100vw, 604px\" \/><\/p>\n","protected":false},"excerpt":{"rendered":"<p>Minden koroszt\u00e1ly sz\u00e1m\u00e1ra fontos a szakm\u00e1k megismer\u00e9se, \u00e9s id\u0151ben kell a gyermekeket felk\u00e9sz\u00edteni a p\u00e1lyav\u00e1laszt\u00e1sra. Az als\u00f3 tagozatos di\u00e1kok m\u00e9g csak ismerkednek a k\u00fcl\u00f6nb\u00f6z\u0151 szakm\u00e1kkal, foglalkoz\u00e1sokkal. Ezen a napon is az volt<a class=\"moretag\" href=\"https:\/\/altisk-mlak.edu.hu\/index.php\/palyaorientacios-nap-az-also-tagozaton\/\">Read More&#8230;<\/a><\/p>\n","protected":false},"author":3,"featured_media":0,"comment_status":"closed","ping_status":"closed","sticky":false,"template":"","format":"standard","meta":{"two_page_speed":[],"footnotes":""},"categories":[1],"tags":[],"class_list":["post-1227","post","type-post","status-publish","format-standard","hentry","category-egyeb"],"_links":{"self":[{"href":"https:\/\/altisk-mlak.edu.hu\/index.php\/wp-json\/wp\/v2\/posts\/1227","targetHints":{"allow":["GET"]}}],"collection":[{"href":"https:\/\/altisk-mlak.edu.hu\/index.php\/wp-json\/wp\/v2\/posts"}],"about":[{"href":"https:\/\/altisk-mlak.edu.hu\/index.php\/wp-json\/wp\/v2\/types\/post"}],"author":[{"embeddable":true,"href":"https:\/\/altisk-mlak.edu.hu\/index.php\/wp-json\/wp\/v2\/users\/3"}],"replies":[{"embeddable":true,"href":"https:\/\/altisk-mlak.edu.hu\/index.php\/wp-json\/wp\/v2\/comments?post=1227"}],"version-history":[{"count":2,"href":"https:\/\/altisk-mlak.edu.hu\/index.php\/wp-json\/wp\/v2\/posts\/1227\/revisions"}],"predecessor-version":[{"id":1231,"href":"https:\/\/altisk-mlak.edu.hu\/index.php\/wp-json\/wp\/v2\/posts\/1227\/revisions\/1231"}],"wp:attachment":[{"href":"https:\/\/altisk-mlak.edu.hu\/index.php\/wp-json\/wp\/v2\/media?parent=1227"}],"wp:term":[{"taxonomy":"category","embeddable":true,"href":"https:\/\/altisk-mlak.edu.hu\/index.php\/wp-json\/wp\/v2\/categories?post=1227"},{"taxonomy":"post_tag","embeddable":true,"href":"https:\/\/altisk-mlak.edu.hu\/index.php\/wp-json\/wp\/v2\/tags?post=1227"}],"curies":[{"name":"wp","href":"https:\/\/api.w.org\/{rel}","templated":true}]}}