{"id":1232,"date":"2022-12-09T09:25:50","date_gmt":"2022-12-09T09:25:50","guid":{"rendered":"https:\/\/altisk-mlak.edu.hu\/?p=1232"},"modified":"2022-12-09T12:29:20","modified_gmt":"2022-12-09T12:29:20","slug":"iskolakorusunk-szereplese","status":"publish","type":"post","link":"https:\/\/altisk-mlak.edu.hu\/index.php\/iskolakorusunk-szereplese\/","title":{"rendered":"Iskolak\u00f3rusunk szerepl\u00e9se"},"content":{"rendered":"<p align=\"justify\"><span style=\"color: #222222\"><span style=\"font-family: Times New Roman, serif\"><span style=\"font-size: medium\">November 27-\u00e9n, advent 1. vas\u00e1rnapj\u00e1n a m\u00e1r hagyom\u00e1nyoss\u00e1 v\u00e1lt als\u00f3sz\u00f6ln\u00f6ki \u00fcnnepi szentmis\u00e9n vett r\u00e9szt az iskola k\u00f3rusa.<\/span><\/span><\/span><\/p>\n<p align=\"justify\"><span style=\"color: #222222\"><span style=\"font-family: Times New Roman, serif\"><span style=\"font-size: medium\">H\u00e1rom k\u00f3rus (gyermek, n\u00e9met asszonyk\u00f3rus, szlov\u00e9n vegyes illetve f\u00e9rfikar) mellett- akik a szentmise v\u00e9g\u00e9n adventi \u00e9s kar\u00e1csonyi dalokkal k\u00e1pr\u00e1ztattak el benn\u00fcnket- kis k\u00f3rusunk a szentmis\u00e9n \u00e9s a kinti adventi koszor\u00fa, valamint a betlehem meg\u00e1ld\u00e1s\u00e1n\u00e1l is szolg\u00e1lt a jelenlev\u0151k \u00f6r\u00f6m\u00e9re.\u00a0<\/span><\/span><\/span><\/p>\n<p align=\"justify\"><span style=\"color: #222222\"><span style=\"font-family: Times New Roman, serif\"><span style=\"font-size: medium\">T\u00f6bben meghatottan \u00e9s szeretettel k\u00f6sz\u00f6nt\u00e9k meg a l\u00e1nyoknak szem\u00e9lyesen, illetve rajtam kereszt\u00fcl is az &#8222;\u00e9lm\u00e9nyt&#8221;.\u00a0<\/span><\/span><\/span><\/p>\n<p align=\"justify\"><span style=\"color: #222222\"><span style=\"font-family: Times New Roman, serif\"><span style=\"font-size: medium\">Az egyh\u00e1zi program v\u00e9g\u00e9n forralt bor, forr\u00f3 tea \u00e9s pog\u00e1csa v\u00e1rt minden jelenl\u00e9v\u0151t.<\/span><\/span><\/span><\/p>\n<p align=\"justify\"><span style=\"color: #222222\"><span style=\"font-family: Times New Roman, serif\"><span style=\"font-size: medium\">A l\u00e1nyok (j\u00f3magam is) nagyon j\u00f3l \u00e9rezt\u00e9k magukat. \u00c9szre sem vett\u00fck, \u00fagy elrep\u00fclt k\u00f6zel h\u00e1rom \u00f3ra.\u00a0<\/span><\/span><\/span><\/p>\n<p style=\"text-align: right\" align=\"justify\">Deutsch Szilvia<br \/>\n<img fetchpriority=\"high\" decoding=\"async\" class=\"aligncenter size-large wp-image-1233\" src=\"https:\/\/altisk-mlak.edu.hu\/wp-content\/uploads\/2022\/12\/20221127_170752-1024x768.jpg\" alt=\"\" width=\"604\" height=\"453\" srcset=\"https:\/\/altisk-mlak.edu.hu\/wp-content\/uploads\/2022\/12\/20221127_170752-1024x768.jpg 1024w, https:\/\/altisk-mlak.edu.hu\/wp-content\/uploads\/2022\/12\/20221127_170752-300x225.jpg 300w, https:\/\/altisk-mlak.edu.hu\/wp-content\/uploads\/2022\/12\/20221127_170752-768x576.jpg 768w, https:\/\/altisk-mlak.edu.hu\/wp-content\/uploads\/2022\/12\/20221127_170752-1536x1152.jpg 1536w, https:\/\/altisk-mlak.edu.hu\/wp-content\/uploads\/2022\/12\/20221127_170752-2048x1536.jpg 2048w, https:\/\/altisk-mlak.edu.hu\/wp-content\/uploads\/2022\/12\/20221127_170752-600x450.jpg 600w\" sizes=\"(max-width: 604px) 100vw, 604px\" \/><\/p>\n","protected":false},"excerpt":{"rendered":"<p>November 27-\u00e9n, advent 1. vas\u00e1rnapj\u00e1n a m\u00e1r hagyom\u00e1nyoss\u00e1 v\u00e1lt als\u00f3sz\u00f6ln\u00f6ki \u00fcnnepi szentmis\u00e9n vett r\u00e9szt az iskola k\u00f3rusa. H\u00e1rom k\u00f3rus (gyermek, n\u00e9met asszonyk\u00f3rus, szlov\u00e9n vegyes illetve f\u00e9rfikar) mellett- akik a szentmise v\u00e9g\u00e9n adventi<a class=\"moretag\" href=\"https:\/\/altisk-mlak.edu.hu\/index.php\/iskolakorusunk-szereplese\/\">Read More&#8230;<\/a><\/p>\n","protected":false},"author":3,"featured_media":0,"comment_status":"closed","ping_status":"closed","sticky":false,"template":"","format":"standard","meta":{"two_page_speed":[],"footnotes":""},"categories":[1],"tags":[],"class_list":["post-1232","post","type-post","status-publish","format-standard","hentry","category-egyeb"],"_links":{"self":[{"href":"https:\/\/altisk-mlak.edu.hu\/index.php\/wp-json\/wp\/v2\/posts\/1232","targetHints":{"allow":["GET"]}}],"collection":[{"href":"https:\/\/altisk-mlak.edu.hu\/index.php\/wp-json\/wp\/v2\/posts"}],"about":[{"href":"https:\/\/altisk-mlak.edu.hu\/index.php\/wp-json\/wp\/v2\/types\/post"}],"author":[{"embeddable":true,"href":"https:\/\/altisk-mlak.edu.hu\/index.php\/wp-json\/wp\/v2\/users\/3"}],"replies":[{"embeddable":true,"href":"https:\/\/altisk-mlak.edu.hu\/index.php\/wp-json\/wp\/v2\/comments?post=1232"}],"version-history":[{"count":2,"href":"https:\/\/altisk-mlak.edu.hu\/index.php\/wp-json\/wp\/v2\/posts\/1232\/revisions"}],"predecessor-version":[{"id":1235,"href":"https:\/\/altisk-mlak.edu.hu\/index.php\/wp-json\/wp\/v2\/posts\/1232\/revisions\/1235"}],"wp:attachment":[{"href":"https:\/\/altisk-mlak.edu.hu\/index.php\/wp-json\/wp\/v2\/media?parent=1232"}],"wp:term":[{"taxonomy":"category","embeddable":true,"href":"https:\/\/altisk-mlak.edu.hu\/index.php\/wp-json\/wp\/v2\/categories?post=1232"},{"taxonomy":"post_tag","embeddable":true,"href":"https:\/\/altisk-mlak.edu.hu\/index.php\/wp-json\/wp\/v2\/tags?post=1232"}],"curies":[{"name":"wp","href":"https:\/\/api.w.org\/{rel}","templated":true}]}}