{"id":1237,"date":"2022-12-09T12:39:29","date_gmt":"2022-12-09T12:39:29","guid":{"rendered":"https:\/\/altisk-mlak.edu.hu\/?p=1237"},"modified":"2022-12-09T12:40:12","modified_gmt":"2022-12-09T12:40:12","slug":"palyaorientacios-nap-a-felso-tagozaton","status":"publish","type":"post","link":"https:\/\/altisk-mlak.edu.hu\/index.php\/palyaorientacios-nap-a-felso-tagozaton\/","title":{"rendered":"P\u00e1lyaorient\u00e1ci\u00f3s nap a fels\u0151 tagozaton"},"content":{"rendered":"<p style=\"text-align: justify\">Az 5. oszt\u00e1lyosok a p\u00e1lyaorient\u00e1ci\u00f3s napon a szentgotth\u00e1rdi Opel Tud\u00e1sk\u00f6zpontban j\u00e1rtak, \u00e9s a gy\u00e1r \u00e9let\u00e9be tehettek betekint\u00e9st. El\u0151sz\u00f6r a Tud\u00e1sk\u00f6zpontban kedves tan\u00e1rok \u00e9s el\u0151ad\u00f3k t\u00e1j\u00e9koztatt\u00e1k a kisdi\u00e1kokat arr\u00f3l, hogy milyen tanm\u0171helyek vannak, \u00e9s milyen szakm\u00e1kat lehet itt elsaj\u00e1t\u00edtani. Megismerkedhettek a villanyszerel\u0151, a g\u00e9pi \u00e9s CNC forg\u00e1csol\u00f3 feladataival, munk\u00e1j\u00e1val. Sok \u00e9rdekes dolgot l\u00e1thattak a gyerekek, \u00e9s hosszasan elid\u0151ztek az egyes szakm\u00e1k bemutat\u00f3in\u00e1l. N\u00e9h\u00e1ny szersz\u00e1mot ki is pr\u00f3b\u00e1lhattak, m\u00e9g aj\u00e1nd\u00e9kul sapk\u00e1val is meglept\u00e9k a tanul\u00f3inkat.<\/p>\n<p style=\"text-align: justify\">Ezt k\u00f6vet\u0151en m\u00e1r csak egy r\u00f6vid gy\u00e1rl\u00e1togat\u00e1sra jutott id\u0151. Vezet\u0151nk seg\u00edts\u00e9g\u00e9vel l\u00e1thatt\u00e1k az ott foly\u00f3 munk\u00e1t. A robotok k\u00fcl\u00f6n\u00f6sen elnyert\u00e9k tetsz\u00e9s\u00fcket.<\/p>\n<p style=\"text-align: justify\">Iskol\u00e1nk hetedik \u00e9s nyolcadikos \u00e9vfolyamos di\u00e1kjait a Kisalf\u00f6ldi ASzC V\u00e9pi Mez\u0151gazdas\u00e1gi Technikum, Szakk\u00e9pz\u0151 Iskola \u00e9s Koll\u00e9gium pedag\u00f3gusai \u00e9s di\u00e1kjai v\u00e1rt\u00e1k a p\u00e1lyaorient\u00e1ci\u00f3s napon. A d\u00e9lel\u0151tt els\u0151 r\u00e9sz\u00e9ben egy \u00e9rdekes el\u0151ad\u00e1st hallgattak v\u00e9gig a gyerekek a m\u00e9h\u00e9szetr\u0151l, majd csoportos foglalkoz\u00e1sokon vettek r\u00e9szt, hogy jobban megismerj\u00e9k a mez\u0151gazdas\u00e1gi g\u00e9p\u00e9sztechnikus \u00e9s a gazda szakm\u00e1t. Az oktat\u00f3k seg\u00edts\u00e9g\u00e9vel megtanultak m\u00e9zeskal\u00e1csot d\u00edsz\u00edteni, \u00f6rd\u00f6glakatot k\u00e9sz\u00edteni, \u00e9s megn\u00e9zhett\u00e9k, hogyan m\u0171k\u00f6dnek a traktorok. A program a Nemzeti Agr\u00e1rgazdas\u00e1gi Kamara t\u00e1mogat\u00e1s\u00e1val val\u00f3sult meg.<\/p>\n<p><img fetchpriority=\"high\" decoding=\"async\" class=\"wp-image-1238 size-medium alignleft\" src=\"https:\/\/altisk-mlak.edu.hu\/wp-content\/uploads\/2022\/12\/palyao-opel-300x246.jpg\" alt=\"\" width=\"300\" height=\"246\" srcset=\"https:\/\/altisk-mlak.edu.hu\/wp-content\/uploads\/2022\/12\/palyao-opel-300x246.jpg 300w, https:\/\/altisk-mlak.edu.hu\/wp-content\/uploads\/2022\/12\/palyao-opel-1024x838.jpg 1024w, https:\/\/altisk-mlak.edu.hu\/wp-content\/uploads\/2022\/12\/palyao-opel-768x629.jpg 768w, https:\/\/altisk-mlak.edu.hu\/wp-content\/uploads\/2022\/12\/palyao-opel-1536x1258.jpg 1536w, https:\/\/altisk-mlak.edu.hu\/wp-content\/uploads\/2022\/12\/palyao-opel-600x491.jpg 600w, https:\/\/altisk-mlak.edu.hu\/wp-content\/uploads\/2022\/12\/palyao-opel.jpg 1832w\" sizes=\"(max-width: 300px) 100vw, 300px\" \/> <img decoding=\"async\" class=\"wp-image-1239 alignright\" src=\"https:\/\/altisk-mlak.edu.hu\/wp-content\/uploads\/2022\/12\/palyao-fel-768x1024.jpg\" alt=\"\" width=\"185\" height=\"246\" srcset=\"https:\/\/altisk-mlak.edu.hu\/wp-content\/uploads\/2022\/12\/palyao-fel-768x1024.jpg 768w, https:\/\/altisk-mlak.edu.hu\/wp-content\/uploads\/2022\/12\/palyao-fel-225x300.jpg 225w, https:\/\/altisk-mlak.edu.hu\/wp-content\/uploads\/2022\/12\/palyao-fel-1152x1536.jpg 1152w, https:\/\/altisk-mlak.edu.hu\/wp-content\/uploads\/2022\/12\/palyao-fel-1536x2048.jpg 1536w, https:\/\/altisk-mlak.edu.hu\/wp-content\/uploads\/2022\/12\/palyao-fel-450x600.jpg 450w, https:\/\/altisk-mlak.edu.hu\/wp-content\/uploads\/2022\/12\/palyao-fel-scaled.jpg 1920w\" sizes=\"(max-width: 185px) 100vw, 185px\" \/><\/p>\n<p style=\"text-align: right\"><em>T\u00f3thn\u00e9 Tak\u00e1cs Hajnalka, Bogn\u00e1r Szilvia<\/em><\/p>\n","protected":false},"excerpt":{"rendered":"<p>Az 5. oszt\u00e1lyosok a p\u00e1lyaorient\u00e1ci\u00f3s napon a szentgotth\u00e1rdi Opel Tud\u00e1sk\u00f6zpontban j\u00e1rtak, \u00e9s a gy\u00e1r \u00e9let\u00e9be tehettek betekint\u00e9st. El\u0151sz\u00f6r a Tud\u00e1sk\u00f6zpontban kedves tan\u00e1rok \u00e9s el\u0151ad\u00f3k t\u00e1j\u00e9koztatt\u00e1k a kisdi\u00e1kokat arr\u00f3l, hogy milyen tanm\u0171helyek vannak,<a class=\"moretag\" href=\"https:\/\/altisk-mlak.edu.hu\/index.php\/palyaorientacios-nap-a-felso-tagozaton\/\">Read More&#8230;<\/a><\/p>\n","protected":false},"author":3,"featured_media":0,"comment_status":"closed","ping_status":"closed","sticky":false,"template":"","format":"standard","meta":{"two_page_speed":[],"footnotes":""},"categories":[1],"tags":[],"class_list":["post-1237","post","type-post","status-publish","format-standard","hentry","category-egyeb"],"_links":{"self":[{"href":"https:\/\/altisk-mlak.edu.hu\/index.php\/wp-json\/wp\/v2\/posts\/1237","targetHints":{"allow":["GET"]}}],"collection":[{"href":"https:\/\/altisk-mlak.edu.hu\/index.php\/wp-json\/wp\/v2\/posts"}],"about":[{"href":"https:\/\/altisk-mlak.edu.hu\/index.php\/wp-json\/wp\/v2\/types\/post"}],"author":[{"embeddable":true,"href":"https:\/\/altisk-mlak.edu.hu\/index.php\/wp-json\/wp\/v2\/users\/3"}],"replies":[{"embeddable":true,"href":"https:\/\/altisk-mlak.edu.hu\/index.php\/wp-json\/wp\/v2\/comments?post=1237"}],"version-history":[{"count":3,"href":"https:\/\/altisk-mlak.edu.hu\/index.php\/wp-json\/wp\/v2\/posts\/1237\/revisions"}],"predecessor-version":[{"id":1243,"href":"https:\/\/altisk-mlak.edu.hu\/index.php\/wp-json\/wp\/v2\/posts\/1237\/revisions\/1243"}],"wp:attachment":[{"href":"https:\/\/altisk-mlak.edu.hu\/index.php\/wp-json\/wp\/v2\/media?parent=1237"}],"wp:term":[{"taxonomy":"category","embeddable":true,"href":"https:\/\/altisk-mlak.edu.hu\/index.php\/wp-json\/wp\/v2\/categories?post=1237"},{"taxonomy":"post_tag","embeddable":true,"href":"https:\/\/altisk-mlak.edu.hu\/index.php\/wp-json\/wp\/v2\/tags?post=1237"}],"curies":[{"name":"wp","href":"https:\/\/api.w.org\/{rel}","templated":true}]}}