{"id":1242,"date":"2022-12-09T12:52:38","date_gmt":"2022-12-09T12:52:38","guid":{"rendered":"https:\/\/altisk-mlak.edu.hu\/?p=1242"},"modified":"2022-12-09T12:58:10","modified_gmt":"2022-12-09T12:58:10","slug":"a-magyar-nyelv-unnepe","status":"publish","type":"post","link":"https:\/\/altisk-mlak.edu.hu\/index.php\/a-magyar-nyelv-unnepe\/","title":{"rendered":"A magyar nyelv \u00fcnnepe"},"content":{"rendered":"<p style=\"text-align: right\">\u201eNem el\u00e9g magyar anyanyelv\u0171nek sz\u00fcletn\u00fcnk,<br \/>\ntanulnunk kell magyarul a s\u00edrig.\u201d<\/p>\n<p style=\"text-align: right\">Nagy L\u00e1szl\u00f3<\/p>\n<p>2011 \u00f3ta november 13-\u00e1n \u00fcnnepelj\u00fck a magyar nyelv napj\u00e1t. Ebb\u0151l az alkalomb\u00f3l a hagyom\u00e1nyokhoz h\u00edven id\u00e9n is helyes\u00edr\u00e1si versenyt rendezt\u00fcnk iskol\u00e1nkban. Az als\u00f3s tanul\u00f3knak helyes\u00edr\u00e1si feladatlapot \u00e1ll\u00edtottak \u00f6ssze a tan\u00edt\u00f3k, a fels\u0151s\u00f6knek egy hib\u00e1san \u00edrt sz\u00f6vegben kellett megkeresni\u00fck \u00e9s kijav\u00edtaniuk a hib\u00e1kat.<\/p>\n<p>Eredm\u00e9nyek:<\/p>\n<ol start=\"2\">\n<li><u> oszt\u00e1ly<\/u>\n<ol start=\"1&quot;\">\n<li>Horv\u00e1th Arn\u00f3<\/li>\n<li>Doncsecz Vanda<\/li>\n<li>Tak\u00e1cs D\u00e1vid<\/li>\n<\/ol>\n<\/li>\n<li><u> oszt\u00e1ly<\/u>\n<ol start=\"1&quot;\">\n<li>Szab\u00f3 Emili\u00e1n<\/li>\n<li>Magyar Levente<\/li>\n<li>Tak\u00e1cs Viktor<\/li>\n<\/ol>\n<\/li>\n<\/ol>\n<p><u>5-6. oszt\u00e1ly<\/u><\/p>\n<ol>\n<li style=\"list-style-type: none\">\n<ol>\n<li>Doncsecz Vikt\u00f3ria<\/li>\n<li>Horv\u00e1th Mil\u00e1n<\/li>\n<li>Mesits Patr\u00edcia<\/li>\n<\/ol>\n<\/li>\n<\/ol>\n<p><u>7-8. oszt\u00e1ly<\/u><\/p>\n<ol>\n<li style=\"list-style-type: none\">\n<ol>\n<li>Doncsecz \u00c1d\u00e1m, Horv\u00e1th Gerg\u0151<\/li>\n<li>Horv\u00e1th J\u00e1zmin<\/li>\n<li>Berki Amanda, Horv\u00e1th Anaszt\u00e1zia, Horv\u00e1th Anna, Horv\u00e1th Brendon<\/li>\n<\/ol>\n<\/li>\n<\/ol>\n<p style=\"text-align: right\"><em>Bogn\u00e1r Szilvia<\/em><\/p>\n<table style=\"border-collapse: collapse;width: 100%;height: 406px\">\n<tbody>\n<tr style=\"height: 332px\">\n<td style=\"width: 50%;height: 332px\"><img fetchpriority=\"high\" decoding=\"async\" class=\"aligncenter wp-image-1246\" src=\"https:\/\/altisk-mlak.edu.hu\/wp-content\/uploads\/2022\/12\/iras-1-921x1024.jpg\" alt=\"\" width=\"252\" height=\"280\" srcset=\"https:\/\/altisk-mlak.edu.hu\/wp-content\/uploads\/2022\/12\/iras-1-921x1024.jpg 921w, https:\/\/altisk-mlak.edu.hu\/wp-content\/uploads\/2022\/12\/iras-1-270x300.jpg 270w, https:\/\/altisk-mlak.edu.hu\/wp-content\/uploads\/2022\/12\/iras-1-768x854.jpg 768w, https:\/\/altisk-mlak.edu.hu\/wp-content\/uploads\/2022\/12\/iras-1-1382x1536.jpg 1382w, https:\/\/altisk-mlak.edu.hu\/wp-content\/uploads\/2022\/12\/iras-1-540x600.jpg 540w, https:\/\/altisk-mlak.edu.hu\/wp-content\/uploads\/2022\/12\/iras-1.jpg 1560w\" sizes=\"(max-width: 252px) 100vw, 252px\" \/><\/td>\n<td style=\"width: 50%;height: 332px\"><img decoding=\"async\" class=\"aligncenter wp-image-1244\" src=\"https:\/\/altisk-mlak.edu.hu\/wp-content\/uploads\/2022\/12\/iras-3-1024x1004.jpg\" alt=\"\" width=\"285\" height=\"280\" srcset=\"https:\/\/altisk-mlak.edu.hu\/wp-content\/uploads\/2022\/12\/iras-3-1024x1004.jpg 1024w, https:\/\/altisk-mlak.edu.hu\/wp-content\/uploads\/2022\/12\/iras-3-300x294.jpg 300w, https:\/\/altisk-mlak.edu.hu\/wp-content\/uploads\/2022\/12\/iras-3-768x753.jpg 768w, https:\/\/altisk-mlak.edu.hu\/wp-content\/uploads\/2022\/12\/iras-3-1536x1507.jpg 1536w, https:\/\/altisk-mlak.edu.hu\/wp-content\/uploads\/2022\/12\/iras-3-600x589.jpg 600w, https:\/\/altisk-mlak.edu.hu\/wp-content\/uploads\/2022\/12\/iras-3.jpg 1730w\" sizes=\"(max-width: 285px) 100vw, 285px\" \/><\/td>\n<\/tr>\n<tr style=\"height: 74px\">\n<td style=\"width: 50%;height: 74px\"><img decoding=\"async\" class=\"aligncenter wp-image-1247\" src=\"https:\/\/altisk-mlak.edu.hu\/wp-content\/uploads\/2022\/12\/iras-2-628x1024.jpg\" alt=\"\" width=\"252\" height=\"411\" srcset=\"https:\/\/altisk-mlak.edu.hu\/wp-content\/uploads\/2022\/12\/iras-2-628x1024.jpg 628w, https:\/\/altisk-mlak.edu.hu\/wp-content\/uploads\/2022\/12\/iras-2-184x300.jpg 184w, https:\/\/altisk-mlak.edu.hu\/wp-content\/uploads\/2022\/12\/iras-2-768x1252.jpg 768w, https:\/\/altisk-mlak.edu.hu\/wp-content\/uploads\/2022\/12\/iras-2-942x1536.jpg 942w, https:\/\/altisk-mlak.edu.hu\/wp-content\/uploads\/2022\/12\/iras-2-368x600.jpg 368w, https:\/\/altisk-mlak.edu.hu\/wp-content\/uploads\/2022\/12\/iras-2.jpg 1251w\" sizes=\"(max-width: 252px) 100vw, 252px\" \/><\/td>\n<td style=\"width: 50%;height: 74px\"><img loading=\"lazy\" decoding=\"async\" class=\"aligncenter wp-image-1245\" src=\"https:\/\/altisk-mlak.edu.hu\/wp-content\/uploads\/2022\/12\/iras-4-661x1024.jpg\" alt=\"\" width=\"252\" height=\"390\" srcset=\"https:\/\/altisk-mlak.edu.hu\/wp-content\/uploads\/2022\/12\/iras-4-661x1024.jpg 661w, https:\/\/altisk-mlak.edu.hu\/wp-content\/uploads\/2022\/12\/iras-4-194x300.jpg 194w, https:\/\/altisk-mlak.edu.hu\/wp-content\/uploads\/2022\/12\/iras-4-768x1189.jpg 768w, https:\/\/altisk-mlak.edu.hu\/wp-content\/uploads\/2022\/12\/iras-4-992x1536.jpg 992w, https:\/\/altisk-mlak.edu.hu\/wp-content\/uploads\/2022\/12\/iras-4-388x600.jpg 388w, https:\/\/altisk-mlak.edu.hu\/wp-content\/uploads\/2022\/12\/iras-4.jpg 1211w\" sizes=\"(max-width: 252px) 100vw, 252px\" \/><\/td>\n<\/tr>\n<\/tbody>\n<\/table>\n","protected":false},"excerpt":{"rendered":"<p>\u201eNem el\u00e9g magyar anyanyelv\u0171nek sz\u00fcletn\u00fcnk, tanulnunk kell magyarul a s\u00edrig.\u201d Nagy L\u00e1szl\u00f3 2011 \u00f3ta november 13-\u00e1n \u00fcnnepelj\u00fck a magyar nyelv napj\u00e1t. Ebb\u0151l az alkalomb\u00f3l a hagyom\u00e1nyokhoz h\u00edven id\u00e9n is helyes\u00edr\u00e1si versenyt rendezt\u00fcnk<a class=\"moretag\" href=\"https:\/\/altisk-mlak.edu.hu\/index.php\/a-magyar-nyelv-unnepe\/\">Read More&#8230;<\/a><\/p>\n","protected":false},"author":3,"featured_media":0,"comment_status":"closed","ping_status":"closed","sticky":false,"template":"","format":"standard","meta":{"two_page_speed":[],"footnotes":""},"categories":[1],"tags":[],"class_list":["post-1242","post","type-post","status-publish","format-standard","hentry","category-egyeb"],"_links":{"self":[{"href":"https:\/\/altisk-mlak.edu.hu\/index.php\/wp-json\/wp\/v2\/posts\/1242","targetHints":{"allow":["GET"]}}],"collection":[{"href":"https:\/\/altisk-mlak.edu.hu\/index.php\/wp-json\/wp\/v2\/posts"}],"about":[{"href":"https:\/\/altisk-mlak.edu.hu\/index.php\/wp-json\/wp\/v2\/types\/post"}],"author":[{"embeddable":true,"href":"https:\/\/altisk-mlak.edu.hu\/index.php\/wp-json\/wp\/v2\/users\/3"}],"replies":[{"embeddable":true,"href":"https:\/\/altisk-mlak.edu.hu\/index.php\/wp-json\/wp\/v2\/comments?post=1242"}],"version-history":[{"count":4,"href":"https:\/\/altisk-mlak.edu.hu\/index.php\/wp-json\/wp\/v2\/posts\/1242\/revisions"}],"predecessor-version":[{"id":1253,"href":"https:\/\/altisk-mlak.edu.hu\/index.php\/wp-json\/wp\/v2\/posts\/1242\/revisions\/1253"}],"wp:attachment":[{"href":"https:\/\/altisk-mlak.edu.hu\/index.php\/wp-json\/wp\/v2\/media?parent=1242"}],"wp:term":[{"taxonomy":"category","embeddable":true,"href":"https:\/\/altisk-mlak.edu.hu\/index.php\/wp-json\/wp\/v2\/categories?post=1242"},{"taxonomy":"post_tag","embeddable":true,"href":"https:\/\/altisk-mlak.edu.hu\/index.php\/wp-json\/wp\/v2\/tags?post=1242"}],"curies":[{"name":"wp","href":"https:\/\/api.w.org\/{rel}","templated":true}]}}