{"id":1252,"date":"2022-12-09T13:06:47","date_gmt":"2022-12-09T13:06:47","guid":{"rendered":"https:\/\/altisk-mlak.edu.hu\/?p=1252"},"modified":"2022-12-12T07:24:10","modified_gmt":"2022-12-12T07:24:10","slug":"a-rovarhotel-projekt-folytatodik","status":"publish","type":"post","link":"https:\/\/altisk-mlak.edu.hu\/index.php\/a-rovarhotel-projekt-folytatodik\/","title":{"rendered":"A Rovarhotel projekt folytat\u00f3dik"},"content":{"rendered":"<p style=\"text-align: justify\">A Stellantis csoporthoz tartoz\u00f3 Opel Szentgotth\u00e1rd Kft.-vel k\u00f6z\u00f6s rovarhotel projekt november 28-\u00e1n a gy\u00e1r munkat\u00e1rsai \u00e1ltal szervezett programmal folytat\u00f3dott. P\u00e9nzes Tibor, az Opel Szentgotth\u00e1rd Kft. Oktat\u00f3k\u00f6zpontj\u00e1nak vezet\u0151je \u00e9s Kasz\u00e1s Zolt\u00e1n PR munkat\u00e1rs v\u00e1rta hatodik oszt\u00e1lyos tanul\u00f3inkat. A fogad\u00f3t\u00e9rben egy r\u00f6vid, a baleset-megel\u0151z\u00e9sr\u0151l sz\u00f3l\u00f3 oktat\u00f3 vide\u00f3 megtekint\u00e9se ut\u00e1n a gy\u00e1r m\u00f6g\u00f6tti szabad ter\u00fcletre telep\u00edtett, \u0151shonos gy\u00fcm\u00f6lcsf\u00e1k k\u00f6zel\u00e9ben elhelyezett, szerkezetk\u00e9sz rovarhotelekhez k\u00eds\u00e9rtek benn\u00fcnket, melyeket J\u00e1vorszky Zsuzsanna, a gy\u00e1r k\u00f6rnyezetv\u00e9delmi m\u00e9rn\u00f6ke mutatott be. A Szent Gotth\u00e1rd Gimn\u00e1zium tanul\u00f3ival kieg\u00e9sz\u00fclt csapatunk azt a feladatot kapta, hogy a rovarok sz\u00e1m\u00e1ra tegy\u00fck lakhat\u00f3v\u00e1, komfortoss\u00e1 a hoteleket. A k\u00fcl\u00f6nb\u00f6z\u0151 term\u00e9szetes anyagokkal felt\u00f6lt\u00f6tt rovarb\u00fatorok hamar a hely\u00fckre ker\u00fcltek. B\u00e1r a leend\u0151 lak\u00f3k \u00edzl\u00e9svil\u00e1g\u00e1nak ismerete fekete foltja tud\u00e1sunknak, rem\u00e9lj\u00fck, tavasszal sok sz\u00e1ll\u00f3vend\u00e9ge lesz a hoteleknek, \u00e9s h\u00e1l\u00e1b\u00f3l szorgalmasan r\u00e9szt vesznek a gy\u00e1r gy\u00fcm\u00f6lcsf\u00e1inak beporz\u00e1s\u00e1ban!<\/p>\n<p style=\"text-align: justify\">A \u201elakberendez\u00e9si\u201d munk\u00e1k befejez\u00e9se ut\u00e1n r\u00f6vid gy\u00e1rl\u00e1togat\u00e1s keret\u00e9ben megismert\u00fck a gy\u00e1r tev\u00e9kenys\u00e9g\u00e9t. A tanul\u00f3k sz\u00e1m\u00e1ra \u00e9rdekes volt k\u00f6zelr\u0151l l\u00e1tni a szerel\u0151sori kollaborat\u00edv robotot, amely az ottani dolgoz\u00f3val egy\u00fctt, annak munk\u00e1j\u00e1t \u00e9rz\u00e9kelve v\u00e9gzi a motorszerel\u00e9st.<\/p>\n<p style=\"text-align: justify\">A l\u00e1togat\u00e1s a gy\u00e1r \u00e9tterm\u00e9ben fejez\u0151d\u00f6tt be, ahol Mesics Ol\u00edvia az Opel Szentgotth\u00e1rd Kft. gy\u00e1rigazgat\u00f3ja aj\u00e1nd\u00e9kkal k\u00f6sz\u00f6nte meg a rovarhotel projektben val\u00f3 r\u00e9szv\u00e9telt, \u00e9s forr\u00f3 te\u00e1val, apr\u00f3 s\u00fctem\u00e9nyekkel \u00e9s kedves szavakkal feledtette a szomork\u00e1s id\u0151j\u00e1r\u00e1s kellemetlens\u00e9geit a gyerekekkel.<\/p>\n<p style=\"text-align: right\"><em>Kov\u00e1cs Zsuzsanna<\/em><\/p>\n<p><img fetchpriority=\"high\" decoding=\"async\" class=\"aligncenter size-large wp-image-1254\" src=\"https:\/\/altisk-mlak.edu.hu\/wp-content\/uploads\/2022\/12\/rovarhotel-folyt-1024x768.png\" alt=\"\" width=\"604\" height=\"453\" \/> <img decoding=\"async\" class=\"aligncenter size-large wp-image-1255\" src=\"https:\/\/altisk-mlak.edu.hu\/wp-content\/uploads\/2022\/12\/rovarhotel-folyt-2-1024x768.png\" alt=\"\" width=\"604\" height=\"453\" \/> <img decoding=\"async\" class=\"aligncenter size-large wp-image-1256\" src=\"https:\/\/altisk-mlak.edu.hu\/wp-content\/uploads\/2022\/12\/rovarhotel-folyt-3-1-1024x768.png\" alt=\"\" width=\"604\" height=\"453\" srcset=\"https:\/\/altisk-mlak.edu.hu\/wp-content\/uploads\/2022\/12\/rovarhotel-folyt-3-1-1024x768.png 1024w, https:\/\/altisk-mlak.edu.hu\/wp-content\/uploads\/2022\/12\/rovarhotel-folyt-3-1-300x225.png 300w, https:\/\/altisk-mlak.edu.hu\/wp-content\/uploads\/2022\/12\/rovarhotel-folyt-3-1-768x576.png 768w, https:\/\/altisk-mlak.edu.hu\/wp-content\/uploads\/2022\/12\/rovarhotel-folyt-3-1-600x450.png 600w, https:\/\/altisk-mlak.edu.hu\/wp-content\/uploads\/2022\/12\/rovarhotel-folyt-3-1.png 1059w\" sizes=\"(max-width: 604px) 100vw, 604px\" \/><\/p>\n","protected":false},"excerpt":{"rendered":"<p>A Stellantis csoporthoz tartoz\u00f3 Opel Szentgotth\u00e1rd Kft.-vel k\u00f6z\u00f6s rovarhotel projekt november 28-\u00e1n a gy\u00e1r munkat\u00e1rsai \u00e1ltal szervezett programmal folytat\u00f3dott. P\u00e9nzes Tibor, az Opel Szentgotth\u00e1rd Kft. Oktat\u00f3k\u00f6zpontj\u00e1nak vezet\u0151je \u00e9s Kasz\u00e1s Zolt\u00e1n PR munkat\u00e1rs<a class=\"moretag\" href=\"https:\/\/altisk-mlak.edu.hu\/index.php\/a-rovarhotel-projekt-folytatodik\/\">Read More&#8230;<\/a><\/p>\n","protected":false},"author":3,"featured_media":0,"comment_status":"closed","ping_status":"closed","sticky":false,"template":"","format":"standard","meta":{"two_page_speed":[],"footnotes":""},"categories":[1],"tags":[],"class_list":["post-1252","post","type-post","status-publish","format-standard","hentry","category-egyeb"],"_links":{"self":[{"href":"https:\/\/altisk-mlak.edu.hu\/index.php\/wp-json\/wp\/v2\/posts\/1252","targetHints":{"allow":["GET"]}}],"collection":[{"href":"https:\/\/altisk-mlak.edu.hu\/index.php\/wp-json\/wp\/v2\/posts"}],"about":[{"href":"https:\/\/altisk-mlak.edu.hu\/index.php\/wp-json\/wp\/v2\/types\/post"}],"author":[{"embeddable":true,"href":"https:\/\/altisk-mlak.edu.hu\/index.php\/wp-json\/wp\/v2\/users\/3"}],"replies":[{"embeddable":true,"href":"https:\/\/altisk-mlak.edu.hu\/index.php\/wp-json\/wp\/v2\/comments?post=1252"}],"version-history":[{"count":4,"href":"https:\/\/altisk-mlak.edu.hu\/index.php\/wp-json\/wp\/v2\/posts\/1252\/revisions"}],"predecessor-version":[{"id":1260,"href":"https:\/\/altisk-mlak.edu.hu\/index.php\/wp-json\/wp\/v2\/posts\/1252\/revisions\/1260"}],"wp:attachment":[{"href":"https:\/\/altisk-mlak.edu.hu\/index.php\/wp-json\/wp\/v2\/media?parent=1252"}],"wp:term":[{"taxonomy":"category","embeddable":true,"href":"https:\/\/altisk-mlak.edu.hu\/index.php\/wp-json\/wp\/v2\/categories?post=1252"},{"taxonomy":"post_tag","embeddable":true,"href":"https:\/\/altisk-mlak.edu.hu\/index.php\/wp-json\/wp\/v2\/tags?post=1252"}],"curies":[{"name":"wp","href":"https:\/\/api.w.org\/{rel}","templated":true}]}}