{"id":1262,"date":"2022-12-12T07:34:15","date_gmt":"2022-12-12T07:34:15","guid":{"rendered":"https:\/\/altisk-mlak.edu.hu\/?p=1262"},"modified":"2022-12-12T07:37:43","modified_gmt":"2022-12-12T07:37:43","slug":"uszasoktatas-testnevelesoran","status":"publish","type":"post","link":"https:\/\/altisk-mlak.edu.hu\/index.php\/uszasoktatas-testnevelesoran\/","title":{"rendered":"\u00dasz\u00e1soktat\u00e1s testnevel\u00e9s\u00f3r\u00e1n"},"content":{"rendered":"<p style=\"text-align: justify;line-height: 150%\">Hossz\u00fa kihagy\u00e1s ut\u00e1n id\u00e9n m\u00e1r m\u00e1sodik alkalommal kaptak lehet\u0151s\u00e9get a Szent Gotth\u00e1rd \u00c1ltal\u00e1nos Iskola \u00e9s Gimn\u00e1zium Magyarlak-Cs\u00f6r\u00f6tnek \u00c1ltal\u00e1nos Iskola hatodik \u00e9vfolyamos tanul\u00f3i az \u00fasz\u00e1s elsaj\u00e1t\u00edt\u00e1s\u00e1hoz. 2022. okt\u00f3ber 7-\u00e9n indult a Szentgotth\u00e1rdi Eg\u00e9szs\u00e9gfejleszt\u00e9si Iroda (EFI) t\u00e1mogat\u00e1s\u00e1val a gyermekek oktat\u00e1sa a szentgotth\u00e1rdi f\u00fcrd\u0151ben. A gyermekek Kov\u00e1cs Attila testnevel\u0151tan\u00e1r k\u00eds\u00e9ret\u00e9ben jutottak el a magyarlaki \u00e9s a cs\u00f6r\u00f6tneki \u00f6nkorm\u00e1nyzat seg\u00edts\u00e9g\u00e9vel az uszod\u00e1ba. A program t\u00edz alkalmat \u00f6lelt fel, heti k\u00e9t \u00f3r\u00e1ban zajlott, \u00e9s december 9-\u00e9n z\u00e1rult. A tanul\u00f3k a mell\u00fasz\u00e1s technik\u00e1j\u00e1t saj\u00e1t\u00edtott\u00e1k el a foglalkoz\u00e1sokon. \u00d6r\u00f6mmel sz\u00e1molunk be, hogy az utols\u00f3 foglalkoz\u00e1son minden gyermek sikeres vizsg\u00e1t tett, \u00e9s bemutatta, mennyire magabiztosan mozog a vizes k\u00f6zegben, milyen hossz\u00fa t\u00e1vot k\u00e9pes le\u00faszni egyhuzamban, \u00e9s j\u00f3n\u00e9h\u00e1nyuk m\u00e1r a m\u00e9lyebb medenc\u00e9ben is \u00fcgyesen remekel. J\u00f3 \u00e9rz\u00e9s volt l\u00e1tni az el\u00e9gedetts\u00e9get az arcukon, a csillog\u00e1st a szem\u00fckben. K\u00f6sz\u00f6net illeti T\u00f3k\u00e1n\u00e9 Oreovecz Eszter, az EFI munkat\u00e1rs\u00e1t az oktat\u00e1s l\u00e9trej\u00f6tt\u00e9\u00e9rt \u00e9s kiv\u00e1l\u00f3 szervez\u0151 munk\u00e1j\u00e1\u00e9rt, valamint Kov\u00e1cs Attila tan\u00e1r urat, \u00fasz\u00e1soktat\u00f3t a kiemelked\u0151 szakmai munk\u00e1j\u00e1\u00e9rt \u00e9s empatikus hozz\u00e1\u00e1ll\u00e1s\u00e1\u00e9rt.<\/p>\n<p style=\"text-align: right\">Mezein\u00e9 Kiss Katalin<\/p>\n<table style=\"border-collapse: collapse;width: 100%\">\n<tbody>\n<tr>\n<td style=\"width: 50%\"><img fetchpriority=\"high\" decoding=\"async\" class=\"aligncenter  wp-image-1264\" src=\"https:\/\/altisk-mlak.edu.hu\/wp-content\/uploads\/2022\/12\/1670585597089-1024x768.jpg\" alt=\"\" width=\"294\" height=\"220\" srcset=\"https:\/\/altisk-mlak.edu.hu\/wp-content\/uploads\/2022\/12\/1670585597089-1024x768.jpg 1024w, https:\/\/altisk-mlak.edu.hu\/wp-content\/uploads\/2022\/12\/1670585597089-300x225.jpg 300w, https:\/\/altisk-mlak.edu.hu\/wp-content\/uploads\/2022\/12\/1670585597089-768x576.jpg 768w, https:\/\/altisk-mlak.edu.hu\/wp-content\/uploads\/2022\/12\/1670585597089-1536x1152.jpg 1536w, https:\/\/altisk-mlak.edu.hu\/wp-content\/uploads\/2022\/12\/1670585597089-2048x1536.jpg 2048w, https:\/\/altisk-mlak.edu.hu\/wp-content\/uploads\/2022\/12\/1670585597089-600x450.jpg 600w\" sizes=\"(max-width: 294px) 100vw, 294px\" \/><\/td>\n<td style=\"width: 50%\"><img decoding=\"async\" class=\"aligncenter wp-image-1263 \" src=\"https:\/\/altisk-mlak.edu.hu\/wp-content\/uploads\/2022\/12\/1670585597033-225x300.jpg\" alt=\"\" width=\"165\" height=\"220\" srcset=\"https:\/\/altisk-mlak.edu.hu\/wp-content\/uploads\/2022\/12\/1670585597033-225x300.jpg 225w, https:\/\/altisk-mlak.edu.hu\/wp-content\/uploads\/2022\/12\/1670585597033-768x1024.jpg 768w, https:\/\/altisk-mlak.edu.hu\/wp-content\/uploads\/2022\/12\/1670585597033-1152x1536.jpg 1152w, https:\/\/altisk-mlak.edu.hu\/wp-content\/uploads\/2022\/12\/1670585597033-1536x2048.jpg 1536w, https:\/\/altisk-mlak.edu.hu\/wp-content\/uploads\/2022\/12\/1670585597033-450x600.jpg 450w, https:\/\/altisk-mlak.edu.hu\/wp-content\/uploads\/2022\/12\/1670585597033-scaled.jpg 1920w\" sizes=\"(max-width: 165px) 100vw, 165px\" \/><\/td>\n<\/tr>\n<\/tbody>\n<\/table>\n","protected":false},"excerpt":{"rendered":"<p>Hossz\u00fa kihagy\u00e1s ut\u00e1n id\u00e9n m\u00e1r m\u00e1sodik alkalommal kaptak lehet\u0151s\u00e9get a Szent Gotth\u00e1rd \u00c1ltal\u00e1nos Iskola \u00e9s Gimn\u00e1zium Magyarlak-Cs\u00f6r\u00f6tnek \u00c1ltal\u00e1nos Iskola hatodik \u00e9vfolyamos tanul\u00f3i az \u00fasz\u00e1s elsaj\u00e1t\u00edt\u00e1s\u00e1hoz. 2022. okt\u00f3ber 7-\u00e9n indult a Szentgotth\u00e1rdi Eg\u00e9szs\u00e9gfejleszt\u00e9si<a class=\"moretag\" href=\"https:\/\/altisk-mlak.edu.hu\/index.php\/uszasoktatas-testnevelesoran\/\">Read More&#8230;<\/a><\/p>\n","protected":false},"author":3,"featured_media":0,"comment_status":"closed","ping_status":"closed","sticky":false,"template":"","format":"standard","meta":{"two_page_speed":[],"footnotes":""},"categories":[1],"tags":[],"class_list":["post-1262","post","type-post","status-publish","format-standard","hentry","category-egyeb"],"_links":{"self":[{"href":"https:\/\/altisk-mlak.edu.hu\/index.php\/wp-json\/wp\/v2\/posts\/1262","targetHints":{"allow":["GET"]}}],"collection":[{"href":"https:\/\/altisk-mlak.edu.hu\/index.php\/wp-json\/wp\/v2\/posts"}],"about":[{"href":"https:\/\/altisk-mlak.edu.hu\/index.php\/wp-json\/wp\/v2\/types\/post"}],"author":[{"embeddable":true,"href":"https:\/\/altisk-mlak.edu.hu\/index.php\/wp-json\/wp\/v2\/users\/3"}],"replies":[{"embeddable":true,"href":"https:\/\/altisk-mlak.edu.hu\/index.php\/wp-json\/wp\/v2\/comments?post=1262"}],"version-history":[{"count":4,"href":"https:\/\/altisk-mlak.edu.hu\/index.php\/wp-json\/wp\/v2\/posts\/1262\/revisions"}],"predecessor-version":[{"id":1269,"href":"https:\/\/altisk-mlak.edu.hu\/index.php\/wp-json\/wp\/v2\/posts\/1262\/revisions\/1269"}],"wp:attachment":[{"href":"https:\/\/altisk-mlak.edu.hu\/index.php\/wp-json\/wp\/v2\/media?parent=1262"}],"wp:term":[{"taxonomy":"category","embeddable":true,"href":"https:\/\/altisk-mlak.edu.hu\/index.php\/wp-json\/wp\/v2\/categories?post=1262"},{"taxonomy":"post_tag","embeddable":true,"href":"https:\/\/altisk-mlak.edu.hu\/index.php\/wp-json\/wp\/v2\/tags?post=1262"}],"curies":[{"name":"wp","href":"https:\/\/api.w.org\/{rel}","templated":true}]}}