{"id":1275,"date":"2022-12-20T09:55:55","date_gmt":"2022-12-20T09:55:55","guid":{"rendered":"https:\/\/altisk-mlak.edu.hu\/?p=1275"},"modified":"2022-12-20T09:56:26","modified_gmt":"2022-12-20T09:56:26","slug":"betekinto-az-iskolaba","status":"publish","type":"post","link":"https:\/\/altisk-mlak.edu.hu\/index.php\/betekinto-az-iskolaba\/","title":{"rendered":"Betekint\u0151 az iskol\u00e1ba"},"content":{"rendered":"<p style=\"text-align: justify\">2022. december 10-\u00e9n, szombaton d\u00e9lel\u0151tt iskolai betekint\u0151re \u00e9s ismerked\u00e9sre h\u00edvtuk a nagycsoportos gyermekeket \u00e9s sz\u00fcleiket. A k\u00f6rny\u00e9ken \u00e9l\u0151 iskolak\u00f6teles tanul\u00f3k sz\u00e1m\u00e1ra szem\u00e9lyre sz\u00f3l\u00f3 megh\u00edv\u00f3t k\u00e9sz\u00edtett\u00fcnk, melyet z\u00f6mmel szem\u00e9lyesen k\u00e9zbes\u00edtett\u00fcnk. Level\u00fcnkben felv\u00e1zoltuk kistelep\u00fcl\u00e9si iskol\u00e1nk f\u0151bb jellemz\u0151it, lehet\u0151s\u00e9geit. A megh\u00edv\u00f3lev\u00e9l mellett plak\u00e1tokkal is hirdett\u00fck a betekint\u0151t. Az es\u0151s, bar\u00e1ts\u00e1gtalan id\u0151j\u00e1r\u00e1s \u00e9s a megbeteged\u00e9sek ellen\u00e9re sz\u00e9p sz\u00e1mban j\u00f6ttek hozz\u00e1nk \u00e9rdekl\u0151d\u0151k. \u00c9rkeztek csal\u00e1dok Magyarlakr\u00f3l, Cs\u00f6r\u00f6tnekr\u0151l, Kondorf\u00e1r\u00f3l \u00e9s Szentgotth\u00e1rdr\u00f3l is. Adventi k\u00e9zm\u0171ves foglalkoz\u00e1s, mesesarok \u00e9s sulib\u00fcf\u00e9 v\u00e1rta a nagycsoportosokat. \u00d6r\u00f6m volt l\u00e1tni a sok t\u00fcnd\u00e9ri, k\u00edv\u00e1ncsi gyermeket, akik hamar felold\u00f3dtak, \u00e9s otthonosan mozogtak az iskola \u00e9p\u00fclet\u00e9ben. Kellemes m\u00e1sf\u00e9l \u00f3r\u00e1t t\u00f6lt\u00f6ttek el egy\u00fctt, a leend\u0151 tan\u00edt\u00f3n\u00e9nivel \u00e9s tan\u00e1r n\u00e9nikkel. H\u00e1l\u00e1san k\u00f6sz\u00f6nj\u00fck a r\u00e9sztvev\u0151knek, hogy megtiszteltek benn\u00fcnket jelenl\u00e9t\u00fckkel, \u00e9s inform\u00e1ci\u00f3t szereztek iskol\u00e1nkr\u00f3l.<\/p>\n<table style=\"border-collapse: collapse;width: 100%\">\n<tbody>\n<tr>\n<td style=\"width: 50%\"><img fetchpriority=\"high\" decoding=\"async\" class=\"aligncenter size-large wp-image-1277\" src=\"https:\/\/altisk-mlak.edu.hu\/wp-content\/uploads\/2022\/12\/20221210_091822-1024x768.jpg\" alt=\"\" width=\"604\" height=\"453\" srcset=\"https:\/\/altisk-mlak.edu.hu\/wp-content\/uploads\/2022\/12\/20221210_091822-1024x768.jpg 1024w, https:\/\/altisk-mlak.edu.hu\/wp-content\/uploads\/2022\/12\/20221210_091822-300x225.jpg 300w, https:\/\/altisk-mlak.edu.hu\/wp-content\/uploads\/2022\/12\/20221210_091822-768x576.jpg 768w, https:\/\/altisk-mlak.edu.hu\/wp-content\/uploads\/2022\/12\/20221210_091822-1536x1152.jpg 1536w, https:\/\/altisk-mlak.edu.hu\/wp-content\/uploads\/2022\/12\/20221210_091822-2048x1536.jpg 2048w, https:\/\/altisk-mlak.edu.hu\/wp-content\/uploads\/2022\/12\/20221210_091822-600x450.jpg 600w\" sizes=\"(max-width: 604px) 100vw, 604px\" \/><\/td>\n<td style=\"width: 50%\"><img decoding=\"async\" class=\"aligncenter size-large wp-image-1276\" src=\"https:\/\/altisk-mlak.edu.hu\/wp-content\/uploads\/2022\/12\/20221210_100935-1024x768.jpg\" alt=\"\" width=\"604\" height=\"453\" srcset=\"https:\/\/altisk-mlak.edu.hu\/wp-content\/uploads\/2022\/12\/20221210_100935-1024x768.jpg 1024w, https:\/\/altisk-mlak.edu.hu\/wp-content\/uploads\/2022\/12\/20221210_100935-300x225.jpg 300w, https:\/\/altisk-mlak.edu.hu\/wp-content\/uploads\/2022\/12\/20221210_100935-768x576.jpg 768w, https:\/\/altisk-mlak.edu.hu\/wp-content\/uploads\/2022\/12\/20221210_100935-1536x1152.jpg 1536w, https:\/\/altisk-mlak.edu.hu\/wp-content\/uploads\/2022\/12\/20221210_100935-2048x1536.jpg 2048w, https:\/\/altisk-mlak.edu.hu\/wp-content\/uploads\/2022\/12\/20221210_100935-600x450.jpg 600w\" sizes=\"(max-width: 604px) 100vw, 604px\" \/><\/td>\n<\/tr>\n<\/tbody>\n<\/table>\n<p style=\"text-align: justify\">A ny\u00edlt napot 2023. janu\u00e1r h\u00f3napban tervezz\u00fck, melyr\u0151l a tagint\u00e9zm\u00e9ny honlapj\u00e1n, k\u00f6z\u00f6ss\u00e9gi oldal\u00e1n \u00e9s az \u00f3vod\u00e1k hirdet\u0151t\u00e1bl\u00e1j\u00e1n t\u00e1j\u00e9koztat\u00e1st adunk.<\/p>\n<p style=\"text-align: justify\">Szeretettel h\u00edvjuk \u00e9s v\u00e1rjuk az \u00e9rdekl\u0151d\u0151ket iskol\u00e1nk megtekint\u00e9s\u00e9re egy\u00e9nileg is. K\u00e9rj\u00fck, a l\u00e1togat\u00e1s el\u0151tt sz\u00edveskedjenek id\u0151pontot egyeztetni az al\u00e1bbi el\u00e9rhet\u0151s\u00e9geken:<\/p>\n<p style=\"text-align: center\"><strong>e-mail: altiskmagyarlak@gmail.com\u00a0\u00a0\u00a0\u00a0\u00a0\u00a0\u00a0\u00a0\u00a0\u00a0\u00a0\u00a0 Telefon: (20) 997 3810<\/strong><\/p>\n<p style=\"text-align: right\">Mezein\u00e9 Kiss Katalin<\/p>\n","protected":false},"excerpt":{"rendered":"<p>2022. december 10-\u00e9n, szombaton d\u00e9lel\u0151tt iskolai betekint\u0151re \u00e9s ismerked\u00e9sre h\u00edvtuk a nagycsoportos gyermekeket \u00e9s sz\u00fcleiket. A k\u00f6rny\u00e9ken \u00e9l\u0151 iskolak\u00f6teles tanul\u00f3k sz\u00e1m\u00e1ra szem\u00e9lyre sz\u00f3l\u00f3 megh\u00edv\u00f3t k\u00e9sz\u00edtett\u00fcnk, melyet z\u00f6mmel szem\u00e9lyesen k\u00e9zbes\u00edtett\u00fcnk. Level\u00fcnkben felv\u00e1zoltuk kistelep\u00fcl\u00e9si<a class=\"moretag\" href=\"https:\/\/altisk-mlak.edu.hu\/index.php\/betekinto-az-iskolaba\/\">Read More&#8230;<\/a><\/p>\n","protected":false},"author":3,"featured_media":0,"comment_status":"closed","ping_status":"closed","sticky":false,"template":"","format":"standard","meta":{"two_page_speed":[],"footnotes":""},"categories":[1],"tags":[],"class_list":["post-1275","post","type-post","status-publish","format-standard","hentry","category-egyeb"],"_links":{"self":[{"href":"https:\/\/altisk-mlak.edu.hu\/index.php\/wp-json\/wp\/v2\/posts\/1275","targetHints":{"allow":["GET"]}}],"collection":[{"href":"https:\/\/altisk-mlak.edu.hu\/index.php\/wp-json\/wp\/v2\/posts"}],"about":[{"href":"https:\/\/altisk-mlak.edu.hu\/index.php\/wp-json\/wp\/v2\/types\/post"}],"author":[{"embeddable":true,"href":"https:\/\/altisk-mlak.edu.hu\/index.php\/wp-json\/wp\/v2\/users\/3"}],"replies":[{"embeddable":true,"href":"https:\/\/altisk-mlak.edu.hu\/index.php\/wp-json\/wp\/v2\/comments?post=1275"}],"version-history":[{"count":2,"href":"https:\/\/altisk-mlak.edu.hu\/index.php\/wp-json\/wp\/v2\/posts\/1275\/revisions"}],"predecessor-version":[{"id":1281,"href":"https:\/\/altisk-mlak.edu.hu\/index.php\/wp-json\/wp\/v2\/posts\/1275\/revisions\/1281"}],"wp:attachment":[{"href":"https:\/\/altisk-mlak.edu.hu\/index.php\/wp-json\/wp\/v2\/media?parent=1275"}],"wp:term":[{"taxonomy":"category","embeddable":true,"href":"https:\/\/altisk-mlak.edu.hu\/index.php\/wp-json\/wp\/v2\/categories?post=1275"},{"taxonomy":"post_tag","embeddable":true,"href":"https:\/\/altisk-mlak.edu.hu\/index.php\/wp-json\/wp\/v2\/tags?post=1275"}],"curies":[{"name":"wp","href":"https:\/\/api.w.org\/{rel}","templated":true}]}}