{"id":1280,"date":"2022-12-20T09:57:32","date_gmt":"2022-12-20T09:57:32","guid":{"rendered":"https:\/\/altisk-mlak.edu.hu\/?p=1280"},"modified":"2023-01-16T11:10:21","modified_gmt":"2023-01-16T11:10:21","slug":"jonak-lenni-jo","status":"publish","type":"post","link":"https:\/\/altisk-mlak.edu.hu\/index.php\/jonak-lenni-jo\/","title":{"rendered":"J\u00f3nak lenni j\u00f3"},"content":{"rendered":"<p style=\"text-align: justify\">Iskol\u00e1nk di\u00e1k- \u00e9s alkalmazotti k\u00f6z\u00f6ss\u00e9ge az idei \u00e9vben is csatlakozott j\u00f3t\u00e9konys\u00e1gi akci\u00f3hoz. Az adventi id\u0151szakban a M\u00e1trix K\u00f6zhaszn\u00fa Alap\u00edtv\u00e1ny \u00e1ltal szervezett \u201eSzeretetcsoki\u201d csokol\u00e1d\u00e9gy\u0171jt\u0151 programot er\u0151s\u00edtett\u00fck. Napr\u00f3l napra egyre t\u00f6bb \u00e9dess\u00e9g gy\u0171lt a kihelyezett adom\u00e1nydobozba, \u00e9s a csokik mellett \u00e9rkeztek felaj\u00e1nl\u00e1sk\u00e9nt pl\u00fcss\u00f6k, puzzle \u00e9s t\u00e1rsasj\u00e1t\u00e9k is. A j\u00f3sz\u00edv\u0171 gyermekeknek \u00e9s feln\u0151tteknek k\u00f6sz\u00f6nhet\u0151en tem\u00e9rdek aj\u00e1nd\u00e9k gy\u0171lt \u00f6ssze, aminek becsomagol\u00e1sa \u00e9s elsz\u00e1ll\u00edt\u00e1sa nem kis fejt\u00f6r\u00e9st okozott a technikai szem\u00e9lyzetnek. V\u00e9g\u00fcl n\u00e9gy doboz \u00e9s egy nagy zs\u00e1k nyelte el a sok-sok szeretetaj\u00e1nd\u00e9kot, amiket postai \u00faton tov\u00e1bb\u00edtottunk a gy\u0171jt\u00e9s kezdem\u00e9nyez\u0151j\u00e9nek. Az Alap\u00edtv\u00e1ny a befolyt adom\u00e1nyb\u00f3l k\u00f3rh\u00e1zak gyermekoszt\u00e1lyain fekv\u0151 gyermekeket, valamint olyan nagycsal\u00e1dosokat \u00e9s h\u00e1tr\u00e1nyos helyzet\u0171 gyermekeket, csal\u00e1dokat aj\u00e1nd\u00e9koz meg, ahol anyagi neh\u00e9zs\u00e9get okoz az aj\u00e1nd\u00e9koz\u00e1s. \u00d6r\u00f6mmel t\u00f6lt el benn\u00fcnket, hogy a magunk szer\u00e9ny m\u00f3dj\u00e1n seg\u00edteni tudtunk.<\/p>\n<p><img fetchpriority=\"high\" decoding=\"async\" class=\"aligncenter size-large wp-image-1282\" src=\"https:\/\/altisk-mlak.edu.hu\/wp-content\/uploads\/2022\/12\/IMG-1c477ab2baaeb8cf23b8ea628a1dbaeb-V-768x1024.jpg\" alt=\"\" width=\"604\" height=\"805\" srcset=\"https:\/\/altisk-mlak.edu.hu\/wp-content\/uploads\/2022\/12\/IMG-1c477ab2baaeb8cf23b8ea628a1dbaeb-V-768x1024.jpg 768w, https:\/\/altisk-mlak.edu.hu\/wp-content\/uploads\/2022\/12\/IMG-1c477ab2baaeb8cf23b8ea628a1dbaeb-V-225x300.jpg 225w, https:\/\/altisk-mlak.edu.hu\/wp-content\/uploads\/2022\/12\/IMG-1c477ab2baaeb8cf23b8ea628a1dbaeb-V-1152x1536.jpg 1152w, https:\/\/altisk-mlak.edu.hu\/wp-content\/uploads\/2022\/12\/IMG-1c477ab2baaeb8cf23b8ea628a1dbaeb-V-450x600.jpg 450w, https:\/\/altisk-mlak.edu.hu\/wp-content\/uploads\/2022\/12\/IMG-1c477ab2baaeb8cf23b8ea628a1dbaeb-V.jpg 1200w\" sizes=\"(max-width: 604px) 100vw, 604px\" \/><\/p>\n","protected":false},"excerpt":{"rendered":"<p>Iskol\u00e1nk di\u00e1k- \u00e9s alkalmazotti k\u00f6z\u00f6ss\u00e9ge az idei \u00e9vben is csatlakozott j\u00f3t\u00e9konys\u00e1gi akci\u00f3hoz. Az adventi id\u0151szakban a M\u00e1trix K\u00f6zhaszn\u00fa Alap\u00edtv\u00e1ny \u00e1ltal szervezett \u201eSzeretetcsoki\u201d csokol\u00e1d\u00e9gy\u0171jt\u0151 programot er\u0151s\u00edtett\u00fck. Napr\u00f3l napra egyre t\u00f6bb \u00e9dess\u00e9g gy\u0171lt a<a class=\"moretag\" href=\"https:\/\/altisk-mlak.edu.hu\/index.php\/jonak-lenni-jo\/\">Read More&#8230;<\/a><\/p>\n","protected":false},"author":3,"featured_media":0,"comment_status":"closed","ping_status":"closed","sticky":false,"template":"","format":"standard","meta":{"two_page_speed":[],"footnotes":""},"categories":[1],"tags":[],"class_list":["post-1280","post","type-post","status-publish","format-standard","hentry","category-egyeb"],"_links":{"self":[{"href":"https:\/\/altisk-mlak.edu.hu\/index.php\/wp-json\/wp\/v2\/posts\/1280","targetHints":{"allow":["GET"]}}],"collection":[{"href":"https:\/\/altisk-mlak.edu.hu\/index.php\/wp-json\/wp\/v2\/posts"}],"about":[{"href":"https:\/\/altisk-mlak.edu.hu\/index.php\/wp-json\/wp\/v2\/types\/post"}],"author":[{"embeddable":true,"href":"https:\/\/altisk-mlak.edu.hu\/index.php\/wp-json\/wp\/v2\/users\/3"}],"replies":[{"embeddable":true,"href":"https:\/\/altisk-mlak.edu.hu\/index.php\/wp-json\/wp\/v2\/comments?post=1280"}],"version-history":[{"count":2,"href":"https:\/\/altisk-mlak.edu.hu\/index.php\/wp-json\/wp\/v2\/posts\/1280\/revisions"}],"predecessor-version":[{"id":1284,"href":"https:\/\/altisk-mlak.edu.hu\/index.php\/wp-json\/wp\/v2\/posts\/1280\/revisions\/1284"}],"wp:attachment":[{"href":"https:\/\/altisk-mlak.edu.hu\/index.php\/wp-json\/wp\/v2\/media?parent=1280"}],"wp:term":[{"taxonomy":"category","embeddable":true,"href":"https:\/\/altisk-mlak.edu.hu\/index.php\/wp-json\/wp\/v2\/categories?post=1280"},{"taxonomy":"post_tag","embeddable":true,"href":"https:\/\/altisk-mlak.edu.hu\/index.php\/wp-json\/wp\/v2\/tags?post=1280"}],"curies":[{"name":"wp","href":"https:\/\/api.w.org\/{rel}","templated":true}]}}