{"id":1290,"date":"2023-01-20T07:36:31","date_gmt":"2023-01-20T07:36:31","guid":{"rendered":"https:\/\/altisk-mlak.edu.hu\/?p=1290"},"modified":"2023-01-25T09:44:10","modified_gmt":"2023-01-25T09:44:10","slug":"elso-gyasz-iskolamisenk-zsuzsa-neniert","status":"publish","type":"post","link":"https:\/\/altisk-mlak.edu.hu\/index.php\/elso-gyasz-iskolamisenk-zsuzsa-neniert\/","title":{"rendered":"Els\u0151 gy\u00e1sz-iskolamis\u00e9nk Zsuzsa n\u00e9ni\u00e9rt"},"content":{"rendered":"<p align=\"justify\"><span lang=\"hu-HU\">2023.01.16-\u00e1n, h\u00e9tf\u0151 d\u00e9lut\u00e1n tartotta katolikus iskol\u00e1nk, Magyarlak-Cs\u00f6r\u00f6tnek \u00c1ltal\u00e1nos Iskol\u00e1ja els\u0151 gy\u00e1sz-iskolamis\u00e9j\u00e9t. <\/span><\/p>\n<p align=\"justify\"><a name=\"_GoBack\"><\/a> <span lang=\"hu-HU\">A r\u00e1bagyarmati iskola tan\u00edt\u00f3 n\u00e9nije, Szalai Zsuzsa n\u00e9ni gy\u00f3gyul\u00e1s\u00e1\u00e9rt augusztusban t\u00f6rt\u00e9nt s\u00falyos balesete \u00f3ta folyamatosan im\u00e1dkoztunk, \u00edgy h\u00f3napokon \u00e1t bizakodva k\u00eds\u00e9rt\u00fck figyelemmel fokozatos fel\u00e9p\u00fcl\u00e9s\u00e9t. M\u00edgnem a kar\u00e1csonyi sz\u00fcnet el\u0151tti napokban kaptuk a k\u00e9r\u00e9st, hogy most nagyon im\u00e1dkozzunk, mert Zsuzsa n\u00e9ni s\u00falyos, \u00e9letvesz\u00e9lyes \u00e1llapotba ker\u00fclt. Kar\u00e1csony het\u00e9ben pedig megj\u00f6tt a h\u00edr, hogy meghalt, elment, t\u00f6bbet nem j\u00f6n vissza tan\u00edtani. <\/span><\/p>\n<p align=\"justify\"><span lang=\"hu-HU\">A t\u00e9li hideg id\u0151 miatt a janu\u00e1ri iskolamis\u00e9t nem a templomban, hanem az iskola \u00e9p\u00fclet\u00e9ben tartotta Gyula atya. A tan\u00edt\u00e1s ut\u00e1n \u201etemplomm\u00e1\u201d alak\u00edtottuk az aul\u00e1t: tornapadokkal \u00e9s sz\u00e9kekkel berendezt\u00fck a \u201etemplomhaj\u00f3t\u201d, k\u00e9t polcb\u00f3l pedig elk\u00e9sz\u00fclt az olt\u00e1r a \u201eszent\u00e9lyben\u201d. Gyula atya mag\u00e1val hozta a szentmise-felszerel\u00e9st, Kati n\u00e9ni pedig egy csokor tulip\u00e1nt helyezett az olt\u00e1r el\u00e9, \u00e9s egy m\u00e9csest Zsuzsa n\u00e9ni eml\u00e9k\u00e9re. <\/span><\/p>\n<p align=\"justify\"><img fetchpriority=\"high\" decoding=\"async\" class=\"aligncenter wp-image-1294 size-medium\" src=\"https:\/\/altisk-mlak.edu.hu\/wp-content\/uploads\/2023\/01\/iskoamise-4-193x300.jpg\" alt=\"\" width=\"193\" height=\"300\" srcset=\"https:\/\/altisk-mlak.edu.hu\/wp-content\/uploads\/2023\/01\/iskoamise-4-193x300.jpg 193w, https:\/\/altisk-mlak.edu.hu\/wp-content\/uploads\/2023\/01\/iskoamise-4-658x1024.jpg 658w, https:\/\/altisk-mlak.edu.hu\/wp-content\/uploads\/2023\/01\/iskoamise-4-768x1195.jpg 768w, https:\/\/altisk-mlak.edu.hu\/wp-content\/uploads\/2023\/01\/iskoamise-4-987x1536.jpg 987w, https:\/\/altisk-mlak.edu.hu\/wp-content\/uploads\/2023\/01\/iskoamise-4-386x600.jpg 386w, https:\/\/altisk-mlak.edu.hu\/wp-content\/uploads\/2023\/01\/iskoamise-4.jpg 1316w\" sizes=\"(max-width: 193px) 100vw, 193px\" \/><\/p>\n<p align=\"justify\"><span lang=\"hu-HU\">A r\u00e1bagyarmati tagint\u00e9zm\u00e9nyb\u0151l is meg\u00e9rkeztek a tanul\u00f3k \u00e9s tan\u00edt\u00f3 n\u00e9nik, hiszen Zsuzsa n\u00e9ni igaz\u00e1n az \u0151 h\u00e9tk\u00f6znapjaikb\u00f3l hi\u00e1nyzik, \u0151k azok, akik m\u00e1r alig v\u00e1rt\u00e1k, hogy v\u00e9gre visszat\u00e9rjen k\u00f6z\u00e9j\u00fck, \u00e9s folytat\u00f3djanak a sz\u00fcrke h\u00e9tk\u00f6znapok, amikor \u00e9szre sem vessz\u00fck, hogy val\u00f3j\u00e1ban milyen boldogok is vagyunk. <\/span><\/p>\n<table style=\"border-collapse: collapse;width: 100%\">\n<tbody>\n<tr>\n<td style=\"width: 50%\"><img decoding=\"async\" class=\"aligncenter size-large wp-image-1292\" src=\"https:\/\/altisk-mlak.edu.hu\/wp-content\/uploads\/2023\/01\/iskolamise-2-1024x800.jpg\" alt=\"\" width=\"604\" height=\"472\" srcset=\"https:\/\/altisk-mlak.edu.hu\/wp-content\/uploads\/2023\/01\/iskolamise-2-1024x800.jpg 1024w, https:\/\/altisk-mlak.edu.hu\/wp-content\/uploads\/2023\/01\/iskolamise-2-300x234.jpg 300w, https:\/\/altisk-mlak.edu.hu\/wp-content\/uploads\/2023\/01\/iskolamise-2-768x600.jpg 768w, https:\/\/altisk-mlak.edu.hu\/wp-content\/uploads\/2023\/01\/iskolamise-2-1536x1200.jpg 1536w, https:\/\/altisk-mlak.edu.hu\/wp-content\/uploads\/2023\/01\/iskolamise-2-600x469.jpg 600w, https:\/\/altisk-mlak.edu.hu\/wp-content\/uploads\/2023\/01\/iskolamise-2.jpg 2048w\" sizes=\"(max-width: 604px) 100vw, 604px\" \/><\/td>\n<td style=\"width: 50%\"><img decoding=\"async\" class=\"aligncenter size-large wp-image-1291\" src=\"https:\/\/altisk-mlak.edu.hu\/wp-content\/uploads\/2023\/01\/iskolamise-3-1024x685.jpg\" alt=\"\" width=\"604\" height=\"404\" srcset=\"https:\/\/altisk-mlak.edu.hu\/wp-content\/uploads\/2023\/01\/iskolamise-3-1024x685.jpg 1024w, https:\/\/altisk-mlak.edu.hu\/wp-content\/uploads\/2023\/01\/iskolamise-3-300x201.jpg 300w, https:\/\/altisk-mlak.edu.hu\/wp-content\/uploads\/2023\/01\/iskolamise-3-768x514.jpg 768w, https:\/\/altisk-mlak.edu.hu\/wp-content\/uploads\/2023\/01\/iskolamise-3-1536x1028.jpg 1536w, https:\/\/altisk-mlak.edu.hu\/wp-content\/uploads\/2023\/01\/iskolamise-3-600x401.jpg 600w, https:\/\/altisk-mlak.edu.hu\/wp-content\/uploads\/2023\/01\/iskolamise-3-272x182.jpg 272w, https:\/\/altisk-mlak.edu.hu\/wp-content\/uploads\/2023\/01\/iskolamise-3.jpg 2048w\" sizes=\"(max-width: 604px) 100vw, 604px\" \/><\/td>\n<\/tr>\n<\/tbody>\n<\/table>\n<p align=\"justify\"><span lang=\"hu-HU\">Az olvasm\u00e1nyt \u00e9s az egyetemes k\u00f6ny\u00f6rg\u00e9seket k\u00e9t b\u00e9rm\u00e1l\u00e1sra k\u00e9sz\u00fcl\u0151 nyolcadikos tanul\u00f3, Gupcsi Anna \u00e9s Doncsecz \u00c1d\u00e1m olvasta fel nagyon sz\u00e9pen, hangosan, \u00e9rthet\u0151en. A pr\u00e9dik\u00e1ci\u00f3ban Gyula atya arr\u00f3l besz\u00e9lt, hogy Zsuzsa n\u00e9ni el\u0151tt\u00fcnk ment el oda, ahonnan m\u00e1r senki nem v\u00e1gy\u00f3dik el m\u00e1shov\u00e1, \u00e9s hogy \u0151 m\u00e1r Isten szeretet\u00e9t l\u00e1tja, \u00e9s aki ezt l\u00e1thatja, az m\u00e1r semmi m\u00e1st nem v\u00e1gyik l\u00e1tni. <\/span><\/p>\n<p align=\"justify\"><img loading=\"lazy\" decoding=\"async\" class=\"aligncenter wp-image-1293 size-medium\" src=\"https:\/\/altisk-mlak.edu.hu\/wp-content\/uploads\/2023\/01\/iskolamise-1-247x300.jpg\" alt=\"\" width=\"247\" height=\"300\" srcset=\"https:\/\/altisk-mlak.edu.hu\/wp-content\/uploads\/2023\/01\/iskolamise-1-247x300.jpg 247w, https:\/\/altisk-mlak.edu.hu\/wp-content\/uploads\/2023\/01\/iskolamise-1-845x1024.jpg 845w, https:\/\/altisk-mlak.edu.hu\/wp-content\/uploads\/2023\/01\/iskolamise-1-768x931.jpg 768w, https:\/\/altisk-mlak.edu.hu\/wp-content\/uploads\/2023\/01\/iskolamise-1-1267x1536.jpg 1267w, https:\/\/altisk-mlak.edu.hu\/wp-content\/uploads\/2023\/01\/iskolamise-1-495x600.jpg 495w, https:\/\/altisk-mlak.edu.hu\/wp-content\/uploads\/2023\/01\/iskolamise-1.jpg 1689w\" sizes=\"(max-width: 247px) 100vw, 247px\" \/><\/p>\n<p align=\"justify\"><span lang=\"hu-HU\">A szentmise \u00e9nekeiben Isten szem\u00e9lyes, n\u00e9ven sz\u00f3l\u00edt\u00f3, gondoskod\u00f3 szeretet\u00e9r\u0151l, \u00e9s J\u00e9zus b\u0171nt\u0151l megszabad\u00edt\u00f3, megv\u00e1lt\u00f3, minket mennybe vezet\u0151 szeretet\u00e9r\u0151l im\u00e1dkoztunk. Az \u00e9nekek sz\u00edvb\u0151l j\u00f6v\u0151 hittel, eddig m\u00e9g sosem tapasztalt er\u0151vel zengtek. <\/span><\/p>\n<p align=\"justify\"><span lang=\"hu-HU\">Mindannyiunkat m\u00e9lyen megrend\u00edtett egy olyan szem\u00e9lynek az elveszt\u00e9se, aki a mindennapjainkhoz szorosan hozz\u00e1tartozott. Az els\u0151s kicsiket \u00e9s a meglett feln\u0151tteket is meg\u00e9rintett annak a val\u00f3s\u00e1gnak a megtapasztal\u00e1sa, hogy \u00e9let\u00fcnk milyen v\u00e9kony sz\u00e1lon f\u00fcgg, hogy ezt a v\u00e9kony sz\u00e1lat Isten tartja a kez\u00e9ben, \u00e9s hogy vannak dolgok, amelyekben nem mi d\u00f6nt\u00fcnk. A szentmis\u00e9n \u00e1tj\u00e1rt benn\u00fcnket a j\u00f3 Istenben val\u00f3 bizalom, hogy Zsuzsa n\u00e9ni j\u00f3 helyen van. A k\u00f6z\u00f6s im\u00e1ban eggy\u00e9 forrasztott benn\u00fcnket az Isten szeretet\u00e9ben val\u00f3 \u00f6sszetartoz\u00e1s \u00e9rz\u00e9se, hogy Zsuzsa n\u00e9ni az \u00e9rte mondott im\u00e1ds\u00e1gban vel\u00fcnk van, hogy az \u00e9rte mondott im\u00e1ds\u00e1g nem hi\u00e1baval\u00f3, hanem Isten elfogadja, \u00e9s az \u0151 jav\u00e1ra ford\u00edtja. <\/span><\/p>\n<p style=\"text-align: right\" align=\"justify\"><span lang=\"hu-HU\"> \u00c1gnes n\u0151v\u00e9r<\/span><\/p>\n","protected":false},"excerpt":{"rendered":"<p>2023.01.16-\u00e1n, h\u00e9tf\u0151 d\u00e9lut\u00e1n tartotta katolikus iskol\u00e1nk, Magyarlak-Cs\u00f6r\u00f6tnek \u00c1ltal\u00e1nos Iskol\u00e1ja els\u0151 gy\u00e1sz-iskolamis\u00e9j\u00e9t. A r\u00e1bagyarmati iskola tan\u00edt\u00f3 n\u00e9nije, Szalai Zsuzsa n\u00e9ni gy\u00f3gyul\u00e1s\u00e1\u00e9rt augusztusban t\u00f6rt\u00e9nt s\u00falyos balesete \u00f3ta folyamatosan im\u00e1dkoztunk, \u00edgy h\u00f3napokon \u00e1t bizakodva k\u00eds\u00e9rt\u00fck<a class=\"moretag\" href=\"https:\/\/altisk-mlak.edu.hu\/index.php\/elso-gyasz-iskolamisenk-zsuzsa-neniert\/\">Read More&#8230;<\/a><\/p>\n","protected":false},"author":3,"featured_media":0,"comment_status":"closed","ping_status":"closed","sticky":false,"template":"","format":"standard","meta":{"two_page_speed":[],"footnotes":""},"categories":[1],"tags":[],"class_list":["post-1290","post","type-post","status-publish","format-standard","hentry","category-egyeb"],"_links":{"self":[{"href":"https:\/\/altisk-mlak.edu.hu\/index.php\/wp-json\/wp\/v2\/posts\/1290","targetHints":{"allow":["GET"]}}],"collection":[{"href":"https:\/\/altisk-mlak.edu.hu\/index.php\/wp-json\/wp\/v2\/posts"}],"about":[{"href":"https:\/\/altisk-mlak.edu.hu\/index.php\/wp-json\/wp\/v2\/types\/post"}],"author":[{"embeddable":true,"href":"https:\/\/altisk-mlak.edu.hu\/index.php\/wp-json\/wp\/v2\/users\/3"}],"replies":[{"embeddable":true,"href":"https:\/\/altisk-mlak.edu.hu\/index.php\/wp-json\/wp\/v2\/comments?post=1290"}],"version-history":[{"count":2,"href":"https:\/\/altisk-mlak.edu.hu\/index.php\/wp-json\/wp\/v2\/posts\/1290\/revisions"}],"predecessor-version":[{"id":1296,"href":"https:\/\/altisk-mlak.edu.hu\/index.php\/wp-json\/wp\/v2\/posts\/1290\/revisions\/1296"}],"wp:attachment":[{"href":"https:\/\/altisk-mlak.edu.hu\/index.php\/wp-json\/wp\/v2\/media?parent=1290"}],"wp:term":[{"taxonomy":"category","embeddable":true,"href":"https:\/\/altisk-mlak.edu.hu\/index.php\/wp-json\/wp\/v2\/categories?post=1290"},{"taxonomy":"post_tag","embeddable":true,"href":"https:\/\/altisk-mlak.edu.hu\/index.php\/wp-json\/wp\/v2\/tags?post=1290"}],"curies":[{"name":"wp","href":"https:\/\/api.w.org\/{rel}","templated":true}]}}