{"id":1298,"date":"2023-01-25T09:52:48","date_gmt":"2023-01-25T09:52:48","guid":{"rendered":"https:\/\/altisk-mlak.edu.hu\/?p=1298"},"modified":"2023-01-26T10:37:58","modified_gmt":"2023-01-26T10:37:58","slug":"magyar-kultura-napja","status":"publish","type":"post","link":"https:\/\/altisk-mlak.edu.hu\/index.php\/magyar-kultura-napja\/","title":{"rendered":"Magyar kult\u00fara napja"},"content":{"rendered":"<p><span style=\"font-family: Times New Roman, serif\"><span style=\"font-size: medium\">Nemzeti im\u00e1ds\u00e1gunk, a Himnusz sz\u00fclet\u00e9s\u00e9nek 200. \u00e9vfordul\u00f3ja tisztelet\u00e9re k\u00f6z\u00f6s versmond\u00e1sra h\u00edvt\u00e1k meg a katolikus int\u00e9zm\u00e9nyek pedag\u00f3gusait, tanul\u00f3it. <\/span><\/span><\/p>\n<table style=\"border-collapse: collapse;width: 100%\">\n<tbody>\n<tr>\n<td style=\"width: 50%\"><img fetchpriority=\"high\" decoding=\"async\" class=\"aligncenter size-large wp-image-1302\" src=\"https:\/\/altisk-mlak.edu.hu\/wp-content\/uploads\/2023\/01\/20230120_095734-768x1024.jpg\" alt=\"\" width=\"604\" height=\"805\" srcset=\"https:\/\/altisk-mlak.edu.hu\/wp-content\/uploads\/2023\/01\/20230120_095734-768x1024.jpg 768w, https:\/\/altisk-mlak.edu.hu\/wp-content\/uploads\/2023\/01\/20230120_095734-225x300.jpg 225w, https:\/\/altisk-mlak.edu.hu\/wp-content\/uploads\/2023\/01\/20230120_095734-1152x1536.jpg 1152w, https:\/\/altisk-mlak.edu.hu\/wp-content\/uploads\/2023\/01\/20230120_095734-450x600.jpg 450w, https:\/\/altisk-mlak.edu.hu\/wp-content\/uploads\/2023\/01\/20230120_095734.jpg 1500w\" sizes=\"(max-width: 604px) 100vw, 604px\" \/><\/td>\n<td style=\"width: 50%\"><img decoding=\"async\" class=\"aligncenter size-large wp-image-1301\" src=\"https:\/\/altisk-mlak.edu.hu\/wp-content\/uploads\/2023\/01\/20230120_095744-768x1024.jpg\" alt=\"\" width=\"604\" height=\"805\" srcset=\"https:\/\/altisk-mlak.edu.hu\/wp-content\/uploads\/2023\/01\/20230120_095744-768x1024.jpg 768w, https:\/\/altisk-mlak.edu.hu\/wp-content\/uploads\/2023\/01\/20230120_095744-225x300.jpg 225w, https:\/\/altisk-mlak.edu.hu\/wp-content\/uploads\/2023\/01\/20230120_095744-1152x1536.jpg 1152w, https:\/\/altisk-mlak.edu.hu\/wp-content\/uploads\/2023\/01\/20230120_095744-450x600.jpg 450w, https:\/\/altisk-mlak.edu.hu\/wp-content\/uploads\/2023\/01\/20230120_095744.jpg 1500w\" sizes=\"(max-width: 604px) 100vw, 604px\" \/><\/td>\n<\/tr>\n<tr>\n<td style=\"width: 50%\"><img decoding=\"async\" class=\"aligncenter size-large wp-image-1300\" src=\"https:\/\/altisk-mlak.edu.hu\/wp-content\/uploads\/2023\/01\/20230120_095800-768x1024.jpg\" alt=\"\" width=\"604\" height=\"805\" srcset=\"https:\/\/altisk-mlak.edu.hu\/wp-content\/uploads\/2023\/01\/20230120_095800-768x1024.jpg 768w, https:\/\/altisk-mlak.edu.hu\/wp-content\/uploads\/2023\/01\/20230120_095800-225x300.jpg 225w, https:\/\/altisk-mlak.edu.hu\/wp-content\/uploads\/2023\/01\/20230120_095800-1152x1536.jpg 1152w, https:\/\/altisk-mlak.edu.hu\/wp-content\/uploads\/2023\/01\/20230120_095800-450x600.jpg 450w, https:\/\/altisk-mlak.edu.hu\/wp-content\/uploads\/2023\/01\/20230120_095800.jpg 1500w\" sizes=\"(max-width: 604px) 100vw, 604px\" \/><\/td>\n<td style=\"width: 50%\"><img loading=\"lazy\" decoding=\"async\" class=\"aligncenter size-large wp-image-1299\" src=\"https:\/\/altisk-mlak.edu.hu\/wp-content\/uploads\/2023\/01\/20230120_095756-768x1024.jpg\" alt=\"\" width=\"604\" height=\"805\" srcset=\"https:\/\/altisk-mlak.edu.hu\/wp-content\/uploads\/2023\/01\/20230120_095756-768x1024.jpg 768w, https:\/\/altisk-mlak.edu.hu\/wp-content\/uploads\/2023\/01\/20230120_095756-225x300.jpg 225w, https:\/\/altisk-mlak.edu.hu\/wp-content\/uploads\/2023\/01\/20230120_095756-1152x1536.jpg 1152w, https:\/\/altisk-mlak.edu.hu\/wp-content\/uploads\/2023\/01\/20230120_095756-450x600.jpg 450w, https:\/\/altisk-mlak.edu.hu\/wp-content\/uploads\/2023\/01\/20230120_095756.jpg 1500w\" sizes=\"(max-width: 604px) 100vw, 604px\" \/><\/td>\n<\/tr>\n<\/tbody>\n<\/table>\n<p align=\"justify\"><span style=\"font-family: Times New Roman, serif\"><span style=\"font-size: medium\">Id\u00e9n janu\u00e1r 22-e, a magyar kult\u00fara napja, vas\u00e1rnapra esett, ez\u00e9rt 2023. janu\u00e1r 20-\u00e1n, p\u00e9ntek d\u00e9lel\u0151tt 10 \u00f3rakor szavaltuk el iskol\u00e1nkban is k\u00f6z\u00f6sen, csatlakozva a felh\u00edv\u00e1shoz, K\u00f6lcsey Ferenc Himnusz c\u00edm\u0171 m\u0171v\u00e9t.<\/span><\/span><\/p>\n<p style=\"text-align: right\" align=\"justify\"><i>T\u00f3thn\u00e9 Tak\u00e1cs Hajnalka<\/i><\/p>\n","protected":false},"excerpt":{"rendered":"<p>Nemzeti im\u00e1ds\u00e1gunk, a Himnusz sz\u00fclet\u00e9s\u00e9nek 200. \u00e9vfordul\u00f3ja tisztelet\u00e9re k\u00f6z\u00f6s versmond\u00e1sra h\u00edvt\u00e1k meg a katolikus int\u00e9zm\u00e9nyek pedag\u00f3gusait, tanul\u00f3it. Id\u00e9n janu\u00e1r 22-e, a magyar kult\u00fara napja, vas\u00e1rnapra esett, ez\u00e9rt 2023. janu\u00e1r 20-\u00e1n, p\u00e9ntek d\u00e9lel\u0151tt<a class=\"moretag\" href=\"https:\/\/altisk-mlak.edu.hu\/index.php\/magyar-kultura-napja\/\">Read More&#8230;<\/a><\/p>\n","protected":false},"author":3,"featured_media":0,"comment_status":"closed","ping_status":"closed","sticky":false,"template":"","format":"standard","meta":{"two_page_speed":[],"footnotes":""},"categories":[1],"tags":[],"class_list":["post-1298","post","type-post","status-publish","format-standard","hentry","category-egyeb"],"_links":{"self":[{"href":"https:\/\/altisk-mlak.edu.hu\/index.php\/wp-json\/wp\/v2\/posts\/1298","targetHints":{"allow":["GET"]}}],"collection":[{"href":"https:\/\/altisk-mlak.edu.hu\/index.php\/wp-json\/wp\/v2\/posts"}],"about":[{"href":"https:\/\/altisk-mlak.edu.hu\/index.php\/wp-json\/wp\/v2\/types\/post"}],"author":[{"embeddable":true,"href":"https:\/\/altisk-mlak.edu.hu\/index.php\/wp-json\/wp\/v2\/users\/3"}],"replies":[{"embeddable":true,"href":"https:\/\/altisk-mlak.edu.hu\/index.php\/wp-json\/wp\/v2\/comments?post=1298"}],"version-history":[{"count":3,"href":"https:\/\/altisk-mlak.edu.hu\/index.php\/wp-json\/wp\/v2\/posts\/1298\/revisions"}],"predecessor-version":[{"id":1305,"href":"https:\/\/altisk-mlak.edu.hu\/index.php\/wp-json\/wp\/v2\/posts\/1298\/revisions\/1305"}],"wp:attachment":[{"href":"https:\/\/altisk-mlak.edu.hu\/index.php\/wp-json\/wp\/v2\/media?parent=1298"}],"wp:term":[{"taxonomy":"category","embeddable":true,"href":"https:\/\/altisk-mlak.edu.hu\/index.php\/wp-json\/wp\/v2\/categories?post=1298"},{"taxonomy":"post_tag","embeddable":true,"href":"https:\/\/altisk-mlak.edu.hu\/index.php\/wp-json\/wp\/v2\/tags?post=1298"}],"curies":[{"name":"wp","href":"https:\/\/api.w.org\/{rel}","templated":true}]}}