{"id":1316,"date":"2023-01-31T10:47:34","date_gmt":"2023-01-31T10:47:34","guid":{"rendered":"https:\/\/altisk-mlak.edu.hu\/?p=1316"},"modified":"2023-02-02T08:08:55","modified_gmt":"2023-02-02T08:08:55","slug":"iskolamise-2","status":"publish","type":"post","link":"https:\/\/altisk-mlak.edu.hu\/index.php\/iskolamise-2\/","title":{"rendered":"ISKOLAMISE"},"content":{"rendered":"<p align=\"justify\"><span class=\"sd-abs-pos\"><img fetchpriority=\"high\" decoding=\"async\" class=\"size-full wp-image-1173 alignleft\" src=\"https:\/\/altisk-mlak.edu.hu\/wp-content\/uploads\/2022\/11\/iskolamise.jpg\" alt=\"\" width=\"195\" height=\"258\" \/> <\/span><span style=\"font-size: 24pt;font-family: helvetica, arial, sans-serif\"><b>2023. <\/b><span style=\"color: #ff0000\"><b>febru\u00e1r 6-\u00e1n <\/b><\/span><b>(h\u00e9tf\u0151n) <\/b><span style=\"color: #ff0000\"><b>14.30 \u00f3rakor <\/b><\/span><b>iskolamise lesz a <\/b><span style=\"color: #ff0000\"><b>Magyarlak-Cs\u00f6r\u00f6tnek \u00c1ltal\u00e1nos Iskola aul\u00e1j\u00e1ban<\/b><\/span><b>. <\/b><\/span><\/p>\n<p align=\"justify\"><span style=\"font-size: 24pt;font-family: helvetica, arial, sans-serif\"> <b>Az iskolamis\u00e9n <\/b><span style=\"color: #ff0000\"><b>Bal\u00e1zs-\u00e1ld\u00e1s<\/b><\/span><b>ban r\u00e9szes\u00fclnek a gyermekek \u00e9s a dolgoz\u00f3k, \u00e9s egy\u00fctt <\/b><span style=\"color: #ff0000\"><b>im\u00e1dkozunk a b\u00e9k\u00e9\u00e9rt<\/b><\/span><b>.<\/b><\/span><\/p>\n<p align=\"center\"><span style=\"font-size: 24pt;font-family: helvetica, arial, sans-serif\"><b>A mis\u00e9t bemutatja: Dr. Tak\u00e1cs Gyula iskolalelk\u00e9sz<\/b><\/span><\/p>\n<p>&nbsp;<\/p>\n<p align=\"center\"><span style=\"color: #ff0000\"><span style=\"font-size: 300%\">J\u00c9ZUS T\u00c9GED IS V\u00c1R!<\/span><\/span><\/p>\n","protected":false},"excerpt":{"rendered":"<p>2023. febru\u00e1r 6-\u00e1n (h\u00e9tf\u0151n) 14.30 \u00f3rakor iskolamise lesz a Magyarlak-Cs\u00f6r\u00f6tnek \u00c1ltal\u00e1nos Iskola aul\u00e1j\u00e1ban. Az iskolamis\u00e9n Bal\u00e1zs-\u00e1ld\u00e1sban r\u00e9szes\u00fclnek a gyermekek \u00e9s a dolgoz\u00f3k, \u00e9s egy\u00fctt im\u00e1dkozunk a b\u00e9k\u00e9\u00e9rt. A mis\u00e9t bemutatja: Dr. Tak\u00e1cs<a class=\"moretag\" href=\"https:\/\/altisk-mlak.edu.hu\/index.php\/iskolamise-2\/\">Read More&#8230;<\/a><\/p>\n","protected":false},"author":3,"featured_media":0,"comment_status":"closed","ping_status":"closed","sticky":false,"template":"","format":"standard","meta":{"two_page_speed":[],"footnotes":""},"categories":[1],"tags":[],"class_list":["post-1316","post","type-post","status-publish","format-standard","hentry","category-egyeb"],"_links":{"self":[{"href":"https:\/\/altisk-mlak.edu.hu\/index.php\/wp-json\/wp\/v2\/posts\/1316","targetHints":{"allow":["GET"]}}],"collection":[{"href":"https:\/\/altisk-mlak.edu.hu\/index.php\/wp-json\/wp\/v2\/posts"}],"about":[{"href":"https:\/\/altisk-mlak.edu.hu\/index.php\/wp-json\/wp\/v2\/types\/post"}],"author":[{"embeddable":true,"href":"https:\/\/altisk-mlak.edu.hu\/index.php\/wp-json\/wp\/v2\/users\/3"}],"replies":[{"embeddable":true,"href":"https:\/\/altisk-mlak.edu.hu\/index.php\/wp-json\/wp\/v2\/comments?post=1316"}],"version-history":[{"count":2,"href":"https:\/\/altisk-mlak.edu.hu\/index.php\/wp-json\/wp\/v2\/posts\/1316\/revisions"}],"predecessor-version":[{"id":1318,"href":"https:\/\/altisk-mlak.edu.hu\/index.php\/wp-json\/wp\/v2\/posts\/1316\/revisions\/1318"}],"wp:attachment":[{"href":"https:\/\/altisk-mlak.edu.hu\/index.php\/wp-json\/wp\/v2\/media?parent=1316"}],"wp:term":[{"taxonomy":"category","embeddable":true,"href":"https:\/\/altisk-mlak.edu.hu\/index.php\/wp-json\/wp\/v2\/categories?post=1316"},{"taxonomy":"post_tag","embeddable":true,"href":"https:\/\/altisk-mlak.edu.hu\/index.php\/wp-json\/wp\/v2\/tags?post=1316"}],"curies":[{"name":"wp","href":"https:\/\/api.w.org\/{rel}","templated":true}]}}