{"id":1320,"date":"2023-02-02T08:11:26","date_gmt":"2023-02-02T08:11:26","guid":{"rendered":"https:\/\/altisk-mlak.edu.hu\/?p=1320"},"modified":"2023-02-03T07:22:09","modified_gmt":"2023-02-03T07:22:09","slug":"meghivo-nyilt-napra","status":"publish","type":"post","link":"https:\/\/altisk-mlak.edu.hu\/index.php\/meghivo-nyilt-napra\/","title":{"rendered":"Megh\u00edv\u00f3 ny\u00edlt napra"},"content":{"rendered":"<table class=\"aligncenter\" style=\"width: 100%;border-collapse: collapse;border-style: double;border-color: #8c610b\" border=\"3\" cellpadding=\"5\">\n<tbody>\n<tr>\n<td style=\"width: 100%\">\n<p align=\"center\"><span style=\"color: #2e74b5\"><span style=\"font-family: Times New Roman, serif\"><span style=\"font-size: x-large\"><b>NY\u00cdLT NAP A MAGYARLAK-CS\u00d6R\u00d6TNEK \u00c1LTAL\u00c1NOS ISKOL\u00c1BAN<\/b><\/span><\/span><\/span><\/p>\n<p align=\"center\"><img fetchpriority=\"high\" decoding=\"async\" class=\"aligncenter size-medium wp-image-1321\" src=\"https:\/\/altisk-mlak.edu.hu\/wp-content\/uploads\/2023\/02\/meghivora-300x209.png\" alt=\"\" width=\"300\" height=\"209\" srcset=\"https:\/\/altisk-mlak.edu.hu\/wp-content\/uploads\/2023\/02\/meghivora-300x209.png 300w, https:\/\/altisk-mlak.edu.hu\/wp-content\/uploads\/2023\/02\/meghivora-768x536.png 768w, https:\/\/altisk-mlak.edu.hu\/wp-content\/uploads\/2023\/02\/meghivora-600x419.png 600w, https:\/\/altisk-mlak.edu.hu\/wp-content\/uploads\/2023\/02\/meghivora.png 800w\" sizes=\"(max-width: 300px) 100vw, 300px\" \/><\/p>\n<p class=\"western\" align=\"justify\"><span style=\"font-size: large\"><b>Szeretettel h\u00edvjuk \u00e9s v\u00e1rjuk a nagycsoportos \u00f3vod\u00e1sokat \u00e9s sz\u00fcleiket <\/b><\/span><span style=\"color: #ff0000\"><span style=\"font-size: large\"><b>2023. febru\u00e1r 13-\u00e1n (h\u00e9tf\u0151) \u00e9s febru\u00e1r 14-\u00e9n (kedd) 9.45 \u00f3rakor kezd\u0151d\u0151 ny\u00edlt napjainkra. <\/b><\/span><\/span><span style=\"font-size: large\"><b>K\u00e9rj\u00fck, l\u00e1togassanak el hozz\u00e1nk, \u00e9s ismerkedjenek meg iskol\u00e1nkkal \u00e9s a tan\u00edt\u00f3 n\u00e9nikkel!<\/b><\/span><\/p>\n<p class=\"western\" align=\"justify\"><span style=\"font-size: large\"><b>Iskol\u00e1nk c\u00edme: 9962 Magyarlak, Kossuth Lajos \u00fat 236.<\/b><\/span><\/p>\n<p class=\"western\" align=\"justify\"><span style=\"font-size: large\"><b>B\u0151vebb inform\u00e1ci\u00f3 k\u00e9rhet\u0151 az al\u00e1bbi telefonsz\u00e1mon: (20)\u00a0997 3810<\/b><\/span><\/p>\n<p class=\"western\" align=\"justify\">\n<p class=\"western\" align=\"justify\"><span style=\"font-size: large\"><b>Magyarlak, 2023. febru\u00e1r 1.<\/b><\/span><\/p>\n<p class=\"western\" align=\"center\"><span style=\"font-size: large\"><b>Mezein\u00e9 Kiss Katalin Melinda<\/b><\/span><\/p>\n<p class=\"western\" align=\"center\"><span style=\"font-size: large\"><b>tagint\u00e9zm\u00e9ny-vezet\u0151<\/b><\/span><\/p>\n<\/td>\n<\/tr>\n<\/tbody>\n<\/table>\n<p>&nbsp;<\/p>\n","protected":false},"excerpt":{"rendered":"<p>NY\u00cdLT NAP A MAGYARLAK-CS\u00d6R\u00d6TNEK \u00c1LTAL\u00c1NOS ISKOL\u00c1BAN Szeretettel h\u00edvjuk \u00e9s v\u00e1rjuk a nagycsoportos \u00f3vod\u00e1sokat \u00e9s sz\u00fcleiket 2023. febru\u00e1r 13-\u00e1n (h\u00e9tf\u0151) \u00e9s febru\u00e1r 14-\u00e9n (kedd) 9.45 \u00f3rakor kezd\u0151d\u0151 ny\u00edlt napjainkra. K\u00e9rj\u00fck, l\u00e1togassanak el hozz\u00e1nk,<a class=\"moretag\" href=\"https:\/\/altisk-mlak.edu.hu\/index.php\/meghivo-nyilt-napra\/\">Read More&#8230;<\/a><\/p>\n","protected":false},"author":3,"featured_media":0,"comment_status":"closed","ping_status":"closed","sticky":false,"template":"","format":"standard","meta":{"two_page_speed":[],"footnotes":""},"categories":[1],"tags":[],"class_list":["post-1320","post","type-post","status-publish","format-standard","hentry","category-egyeb"],"_links":{"self":[{"href":"https:\/\/altisk-mlak.edu.hu\/index.php\/wp-json\/wp\/v2\/posts\/1320","targetHints":{"allow":["GET"]}}],"collection":[{"href":"https:\/\/altisk-mlak.edu.hu\/index.php\/wp-json\/wp\/v2\/posts"}],"about":[{"href":"https:\/\/altisk-mlak.edu.hu\/index.php\/wp-json\/wp\/v2\/types\/post"}],"author":[{"embeddable":true,"href":"https:\/\/altisk-mlak.edu.hu\/index.php\/wp-json\/wp\/v2\/users\/3"}],"replies":[{"embeddable":true,"href":"https:\/\/altisk-mlak.edu.hu\/index.php\/wp-json\/wp\/v2\/comments?post=1320"}],"version-history":[{"count":2,"href":"https:\/\/altisk-mlak.edu.hu\/index.php\/wp-json\/wp\/v2\/posts\/1320\/revisions"}],"predecessor-version":[{"id":1323,"href":"https:\/\/altisk-mlak.edu.hu\/index.php\/wp-json\/wp\/v2\/posts\/1320\/revisions\/1323"}],"wp:attachment":[{"href":"https:\/\/altisk-mlak.edu.hu\/index.php\/wp-json\/wp\/v2\/media?parent=1320"}],"wp:term":[{"taxonomy":"category","embeddable":true,"href":"https:\/\/altisk-mlak.edu.hu\/index.php\/wp-json\/wp\/v2\/categories?post=1320"},{"taxonomy":"post_tag","embeddable":true,"href":"https:\/\/altisk-mlak.edu.hu\/index.php\/wp-json\/wp\/v2\/tags?post=1320"}],"curies":[{"name":"wp","href":"https:\/\/api.w.org\/{rel}","templated":true}]}}