{"id":1324,"date":"2023-02-03T07:30:29","date_gmt":"2023-02-03T07:30:29","guid":{"rendered":"https:\/\/altisk-mlak.edu.hu\/?p=1324"},"modified":"2023-02-16T10:05:40","modified_gmt":"2023-02-16T10:05:40","slug":"az-ev-iskolarendore-nemeth-gabor","status":"publish","type":"post","link":"https:\/\/altisk-mlak.edu.hu\/index.php\/az-ev-iskolarendore-nemeth-gabor\/","title":{"rendered":"Az \u00e9v iskolarend\u0151re: N\u00e9meth G\u00e1bor"},"content":{"rendered":"<p><img decoding=\"async\" class=\"aligncenter size-medium wp-image-1325\" src=\"https:\/\/altisk-mlak.edu.hu\/wp-content\/uploads\/2023\/02\/iskolarendor1-163x300.png\" alt=\"\" width=\"163\" height=\"300\" srcset=\"https:\/\/altisk-mlak.edu.hu\/wp-content\/uploads\/2023\/02\/iskolarendor1-163x300.png 163w, https:\/\/altisk-mlak.edu.hu\/wp-content\/uploads\/2023\/02\/iskolarendor1-556x1024.png 556w, https:\/\/altisk-mlak.edu.hu\/wp-content\/uploads\/2023\/02\/iskolarendor1-768x1415.png 768w, https:\/\/altisk-mlak.edu.hu\/wp-content\/uploads\/2023\/02\/iskolarendor1-833x1536.png 833w, https:\/\/altisk-mlak.edu.hu\/wp-content\/uploads\/2023\/02\/iskolarendor1-326x600.png 326w, https:\/\/altisk-mlak.edu.hu\/wp-content\/uploads\/2023\/02\/iskolarendor1.png 1000w\" sizes=\"(max-width: 163px) 100vw, 163px\" \/><\/p>\n<p style=\"text-align: justify\">N\u00e9meth G\u00e1bor, a Magyarlak-Cs\u00f6r\u00f6tnek \u00c1ltal\u00e1nos Iskol\u00e1ja iskolarend\u0151re \u00e9rdemelte ki \u201eAz \u00e9v iskolarend\u0151re\u201d c. rangos kit\u00fcntet\u00e9st 2022-ben Vas megy\u00e9ben. Az elismer\u00e9st a napokban vette \u00e1t Budapesten, az Orsz\u00e1gos Rend\u00e9szeti Igazgat\u00e1si K\u00f6zpontban (Teve utcai \u201e\u00dcvegpalot\u00e1ban\u201d) a 8. Iskolarend\u0151r Szakmai Napon.<\/p>\n<p><img fetchpriority=\"high\" decoding=\"async\" class=\"aligncenter size-medium wp-image-1326\" src=\"https:\/\/altisk-mlak.edu.hu\/wp-content\/uploads\/2023\/02\/iskolarendor2-300x200.png\" alt=\"\" width=\"300\" height=\"200\" srcset=\"https:\/\/altisk-mlak.edu.hu\/wp-content\/uploads\/2023\/02\/iskolarendor2-300x200.png 300w, https:\/\/altisk-mlak.edu.hu\/wp-content\/uploads\/2023\/02\/iskolarendor2-1024x683.png 1024w, https:\/\/altisk-mlak.edu.hu\/wp-content\/uploads\/2023\/02\/iskolarendor2-768x512.png 768w, https:\/\/altisk-mlak.edu.hu\/wp-content\/uploads\/2023\/02\/iskolarendor2-600x400.png 600w, https:\/\/altisk-mlak.edu.hu\/wp-content\/uploads\/2023\/02\/iskolarendor2-272x182.png 272w, https:\/\/altisk-mlak.edu.hu\/wp-content\/uploads\/2023\/02\/iskolarendor2.png 1500w\" sizes=\"(max-width: 300px) 100vw, 300px\" \/><\/p>\n<p style=\"text-align: justify\">N\u00e9meth G\u00e1bor 12 \u00e9ve l\u00e1tja el az iskolarend\u0151ri szolg\u00e1latot a Magyarlak-Cs\u00f6r\u00f6tnek \u00c1ltal\u00e1nos Iskol\u00e1ban. Munk\u00e1j\u00e1t lelkiismeretesen \u00e9s magas sz\u00ednvonalon v\u00e9gzi. Folyamatosan tartja a kapcsolatot az iskol\u00e1val, \u00e9s rendszeresen r\u00e9szt vesz az iskola rendezv\u00e9nyein (\u00e9vnyit\u00f3, \u00e9vz\u00e1r\u00f3, ballag\u00e1s, kultur\u00e1lis \u00e9s \u00f6koiskolai programok). A tagint\u00e9zm\u00e9ny nagyrendezv\u00e9nyein seg\u00edt a forgalomir\u00e1ny\u00edt\u00e1sban is. Kimagasl\u00f3 prevenci\u00f3s tev\u00e9kenys\u00e9get v\u00e9gez a k\u00f6zleked\u00e9sbiztons\u00e1g \u00e9s a b\u0171nmegel\u0151z\u00e9s ter\u00e9n t\u00e1j\u00e9koztat\u00f3 el\u0151ad\u00e1saival. Tan\u00e1csad\u00e1ssal seg\u00edtette egy h\u00e1tr\u00e1nyos helyzet\u0171 tanul\u00f3nk p\u00e1lyav\u00e1laszt\u00e1s\u00e1t. T\u00f6bb esetben k\u00f6zrem\u0171k\u00f6d\u00f6tt a k\u00fcl\u00f6nf\u00e9le konfliktushelyzetek megold\u00e1s\u00e1ban. Az iskola k\u00f6z\u00f6ss\u00e9ge N\u00e9meth G\u00e1bort, a kedves, megb\u00edzhat\u00f3 \u00e9s seg\u00edt\u0151k\u00e9sz iskolarend\u0151rt ismerte meg szem\u00e9ly\u00e9ben. Szeretettel gratul\u00e1lunk a kit\u00fcntet\u00e9shez, j\u00f3 eg\u00e9szs\u00e9get \u00e9s tov\u00e1bbi szakmai sikereket k\u00edv\u00e1nunk!<\/p>\n<p style=\"text-align: left\">Magyarlak, 2023. febru\u00e1r 2.<\/p>\n<p style=\"text-align: right\"><i>Mezein\u00e9 Kiss Katalin<\/i><\/p>\n","protected":false},"excerpt":{"rendered":"<p>N\u00e9meth G\u00e1bor, a Magyarlak-Cs\u00f6r\u00f6tnek \u00c1ltal\u00e1nos Iskol\u00e1ja iskolarend\u0151re \u00e9rdemelte ki \u201eAz \u00e9v iskolarend\u0151re\u201d c. rangos kit\u00fcntet\u00e9st 2022-ben Vas megy\u00e9ben. Az elismer\u00e9st a napokban vette \u00e1t Budapesten, az Orsz\u00e1gos Rend\u00e9szeti Igazgat\u00e1si K\u00f6zpontban (Teve utcai<a class=\"moretag\" href=\"https:\/\/altisk-mlak.edu.hu\/index.php\/az-ev-iskolarendore-nemeth-gabor\/\">Read More&#8230;<\/a><\/p>\n","protected":false},"author":3,"featured_media":0,"comment_status":"closed","ping_status":"closed","sticky":false,"template":"","format":"standard","meta":{"two_page_speed":[],"footnotes":""},"categories":[1],"tags":[],"class_list":["post-1324","post","type-post","status-publish","format-standard","hentry","category-egyeb"],"_links":{"self":[{"href":"https:\/\/altisk-mlak.edu.hu\/index.php\/wp-json\/wp\/v2\/posts\/1324","targetHints":{"allow":["GET"]}}],"collection":[{"href":"https:\/\/altisk-mlak.edu.hu\/index.php\/wp-json\/wp\/v2\/posts"}],"about":[{"href":"https:\/\/altisk-mlak.edu.hu\/index.php\/wp-json\/wp\/v2\/types\/post"}],"author":[{"embeddable":true,"href":"https:\/\/altisk-mlak.edu.hu\/index.php\/wp-json\/wp\/v2\/users\/3"}],"replies":[{"embeddable":true,"href":"https:\/\/altisk-mlak.edu.hu\/index.php\/wp-json\/wp\/v2\/comments?post=1324"}],"version-history":[{"count":2,"href":"https:\/\/altisk-mlak.edu.hu\/index.php\/wp-json\/wp\/v2\/posts\/1324\/revisions"}],"predecessor-version":[{"id":1328,"href":"https:\/\/altisk-mlak.edu.hu\/index.php\/wp-json\/wp\/v2\/posts\/1324\/revisions\/1328"}],"wp:attachment":[{"href":"https:\/\/altisk-mlak.edu.hu\/index.php\/wp-json\/wp\/v2\/media?parent=1324"}],"wp:term":[{"taxonomy":"category","embeddable":true,"href":"https:\/\/altisk-mlak.edu.hu\/index.php\/wp-json\/wp\/v2\/categories?post=1324"},{"taxonomy":"post_tag","embeddable":true,"href":"https:\/\/altisk-mlak.edu.hu\/index.php\/wp-json\/wp\/v2\/tags?post=1324"}],"curies":[{"name":"wp","href":"https:\/\/api.w.org\/{rel}","templated":true}]}}