{"id":1330,"date":"2023-02-16T10:11:48","date_gmt":"2023-02-16T10:11:48","guid":{"rendered":"https:\/\/altisk-mlak.edu.hu\/?p=1330"},"modified":"2023-02-22T09:29:53","modified_gmt":"2023-02-22T09:29:53","slug":"februari-iskolamise-a-magyarlak-csorotnek-altalanos-iskolaban","status":"publish","type":"post","link":"https:\/\/altisk-mlak.edu.hu\/index.php\/februari-iskolamise-a-magyarlak-csorotnek-altalanos-iskolaban\/","title":{"rendered":"Febru\u00e1ri iskolamise a Magyarlak-Cs\u00f6r\u00f6tnek \u00c1ltal\u00e1nos Iskol\u00e1ban"},"content":{"rendered":"<p align=\"justify\"><span lang=\"hu-HU\">Febru\u00e1ri iskolamis\u00e9nket n\u00e9h\u00e1ny nappal Szent Bal\u00e1zs p\u00fcsp\u00f6k \u00e9s v\u00e9rtan\u00fa \u00fcnnepe ut\u00e1n tartotta Gyula atya iskol\u00e1nk aul\u00e1j\u00e1ban. A gyerekek tan\u00edt\u00e1s ut\u00e1n hazamentek eb\u00e9delni, de mindenki pontosan, s\u0151t ink\u00e1bb n\u00e9h\u00e1ny perccel el\u0151bb vissza\u00e9rkezett, ez is mutatja, hogy sz\u00e1mukra is \u00e9lm\u00e9nyt jelent az iskolai k\u00f6z\u00f6ss\u00e9gben \u00e1t\u00e9lt szentmise. A t\u00e1volabb lak\u00f3, \u00edgy az iskol\u00e1ban maradt n\u00e9h\u00e1ny tanul\u00f3 m\u00e1r gyakorlottan seg\u00edtett a szentmise el\u0151k\u00e9sz\u00fcleteiben: tornapadokkal, sz\u00e9kekkel \u00e9s k\u00e9t polc seg\u00edts\u00e9g\u00e9vel rendezkedt\u00fcnk be. Az olt\u00e1rt Gyula atya szint\u00e9n a gyerekek seg\u00edts\u00e9g\u00e9vel k\u00e9sz\u00edtette el\u0151 a szentmis\u00e9re, v\u00e9g\u00fcl gy\u00f6ny\u00f6r\u0171 liliomcsokor ker\u00fclt az olt\u00e1r el\u00e9 Kati n\u00e9ni j\u00f3volt\u00e1b\u00f3l. <\/span><\/p>\n<p align=\"justify\"><img fetchpriority=\"high\" decoding=\"async\" class=\"aligncenter size-large wp-image-1332\" src=\"https:\/\/altisk-mlak.edu.hu\/wp-content\/uploads\/2023\/02\/IMG_20230206_164410-1024x699.jpg\" alt=\"\" width=\"604\" height=\"412\" srcset=\"https:\/\/altisk-mlak.edu.hu\/wp-content\/uploads\/2023\/02\/IMG_20230206_164410-1024x699.jpg 1024w, https:\/\/altisk-mlak.edu.hu\/wp-content\/uploads\/2023\/02\/IMG_20230206_164410-300x205.jpg 300w, https:\/\/altisk-mlak.edu.hu\/wp-content\/uploads\/2023\/02\/IMG_20230206_164410-768x524.jpg 768w, https:\/\/altisk-mlak.edu.hu\/wp-content\/uploads\/2023\/02\/IMG_20230206_164410-1536x1048.jpg 1536w, https:\/\/altisk-mlak.edu.hu\/wp-content\/uploads\/2023\/02\/IMG_20230206_164410-600x410.jpg 600w, https:\/\/altisk-mlak.edu.hu\/wp-content\/uploads\/2023\/02\/IMG_20230206_164410.jpg 2000w\" sizes=\"(max-width: 604px) 100vw, 604px\" \/><\/p>\n<p align=\"justify\"><span lang=\"hu-HU\">Az olvasm\u00e1nyt Gupcsi Anna 8. oszt\u00e1lyos tanul\u00f3, az egyetemes k\u00f6ny\u00f6rg\u00e9seket Mesics Patr\u00edcia 5. oszt\u00e1lyos tanul\u00f3 olvasta fel nagyon sz\u00e9pen, \u00e9rthet\u0151en. Gyula atya pr\u00e9dik\u00e1ci\u00f3j\u00e1ban arr\u00f3l besz\u00e9lt, hogy k\u00e9t sz\u00f3t hozott nek\u00fcnk: b\u00e9ke \u00e9s bar\u00e1ts\u00e1g. Szent Bal\u00e1zs p\u00fcsp\u00f6k \u00e9s v\u00e9rtan\u00fa b\u00e9k\u00e9ben \u00e9lt Istennel, \u00edgy tudott bar\u00e1ts\u00e1gban lenni embert\u00e1rsaival \u2013 nek\u00fcnk is erre kel t\u00f6rekedn\u00fcnk, ebben k\u00f6vethetj\u00fck \u0151t. A szentmise \u00e9nekeiben a b\u00e9k\u00e9t k\u00e9rt\u00fck Istent\u0151l: \u201eAdj b\u00e9k\u00e9t sz\u00edv\u00fcnknek, b\u00e9k\u00e9t csal\u00e1dunknak, b\u00e9k\u00e9t nemzet\u00fcnknek, b\u00e9k\u00e9t a vil\u00e1gnak!\u201d <\/span><\/p>\n<p align=\"justify\"><span lang=\"hu-HU\">A szentmise v\u00e9g\u00e9n Gyula atya Bal\u00e1zs-\u00e1ld\u00e1sban r\u00e9szes\u00edtette a gyermekeket, tan\u00e1rokat, \u00e9s az iskola dolgoz\u00f3it, ami a t\u00e9l v\u00e9ge fel\u00e9 k\u00f6zeledve, a szinte folyamatoss\u00e1 v\u00e1l\u00f3 influenza-j\u00e1rv\u00e1nyok idej\u00e9n nagyon is aktu\u00e1lis: \u201eSzent Bal\u00e1zs p\u00fcsp\u00f6k \u00e9s v\u00e9rtan\u00fa k\u00f6zbenj\u00e1r\u00e1s\u00e1ra v\u00e9djen meg t\u00e9ged a mindenhat\u00f3 Isten a torokbajt\u00f3l \u00e9s minden m\u00e1s bajt\u00f3l!\u201d \u00cdgy a Bal\u00e1zs-\u00e1ld\u00e1s oltalm\u00e1ban v\u00e9szelhetj\u00fck \u00e1t a m\u00e9g el\u0151tt\u00fcnk \u00e1ll\u00f3 t\u00e9li heteket.<\/span><\/p>\n<p align=\"justify\"><img decoding=\"async\" class=\"aligncenter size-large wp-image-1331\" src=\"https:\/\/altisk-mlak.edu.hu\/wp-content\/uploads\/2023\/02\/IMG_20230206_165100-1024x750.jpg\" alt=\"\" width=\"604\" height=\"442\" srcset=\"https:\/\/altisk-mlak.edu.hu\/wp-content\/uploads\/2023\/02\/IMG_20230206_165100-1024x750.jpg 1024w, https:\/\/altisk-mlak.edu.hu\/wp-content\/uploads\/2023\/02\/IMG_20230206_165100-300x220.jpg 300w, https:\/\/altisk-mlak.edu.hu\/wp-content\/uploads\/2023\/02\/IMG_20230206_165100-768x563.jpg 768w, https:\/\/altisk-mlak.edu.hu\/wp-content\/uploads\/2023\/02\/IMG_20230206_165100-1536x1125.jpg 1536w, https:\/\/altisk-mlak.edu.hu\/wp-content\/uploads\/2023\/02\/IMG_20230206_165100-600x440.jpg 600w, https:\/\/altisk-mlak.edu.hu\/wp-content\/uploads\/2023\/02\/IMG_20230206_165100.jpg 2000w\" sizes=\"(max-width: 604px) 100vw, 604px\" \/><\/p>\n<p align=\"justify\"><span lang=\"hu-HU\">A szentmise bens\u0151s\u00e9ges hangulatban \u00e9s \u0151szinte im\u00e1ban telt el. Isten l\u00e1tja j\u00f3akaratunkat, amit a szentmis\u00e9n val\u00f3 buzg\u00f3 r\u00e9szv\u00e9tellel mutattunk ki, \u00e9s rem\u00e9lj\u00fck, meghallgatja k\u00e9r\u00e9seinket, hisz azt k\u00e9rj\u00fck T\u0151le, ami neki is kedves. <\/span><\/p>\n<p style=\"text-align: right;\" align=\"justify\"><span lang=\"hu-HU\"> \u00c1gnes n\u0151v\u00e9r<\/span><\/p>\n<p lang=\"hu-HU\" align=\"justify\">\n<p align=\"justify\">\n","protected":false},"excerpt":{"rendered":"<p>Febru\u00e1ri iskolamis\u00e9nket n\u00e9h\u00e1ny nappal Szent Bal\u00e1zs p\u00fcsp\u00f6k \u00e9s v\u00e9rtan\u00fa \u00fcnnepe ut\u00e1n tartotta Gyula atya iskol\u00e1nk aul\u00e1j\u00e1ban. A gyerekek tan\u00edt\u00e1s ut\u00e1n hazamentek eb\u00e9delni, de mindenki pontosan, s\u0151t ink\u00e1bb n\u00e9h\u00e1ny perccel el\u0151bb vissza\u00e9rkezett, ez<a class=\"moretag\" href=\"https:\/\/altisk-mlak.edu.hu\/index.php\/februari-iskolamise-a-magyarlak-csorotnek-altalanos-iskolaban\/\">Read More&#8230;<\/a><\/p>\n","protected":false},"author":3,"featured_media":0,"comment_status":"closed","ping_status":"closed","sticky":false,"template":"","format":"standard","meta":{"two_page_speed":[],"footnotes":""},"categories":[1],"tags":[],"class_list":["post-1330","post","type-post","status-publish","format-standard","hentry","category-egyeb"],"_links":{"self":[{"href":"https:\/\/altisk-mlak.edu.hu\/index.php\/wp-json\/wp\/v2\/posts\/1330","targetHints":{"allow":["GET"]}}],"collection":[{"href":"https:\/\/altisk-mlak.edu.hu\/index.php\/wp-json\/wp\/v2\/posts"}],"about":[{"href":"https:\/\/altisk-mlak.edu.hu\/index.php\/wp-json\/wp\/v2\/types\/post"}],"author":[{"embeddable":true,"href":"https:\/\/altisk-mlak.edu.hu\/index.php\/wp-json\/wp\/v2\/users\/3"}],"replies":[{"embeddable":true,"href":"https:\/\/altisk-mlak.edu.hu\/index.php\/wp-json\/wp\/v2\/comments?post=1330"}],"version-history":[{"count":1,"href":"https:\/\/altisk-mlak.edu.hu\/index.php\/wp-json\/wp\/v2\/posts\/1330\/revisions"}],"predecessor-version":[{"id":1333,"href":"https:\/\/altisk-mlak.edu.hu\/index.php\/wp-json\/wp\/v2\/posts\/1330\/revisions\/1333"}],"wp:attachment":[{"href":"https:\/\/altisk-mlak.edu.hu\/index.php\/wp-json\/wp\/v2\/media?parent=1330"}],"wp:term":[{"taxonomy":"category","embeddable":true,"href":"https:\/\/altisk-mlak.edu.hu\/index.php\/wp-json\/wp\/v2\/categories?post=1330"},{"taxonomy":"post_tag","embeddable":true,"href":"https:\/\/altisk-mlak.edu.hu\/index.php\/wp-json\/wp\/v2\/tags?post=1330"}],"curies":[{"name":"wp","href":"https:\/\/api.w.org\/{rel}","templated":true}]}}