{"id":1334,"date":"2023-02-22T09:35:26","date_gmt":"2023-02-22T09:35:26","guid":{"rendered":"https:\/\/altisk-mlak.edu.hu\/?p=1334"},"modified":"2023-02-22T13:50:32","modified_gmt":"2023-02-22T13:50:32","slug":"iskolamise-zalaegerszegen","status":"publish","type":"post","link":"https:\/\/altisk-mlak.edu.hu\/index.php\/iskolamise-zalaegerszegen\/","title":{"rendered":"Iskolamise Zalaegerszegen"},"content":{"rendered":"<p class=\"western\" lang=\"hu-HU\" align=\"center\">\n<p>tr&gt;<\/p>\n<table border=\"0\">\n<tbody>\n<tr>\n<td><img fetchpriority=\"high\" decoding=\"async\" class=\"size-medium wp-image-1335 aligncenter\" src=\"https:\/\/altisk-mlak.edu.hu\/wp-content\/uploads\/2023\/02\/zeg_plebaniatemplom-202x300.jpg\" alt=\"\" width=\"202\" height=\"300\" srcset=\"https:\/\/altisk-mlak.edu.hu\/wp-content\/uploads\/2023\/02\/zeg_plebaniatemplom-202x300.jpg 202w, https:\/\/altisk-mlak.edu.hu\/wp-content\/uploads\/2023\/02\/zeg_plebaniatemplom-403x600.jpg 403w, https:\/\/altisk-mlak.edu.hu\/wp-content\/uploads\/2023\/02\/zeg_plebaniatemplom.jpg 508w\" sizes=\"(max-width: 202px) 100vw, 202px\" \/><\/td>\n<td style=\"text-align: center;\">\n<h5>2023. <b>m\u00e1rcius 2-\u00e1n<\/b> (cs\u00fct\u00f6rt\u00f6k\u00f6n) 13.00 \u00f3rakor Iskolamise lesz<\/h5>\n<h5><\/h5>\n<h5 class=\"western\" lang=\"hu-HU\" align=\"center\"><span style=\"color: #000000; font-size: 14pt;\">a <b>zalaegerszegi <\/b><\/span><span style=\"color: #000000; font-size: 14pt;\"><b>M\u00e1ria Magdolna Pl\u00e9bi\u00e1niatemplomban.<\/b><\/span><\/h5>\n<h5 class=\"western\" lang=\"hu-HU\" align=\"center\"><span style=\"color: #000000; font-size: 14pt;\">A mis\u00e9t bemutatja: <\/span><\/h5>\n<h5 class=\"western\" lang=\"hu-HU\" style=\"text-align: center;\"><span style=\"color: #000000; font-size: 14pt;\">Dr. Tak\u00e1cs Gyula iskolalelk\u00e9sz<\/span><\/h5>\n<\/td>\n<\/tr>\n<\/tbody>\n<\/table>\n<p lang=\"hu-HU\">\n<p class=\"western\" lang=\"hu-HU\"><span style=\"color: #000000; font-size: 14pt;\">A mis\u00e9t k\u00f6vet\u0151en k\u00f6z\u00f6sen megtekintj\u00fck a <b>Mindszenty-neumban Mindszenty J\u00f3zsef b\u00edboros, hercegpr\u00edm\u00e1s, esztergomi \u00e9rsek \u00e9let\u00fatj\u00e1t bemutat\u00f3 ki\u00e1ll\u00edt\u00e1st<\/b>.<\/span><\/p>\n<p class=\"western\" lang=\"hu-HU\" align=\"justify\"><img decoding=\"async\" class=\"aligncenter size-full wp-image-1336\" src=\"https:\/\/altisk-mlak.edu.hu\/wp-content\/uploads\/2023\/02\/mindszentyneum.jpg\" alt=\"\" width=\"299\" height=\"168\" \/><\/p>\n<p class=\"western\" lang=\"hu-HU\" align=\"center\"><span style=\"color: #050505;\"><span style=\"font-family: Segoe UI, serif;\"><span style=\"font-size: medium;\"><b><br \/>\n<\/b><\/span><\/span><\/span><span style=\"color: #00b0f0;\"><span style=\"font-family: Segoe UI, serif;\"><span style=\"font-size: xx-large;\"><b>J\u00c9ZUS T\u00c9GED IS V\u00c1R!<\/b><\/span><\/span><\/span><\/p>\n","protected":false},"excerpt":{"rendered":"<p>tr&gt; 2023. m\u00e1rcius 2-\u00e1n (cs\u00fct\u00f6rt\u00f6k\u00f6n) 13.00 \u00f3rakor Iskolamise lesz a zalaegerszegi M\u00e1ria Magdolna Pl\u00e9bi\u00e1niatemplomban. A mis\u00e9t bemutatja: Dr. Tak\u00e1cs Gyula iskolalelk\u00e9sz A mis\u00e9t k\u00f6vet\u0151en k\u00f6z\u00f6sen megtekintj\u00fck a Mindszenty-neumban Mindszenty J\u00f3zsef b\u00edboros, hercegpr\u00edm\u00e1s,<a class=\"moretag\" href=\"https:\/\/altisk-mlak.edu.hu\/index.php\/iskolamise-zalaegerszegen\/\">Read More&#8230;<\/a><\/p>\n","protected":false},"author":3,"featured_media":0,"comment_status":"closed","ping_status":"closed","sticky":false,"template":"","format":"standard","meta":{"two_page_speed":[],"footnotes":""},"categories":[1],"tags":[],"class_list":["post-1334","post","type-post","status-publish","format-standard","hentry","category-egyeb"],"_links":{"self":[{"href":"https:\/\/altisk-mlak.edu.hu\/index.php\/wp-json\/wp\/v2\/posts\/1334","targetHints":{"allow":["GET"]}}],"collection":[{"href":"https:\/\/altisk-mlak.edu.hu\/index.php\/wp-json\/wp\/v2\/posts"}],"about":[{"href":"https:\/\/altisk-mlak.edu.hu\/index.php\/wp-json\/wp\/v2\/types\/post"}],"author":[{"embeddable":true,"href":"https:\/\/altisk-mlak.edu.hu\/index.php\/wp-json\/wp\/v2\/users\/3"}],"replies":[{"embeddable":true,"href":"https:\/\/altisk-mlak.edu.hu\/index.php\/wp-json\/wp\/v2\/comments?post=1334"}],"version-history":[{"count":2,"href":"https:\/\/altisk-mlak.edu.hu\/index.php\/wp-json\/wp\/v2\/posts\/1334\/revisions"}],"predecessor-version":[{"id":1339,"href":"https:\/\/altisk-mlak.edu.hu\/index.php\/wp-json\/wp\/v2\/posts\/1334\/revisions\/1339"}],"wp:attachment":[{"href":"https:\/\/altisk-mlak.edu.hu\/index.php\/wp-json\/wp\/v2\/media?parent=1334"}],"wp:term":[{"taxonomy":"category","embeddable":true,"href":"https:\/\/altisk-mlak.edu.hu\/index.php\/wp-json\/wp\/v2\/categories?post=1334"},{"taxonomy":"post_tag","embeddable":true,"href":"https:\/\/altisk-mlak.edu.hu\/index.php\/wp-json\/wp\/v2\/tags?post=1334"}],"curies":[{"name":"wp","href":"https:\/\/api.w.org\/{rel}","templated":true}]}}