{"id":1341,"date":"2023-02-22T13:52:29","date_gmt":"2023-02-22T13:52:29","guid":{"rendered":"https:\/\/altisk-mlak.edu.hu\/?p=1341"},"modified":"2023-03-19T17:28:22","modified_gmt":"2023-03-19T17:28:22","slug":"hamvazoszerdai-szertartas-a-magyarlak-csorotnek-altalanos-iskolaban","status":"publish","type":"post","link":"https:\/\/altisk-mlak.edu.hu\/index.php\/hamvazoszerdai-szertartas-a-magyarlak-csorotnek-altalanos-iskolaban\/","title":{"rendered":"Hamvaz\u00f3szerdai szertart\u00e1s a Magyarlak-Cs\u00f6r\u00f6tnek \u00c1ltal\u00e1nos Iskol\u00e1ban"},"content":{"rendered":"<p>A kar\u00e1csony, a v\u00edzkereszt, a h\u00fasv\u00e9t \u00e9s p\u00fcnk\u00f6sd mellett a farsangi id\u0151szak ut\u00e1ni els\u0151 szerda, a hamvaz\u00f3szerda is jeles egyh\u00e1zi \u00fcnnepnek sz\u00e1m\u00edt.\u00a0<a href=\"https:\/\/nlc.hu\/ezvan\/cikk\/hamvazoszerda-bojt\/\">Hamvaz\u00f3szerda a megtisztul\u00e1s napja<\/a>, ekkor kezd\u0151dik a h\u00fasv\u00e9t el\u0151tti 40 napos b\u00f6jti id\u0151szak.<\/p>\n<p>Az \u00fcnnepnap elnevez\u00e9se egy \u0151si szok\u00e1sra vezethet\u0151 vissza. \u0150seink b\u0171neik megb\u00e1n\u00e1sa jelek\u00e9nt \u00e9s vezekl\u00e9sk\u00e9nt hamut sz\u00f3rtak a fej\u00fckre. A k\u00fcl\u00f6nleges\u00a0<a href=\"https:\/\/nlc.hu\/cimke\/szertartas\/\">szertart\u00e1s<\/a>t az egyh\u00e1z a 11. sz\u00e1zad v\u00e9g\u00e9n vette \u00e1t \u00e9s hamvazkod\u00e1snak nevezte.<\/p>\n<p>A Magyarlak-Cs\u00f6r\u00f6tnek \u00c1ltal\u00e1nos Iskola mint katolikus egyh\u00e1zi iskola is bevezette a hamvaz\u00f3szerdai megeml\u00e9kez\u00e9st. A szertart\u00e1st Dr. Tak\u00e1cs Gyula iskolalelk\u00e9sz v\u00e9gezte, aki el\u0151sz\u00f6r hamvaz\u00f3szerda \u00fczenet\u00e9t osztotta meg az iskolak\u00f6z\u00f6ss\u00e9ggel, melyet a j\u00f3 \u00e9s rossz h\u00edr hasonlattal szeml\u00e9ltetett. Rossz h\u00edr, hogy f\u00f6ldi \u00e9let\u00fcnk muland\u00f3, egyszer v\u00e9get \u00e9r, azonban emiatt nem kell elcs\u00fcggedn\u00fcnk. J\u00f3 h\u00edr ugyanis, hogy e vil\u00e1gi \u00e9let\u00fcnk egy \u00e1llom\u00e1s, egyszer el fogunk majd jutni az \u00e9gi orsz\u00e1gba, aminek sz\u00e9ps\u00e9g\u00e9t m\u00e9g el sem tudjuk k\u00e9pzelni. A szertart\u00e1s felemel\u0151 pillanata volt, amikor az iskola k\u00f6z\u00f6ss\u00e9ge fegyelmezetten az atya el\u00e9 j\u00e1rult, aki szentelt hamuval keresztet rajzolt a gyermekek, pedag\u00f3gusok \u00e9s technikai dolgoz\u00f3k homlok\u00e1ra, mik\u00f6zben az \u201e<em>Ember, eml\u00e9kezz r\u00e1, hogy porb\u00f3l vagy \u00e9s porr\u00e1 leszel<\/em>\u201d sz\u00f6veget mondta.<\/p>\n<table style=\"border-collapse: collapse; width: 100%;\">\n<tbody>\n<tr>\n<td style=\"width: 50%;\"><img fetchpriority=\"high\" decoding=\"async\" class=\"aligncenter size-medium wp-image-1343\" src=\"https:\/\/altisk-mlak.edu.hu\/wp-content\/uploads\/2023\/02\/hamv1-300x244.jpg\" alt=\"\" width=\"300\" height=\"244\" srcset=\"https:\/\/altisk-mlak.edu.hu\/wp-content\/uploads\/2023\/02\/hamv1-300x244.jpg 300w, https:\/\/altisk-mlak.edu.hu\/wp-content\/uploads\/2023\/02\/hamv1-1024x834.jpg 1024w, https:\/\/altisk-mlak.edu.hu\/wp-content\/uploads\/2023\/02\/hamv1-768x625.jpg 768w, https:\/\/altisk-mlak.edu.hu\/wp-content\/uploads\/2023\/02\/hamv1-1536x1251.jpg 1536w, https:\/\/altisk-mlak.edu.hu\/wp-content\/uploads\/2023\/02\/hamv1-600x489.jpg 600w, https:\/\/altisk-mlak.edu.hu\/wp-content\/uploads\/2023\/02\/hamv1.jpg 1659w\" sizes=\"(max-width: 300px) 100vw, 300px\" \/><\/td>\n<td style=\"width: 50%;\"><img decoding=\"async\" class=\"aligncenter size-medium wp-image-1342\" src=\"https:\/\/altisk-mlak.edu.hu\/wp-content\/uploads\/2023\/02\/hamv2-300x250.jpg\" alt=\"\" width=\"300\" height=\"250\" srcset=\"https:\/\/altisk-mlak.edu.hu\/wp-content\/uploads\/2023\/02\/hamv2-300x250.jpg 300w, https:\/\/altisk-mlak.edu.hu\/wp-content\/uploads\/2023\/02\/hamv2-1024x854.jpg 1024w, https:\/\/altisk-mlak.edu.hu\/wp-content\/uploads\/2023\/02\/hamv2-768x640.jpg 768w, https:\/\/altisk-mlak.edu.hu\/wp-content\/uploads\/2023\/02\/hamv2-1536x1281.jpg 1536w, https:\/\/altisk-mlak.edu.hu\/wp-content\/uploads\/2023\/02\/hamv2-600x500.jpg 600w, https:\/\/altisk-mlak.edu.hu\/wp-content\/uploads\/2023\/02\/hamv2.jpg 1674w\" sizes=\"(max-width: 300px) 100vw, 300px\" \/><\/td>\n<\/tr>\n<\/tbody>\n<\/table>\n<p style=\"text-align: right;\"><em>Mezein\u00e9 Kiss Katalin<\/em><\/p>\n","protected":false},"excerpt":{"rendered":"<p>A kar\u00e1csony, a v\u00edzkereszt, a h\u00fasv\u00e9t \u00e9s p\u00fcnk\u00f6sd mellett a farsangi id\u0151szak ut\u00e1ni els\u0151 szerda, a hamvaz\u00f3szerda is jeles egyh\u00e1zi \u00fcnnepnek sz\u00e1m\u00edt.\u00a0Hamvaz\u00f3szerda a megtisztul\u00e1s napja, ekkor kezd\u0151dik a h\u00fasv\u00e9t el\u0151tti 40 napos<a class=\"moretag\" href=\"https:\/\/altisk-mlak.edu.hu\/index.php\/hamvazoszerdai-szertartas-a-magyarlak-csorotnek-altalanos-iskolaban\/\">Read More&#8230;<\/a><\/p>\n","protected":false},"author":3,"featured_media":0,"comment_status":"closed","ping_status":"closed","sticky":false,"template":"","format":"standard","meta":{"two_page_speed":[],"footnotes":""},"categories":[1],"tags":[],"class_list":["post-1341","post","type-post","status-publish","format-standard","hentry","category-egyeb"],"_links":{"self":[{"href":"https:\/\/altisk-mlak.edu.hu\/index.php\/wp-json\/wp\/v2\/posts\/1341","targetHints":{"allow":["GET"]}}],"collection":[{"href":"https:\/\/altisk-mlak.edu.hu\/index.php\/wp-json\/wp\/v2\/posts"}],"about":[{"href":"https:\/\/altisk-mlak.edu.hu\/index.php\/wp-json\/wp\/v2\/types\/post"}],"author":[{"embeddable":true,"href":"https:\/\/altisk-mlak.edu.hu\/index.php\/wp-json\/wp\/v2\/users\/3"}],"replies":[{"embeddable":true,"href":"https:\/\/altisk-mlak.edu.hu\/index.php\/wp-json\/wp\/v2\/comments?post=1341"}],"version-history":[{"count":1,"href":"https:\/\/altisk-mlak.edu.hu\/index.php\/wp-json\/wp\/v2\/posts\/1341\/revisions"}],"predecessor-version":[{"id":1344,"href":"https:\/\/altisk-mlak.edu.hu\/index.php\/wp-json\/wp\/v2\/posts\/1341\/revisions\/1344"}],"wp:attachment":[{"href":"https:\/\/altisk-mlak.edu.hu\/index.php\/wp-json\/wp\/v2\/media?parent=1341"}],"wp:term":[{"taxonomy":"category","embeddable":true,"href":"https:\/\/altisk-mlak.edu.hu\/index.php\/wp-json\/wp\/v2\/categories?post=1341"},{"taxonomy":"post_tag","embeddable":true,"href":"https:\/\/altisk-mlak.edu.hu\/index.php\/wp-json\/wp\/v2\/tags?post=1341"}],"curies":[{"name":"wp","href":"https:\/\/api.w.org\/{rel}","templated":true}]}}