{"id":1347,"date":"2023-03-19T17:48:00","date_gmt":"2023-03-19T17:48:00","guid":{"rendered":"https:\/\/altisk-mlak.edu.hu\/?p=1347"},"modified":"2023-03-25T05:04:09","modified_gmt":"2023-03-25T05:04:09","slug":"marciusi-iskolamise-mindszentyneum-zalaegerszeg","status":"publish","type":"post","link":"https:\/\/altisk-mlak.edu.hu\/index.php\/marciusi-iskolamise-mindszentyneum-zalaegerszeg\/","title":{"rendered":"M\u00e1rciusi iskolamise  &#8211;  Mindszentyneum Zalaegerszeg"},"content":{"rendered":"<p align=\"justify\"><span style=\"font-size: large;\">2023. m\u00e1rcius 2-\u00e1n d\u00e9lut\u00e1n iskolai kir\u00e1ndul\u00e1s keret\u00e9ben Zalaegerszegre l\u00e1togattak a Magyarlak-Cs\u00f6r\u00f6tnek \u00c1ltal\u00e1nos Iskola tanul\u00f3i \u00e9s pedag\u00f3gusai.<br \/>\nEl\u0151sz\u00f6r a M\u00e1ria Magdolna pl\u00e9b\u00e1niatemplomban szentmis\u00e9n vettek r\u00e9szt, melyet Dr. Tak\u00e1cs Gyula iskolalelk\u00e9sz tartott. A szentmise el\u0151tt megcsod\u00e1lhattuk a gy\u00f6ny\u00f6r\u0171 templomot, ahol Mindszenty J\u00f3zsef 25 \u00e9ven kereszt\u00fcl volt lelkip\u00e1sztor. <\/span><\/p>\n<table style=\"border-collapse: collapse; width: 100%;\">\n<tbody>\n<tr>\n<td style=\"width: 33.3333%;\"><img fetchpriority=\"high\" decoding=\"async\" class=\"aligncenter wp-image-1350\" src=\"https:\/\/altisk-mlak.edu.hu\/wp-content\/uploads\/2023\/03\/IMG_20230302_183658-252x300.jpg\" alt=\"\" width=\"252\" height=\"300\" srcset=\"https:\/\/altisk-mlak.edu.hu\/wp-content\/uploads\/2023\/03\/IMG_20230302_183658-252x300.jpg 252w, https:\/\/altisk-mlak.edu.hu\/wp-content\/uploads\/2023\/03\/IMG_20230302_183658-503x600.jpg 503w, https:\/\/altisk-mlak.edu.hu\/wp-content\/uploads\/2023\/03\/IMG_20230302_183658.jpg 603w\" sizes=\"(max-width: 252px) 100vw, 252px\" \/><\/td>\n<td style=\"width: 33.3333%;\"><img decoding=\"async\" class=\"aligncenter size-medium wp-image-1348\" src=\"https:\/\/altisk-mlak.edu.hu\/wp-content\/uploads\/2023\/03\/IMG_20230302_184510-e1679247697789-286x300.jpg\" alt=\"\" width=\"286\" height=\"300\" srcset=\"https:\/\/altisk-mlak.edu.hu\/wp-content\/uploads\/2023\/03\/IMG_20230302_184510-e1679247697789-286x300.jpg 286w, https:\/\/altisk-mlak.edu.hu\/wp-content\/uploads\/2023\/03\/IMG_20230302_184510-e1679247697789-768x806.jpg 768w, https:\/\/altisk-mlak.edu.hu\/wp-content\/uploads\/2023\/03\/IMG_20230302_184510-e1679247697789-572x600.jpg 572w, https:\/\/altisk-mlak.edu.hu\/wp-content\/uploads\/2023\/03\/IMG_20230302_184510-e1679247697789.jpg 901w\" sizes=\"(max-width: 286px) 100vw, 286px\" \/><\/td>\n<td style=\"width: 33.3333%;\"><img decoding=\"async\" class=\"aligncenter size-medium wp-image-1349\" src=\"https:\/\/altisk-mlak.edu.hu\/wp-content\/uploads\/2023\/03\/IMG_20230302_174926-e1679247830710-253x300.jpg\" alt=\"\" width=\"253\" height=\"300\" srcset=\"https:\/\/altisk-mlak.edu.hu\/wp-content\/uploads\/2023\/03\/IMG_20230302_174926-e1679247830710-253x300.jpg 253w, https:\/\/altisk-mlak.edu.hu\/wp-content\/uploads\/2023\/03\/IMG_20230302_174926-e1679247830710-506x600.jpg 506w, https:\/\/altisk-mlak.edu.hu\/wp-content\/uploads\/2023\/03\/IMG_20230302_174926-e1679247830710.jpg 664w\" sizes=\"(max-width: 253px) 100vw, 253px\" \/><\/td>\n<\/tr>\n<\/tbody>\n<\/table>\n<p align=\"justify\"><span style=\"font-size: large;\">A szentbesz\u00e9dben Gyula atya az im\u00e1ds\u00e1g fontoss\u00e1g\u00e1t emelte ki. Az im\u00e1ds\u00e1g Istenhez kapcsol benn\u00fcnket. Az im\u00e1ds\u00e1g kereszt\u00e9ny l\u00e9t\u00fcnk alapeleme. A szentmise \u00fczenete a k\u00f6vetkez\u0151 volt: Szeress\u00fcnk im\u00e1dkozni, gyakran \u00e9s sz\u00edvesen im\u00e1dkozzunk! \u2013 ahogy azt Mindszenty J\u00f3zsef is tette.<\/span><\/p>\n<table style=\"border-collapse: collapse; width: 100%;\">\n<tbody>\n<tr>\n<td style=\"width: 50%;\"><img loading=\"lazy\" decoding=\"async\" class=\"aligncenter size-medium wp-image-1352\" src=\"https:\/\/altisk-mlak.edu.hu\/wp-content\/uploads\/2023\/03\/IMG_20230302_142615-300x225.jpg\" alt=\"\" width=\"300\" height=\"225\" srcset=\"https:\/\/altisk-mlak.edu.hu\/wp-content\/uploads\/2023\/03\/IMG_20230302_142615-300x225.jpg 300w, https:\/\/altisk-mlak.edu.hu\/wp-content\/uploads\/2023\/03\/IMG_20230302_142615-1024x768.jpg 1024w, https:\/\/altisk-mlak.edu.hu\/wp-content\/uploads\/2023\/03\/IMG_20230302_142615-768x576.jpg 768w, https:\/\/altisk-mlak.edu.hu\/wp-content\/uploads\/2023\/03\/IMG_20230302_142615-600x450.jpg 600w, https:\/\/altisk-mlak.edu.hu\/wp-content\/uploads\/2023\/03\/IMG_20230302_142615.jpg 1120w\" sizes=\"(max-width: 300px) 100vw, 300px\" \/><\/td>\n<td style=\"width: 50%;\"><img loading=\"lazy\" decoding=\"async\" class=\"aligncenter size-medium wp-image-1351\" src=\"https:\/\/altisk-mlak.edu.hu\/wp-content\/uploads\/2023\/03\/IMG_20230302_142805-300x225.jpg\" alt=\"\" width=\"300\" height=\"225\" srcset=\"https:\/\/altisk-mlak.edu.hu\/wp-content\/uploads\/2023\/03\/IMG_20230302_142805-300x225.jpg 300w, https:\/\/altisk-mlak.edu.hu\/wp-content\/uploads\/2023\/03\/IMG_20230302_142805-1024x768.jpg 1024w, https:\/\/altisk-mlak.edu.hu\/wp-content\/uploads\/2023\/03\/IMG_20230302_142805-768x576.jpg 768w, https:\/\/altisk-mlak.edu.hu\/wp-content\/uploads\/2023\/03\/IMG_20230302_142805-600x450.jpg 600w, https:\/\/altisk-mlak.edu.hu\/wp-content\/uploads\/2023\/03\/IMG_20230302_142805.jpg 1075w\" sizes=\"(max-width: 300px) 100vw, 300px\" \/><\/td>\n<\/tr>\n<\/tbody>\n<\/table>\n<p align=\"justify\"><span style=\"font-size: large;\">A szentmise ut\u00e1n \u00e1tment\u00fcnk a Mindszentyneumba, amely a templom k\u00f6zvetlen szomsz\u00e9ds\u00e1g\u00e1ban tal\u00e1lhat\u00f3. Az als\u00f3 tagozatosok a J\u00e9gkorszak c\u00edm\u0171 ki\u00e1ll\u00edt\u00e1st n\u00e9zt\u00e9k meg, a fels\u0151 tagozatosok pedig megtekintett\u00e9k Mindszenty J\u00f3zsef b\u00edboros, hercegpr\u00edm\u00e1s, esztergomi \u00e9rsek \u00e9let\u00fatj\u00e1t bemutat\u00f3 ki\u00e1ll\u00edt\u00e1st.<br \/>\nA ki\u00e1ll\u00edt\u00e1s legf\u0151bb c\u00e9lja: bemutatni azt, hogy a korszak egyh\u00e1zakhoz k\u00f6t\u0151d\u0151 \u00e1ldozatai hogyan \u00e9lt\u00e9k t\u00fal a megpr\u00f3b\u00e1ltat\u00e1sokat, hogyan tudtak talpon maradni, \u00e9s h\u0171s\u00e9gesek maradni Istenhez \u00e9s a haz\u00e1hoz.<\/span><\/p>\n<p align=\"justify\"><img loading=\"lazy\" decoding=\"async\" class=\"aligncenter size-medium wp-image-1353\" src=\"https:\/\/altisk-mlak.edu.hu\/wp-content\/uploads\/2023\/03\/Mindszenty-300x219.jpeg\" alt=\"\" width=\"300\" height=\"219\" srcset=\"https:\/\/altisk-mlak.edu.hu\/wp-content\/uploads\/2023\/03\/Mindszenty-300x219.jpeg 300w, https:\/\/altisk-mlak.edu.hu\/wp-content\/uploads\/2023\/03\/Mindszenty-768x561.jpeg 768w, https:\/\/altisk-mlak.edu.hu\/wp-content\/uploads\/2023\/03\/Mindszenty-600x439.jpeg 600w, https:\/\/altisk-mlak.edu.hu\/wp-content\/uploads\/2023\/03\/Mindszenty.jpeg 1000w\" sizes=\"(max-width: 300px) 100vw, 300px\" \/><\/p>\n<p align=\"justify\"><span style=\"font-family: Times New Roman, serif;\"><span style=\"font-size: medium;\"><span style=\"font-size: large;\">Mindszenty J\u00f3zsef 1892. m\u00e1rcius 29-\u00e9n sz\u00fcletett a Vas megyei Csehimindszenten, a gimn\u00e1ziumi \u00e9s a teol\u00f3giai tanulm\u00e1nyok ut\u00e1n 1915-ben szenteltett\u00e9k papp\u00e1. Papi p\u00e1ly\u00e1j\u00e1t Fels\u0151patyon kezdte k\u00e1pl\u00e1nk\u00e9nt, 1919-1944 k\u00f6z\u00f6tt Zalaegerszegen volt pl\u00e9b\u00e1nos, majd 1944-ben veszpr\u00e9mi p\u00fcsp\u00f6kk\u00e9 szentelt\u00e9k, 1945-ben XII. Pius p\u00e1pa esztergomi \u00e9rsekk\u00e9 nevezte ki, 1946-ban b\u00edborosi rangot kapott. Mindszenty J\u00f3zsef nagy felel\u0151ss\u00e9get \u00e9rzett haz\u00e1ja sorsa ir\u00e1nt. Minden rendelkez\u00e9sre \u00e1ll\u00f3 eszk\u00f6zzel harcolt a jogtalans\u00e1gok ellen. 1948. december 26-\u00e1n letartoztatt\u00e1k, \u00e9vekig volt fogs\u00e1gban. <\/span><span style=\"color: #000000;\"><span style=\"font-size: large;\">Isten\u00e9rt, egyh\u00e1z\u00e9rt, haz\u00e1\u00e9rt v\u00e1llalta az el\u00edt\u00e9l\u00e9st, b\u00f6rt\u00f6nt, f\u00e9lrabs\u00e1got, a sok-sok szenved\u00e9st, megal\u00e1ztat\u00e1st. A h\u0171 apostol Krisztust k\u00f6vetve a kereszt\u00faton lett &#8222;Feh\u00e9r v\u00e9rtan\u00fa&#8221;.<br \/>\nMindszenty J\u00f3zsef \u00e9lete mindannyiunk sz\u00e1m\u00e1ra p\u00e9ldak\u00e9p\u00fcl szolg\u00e1l: mi is legy\u00fcnk h\u0171s\u00e9gesek hit\u00fcnkh\u00f6z \u00e9s haz\u00e1nkhoz.<\/span><\/span><\/span><\/span><\/p>\n<p align=\"justify\"><span style=\"font-family: Times New Roman, serif;\"><span style=\"font-size: medium;\"><span style=\"font-size: large;\">A l\u00e1togat\u00f3k\u00f6zpont megtekint\u00e9s\u00e9t k\u00f6vet\u0151en uzsonna k\u00f6vetkezett egy \u00e9ttereml\u00e1nc Balaton \u00fati egys\u00e9g\u00e9ben.<\/span><\/span><\/span><\/p>\n<p align=\"justify\"><span style=\"font-family: Times New Roman, serif;\"><span style=\"font-size: medium;\"><span style=\"font-size: large;\">H\u00e1l\u00e1san k\u00f6sz\u00f6nj\u00fck t\u00e1mogat\u00f3inknak: Kiswire Szentgotth\u00e1rd Kft., Szukics Eszter HR-munkat\u00e1rs \u00e9s Varga Csaba, Progress \u00c9tteremh\u00e1l\u00f3zat Kft. a kir\u00e1ndul\u00e1s l\u00e9trej\u00f6tt\u00e9t, \u00e9s azt, hogy tanul\u00f3nk sok \u00faj \u00e9lm\u00e9nnyel t\u00e9rhettek haza.<\/span><\/span><\/span><\/p>\n<p style=\"text-align: right;\" align=\"justify\"><span style=\"font-family: Times New Roman, serif;\"><span style=\"font-size: medium;\"><i>Kov\u00e1csn\u00e9 N\u00e9meth Judit<br \/>\n<\/i><\/span><\/span><span style=\"font-family: Times New Roman, serif;\"><span style=\"font-size: medium;\"><i>hitoktat\u00f3<\/i><\/span><\/span><\/p>\n","protected":false},"excerpt":{"rendered":"<p>2023. m\u00e1rcius 2-\u00e1n d\u00e9lut\u00e1n iskolai kir\u00e1ndul\u00e1s keret\u00e9ben Zalaegerszegre l\u00e1togattak a Magyarlak-Cs\u00f6r\u00f6tnek \u00c1ltal\u00e1nos Iskola tanul\u00f3i \u00e9s pedag\u00f3gusai. El\u0151sz\u00f6r a M\u00e1ria Magdolna pl\u00e9b\u00e1niatemplomban szentmis\u00e9n vettek r\u00e9szt, melyet Dr. Tak\u00e1cs Gyula iskolalelk\u00e9sz tartott. A szentmise<a class=\"moretag\" href=\"https:\/\/altisk-mlak.edu.hu\/index.php\/marciusi-iskolamise-mindszentyneum-zalaegerszeg\/\">Read More&#8230;<\/a><\/p>\n","protected":false},"author":3,"featured_media":0,"comment_status":"closed","ping_status":"closed","sticky":false,"template":"","format":"standard","meta":{"two_page_speed":[],"footnotes":""},"categories":[1],"tags":[],"class_list":["post-1347","post","type-post","status-publish","format-standard","hentry","category-egyeb"],"_links":{"self":[{"href":"https:\/\/altisk-mlak.edu.hu\/index.php\/wp-json\/wp\/v2\/posts\/1347","targetHints":{"allow":["GET"]}}],"collection":[{"href":"https:\/\/altisk-mlak.edu.hu\/index.php\/wp-json\/wp\/v2\/posts"}],"about":[{"href":"https:\/\/altisk-mlak.edu.hu\/index.php\/wp-json\/wp\/v2\/types\/post"}],"author":[{"embeddable":true,"href":"https:\/\/altisk-mlak.edu.hu\/index.php\/wp-json\/wp\/v2\/users\/3"}],"replies":[{"embeddable":true,"href":"https:\/\/altisk-mlak.edu.hu\/index.php\/wp-json\/wp\/v2\/comments?post=1347"}],"version-history":[{"count":3,"href":"https:\/\/altisk-mlak.edu.hu\/index.php\/wp-json\/wp\/v2\/posts\/1347\/revisions"}],"predecessor-version":[{"id":1357,"href":"https:\/\/altisk-mlak.edu.hu\/index.php\/wp-json\/wp\/v2\/posts\/1347\/revisions\/1357"}],"wp:attachment":[{"href":"https:\/\/altisk-mlak.edu.hu\/index.php\/wp-json\/wp\/v2\/media?parent=1347"}],"wp:term":[{"taxonomy":"category","embeddable":true,"href":"https:\/\/altisk-mlak.edu.hu\/index.php\/wp-json\/wp\/v2\/categories?post=1347"},{"taxonomy":"post_tag","embeddable":true,"href":"https:\/\/altisk-mlak.edu.hu\/index.php\/wp-json\/wp\/v2\/tags?post=1347"}],"curies":[{"name":"wp","href":"https:\/\/api.w.org\/{rel}","templated":true}]}}