{"id":1359,"date":"2023-03-25T05:11:20","date_gmt":"2023-03-25T05:11:20","guid":{"rendered":"https:\/\/altisk-mlak.edu.hu\/?p=1359"},"modified":"2023-03-26T20:03:06","modified_gmt":"2023-03-26T20:03:06","slug":"viz-vilagnapja-es-happy-het-a-magyarlak-csorotnek-altalanos-iskolaban","status":"publish","type":"post","link":"https:\/\/altisk-mlak.edu.hu\/index.php\/viz-vilagnapja-es-happy-het-a-magyarlak-csorotnek-altalanos-iskolaban\/","title":{"rendered":"V\u00edz vil\u00e1gnapja \u00e9s Happy-h\u00e9t a Magyarlak-Cs\u00f6r\u00f6tnek \u00c1ltal\u00e1nos Iskol\u00e1ban"},"content":{"rendered":"<p align=\"justify\"><img fetchpriority=\"high\" decoding=\"async\" class=\"aligncenter size-large wp-image-1360\" src=\"https:\/\/altisk-mlak.edu.hu\/wp-content\/uploads\/2023\/03\/viz1-1024x768.jpg\" alt=\"\" width=\"604\" height=\"453\" srcset=\"https:\/\/altisk-mlak.edu.hu\/wp-content\/uploads\/2023\/03\/viz1-1024x768.jpg 1024w, https:\/\/altisk-mlak.edu.hu\/wp-content\/uploads\/2023\/03\/viz1-300x225.jpg 300w, https:\/\/altisk-mlak.edu.hu\/wp-content\/uploads\/2023\/03\/viz1-768x576.jpg 768w, https:\/\/altisk-mlak.edu.hu\/wp-content\/uploads\/2023\/03\/viz1-1536x1152.jpg 1536w, https:\/\/altisk-mlak.edu.hu\/wp-content\/uploads\/2023\/03\/viz1-600x450.jpg 600w, https:\/\/altisk-mlak.edu.hu\/wp-content\/uploads\/2023\/03\/viz1.jpg 2000w\" sizes=\"(max-width: 604px) 100vw, 604px\" \/><\/p>\n<p align=\"justify\"><span style=\"font-size: large;\">A v\u00edz vil\u00e1gnapj\u00e1r\u00f3l mint jeles napr\u00f3l m\u00e1r \u00e9vek \u00f3ta megeml\u00e9kez\u00fcnk az iskol\u00e1ban. Minden tan\u00e9vben m\u00e1s form\u00e1ban tessz\u00fck ezt. K\u00e9k ruh\u00e1t \u00f6lt\u00f6tt\u00fcnk magunkra, ki\u00e1ll\u00edt\u00e1st, akad\u00e1lyversenyt vagy t\u00far\u00e1t szervezt\u00fcnk, tematikus napot tartottunk a kor\u00e1bbiakban. Az id\u00e9n t\u00f6bbf\u00e9le programmal is k\u00e9sz\u00fclt\u00fcnk, s\u0151t a Happy-h\u00e9thez csatlakozva \u00faj elemeket is be\u00e9p\u00edtett\u00fcnk.<\/span><\/p>\n<table style=\"border-collapse: collapse; width: 100%;\">\n<tbody>\n<tr>\n<td style=\"width: 50%;\"><img decoding=\"async\" class=\"aligncenter size-large wp-image-1362\" src=\"https:\/\/altisk-mlak.edu.hu\/wp-content\/uploads\/2023\/03\/viz3-768x1024.jpg\" alt=\"\" width=\"604\" height=\"805\" srcset=\"https:\/\/altisk-mlak.edu.hu\/wp-content\/uploads\/2023\/03\/viz3-768x1024.jpg 768w, https:\/\/altisk-mlak.edu.hu\/wp-content\/uploads\/2023\/03\/viz3-225x300.jpg 225w, https:\/\/altisk-mlak.edu.hu\/wp-content\/uploads\/2023\/03\/viz3-1152x1536.jpg 1152w, https:\/\/altisk-mlak.edu.hu\/wp-content\/uploads\/2023\/03\/viz3-450x600.jpg 450w, https:\/\/altisk-mlak.edu.hu\/wp-content\/uploads\/2023\/03\/viz3.jpg 1500w\" sizes=\"(max-width: 604px) 100vw, 604px\" \/><\/td>\n<td style=\"width: 50%;\"><img decoding=\"async\" class=\"aligncenter size-large wp-image-1361\" src=\"https:\/\/altisk-mlak.edu.hu\/wp-content\/uploads\/2023\/03\/viz5-768x1024.jpg\" alt=\"\" width=\"604\" height=\"805\" srcset=\"https:\/\/altisk-mlak.edu.hu\/wp-content\/uploads\/2023\/03\/viz5-768x1024.jpg 768w, https:\/\/altisk-mlak.edu.hu\/wp-content\/uploads\/2023\/03\/viz5-225x300.jpg 225w, https:\/\/altisk-mlak.edu.hu\/wp-content\/uploads\/2023\/03\/viz5-1152x1536.jpg 1152w, https:\/\/altisk-mlak.edu.hu\/wp-content\/uploads\/2023\/03\/viz5-450x600.jpg 450w, https:\/\/altisk-mlak.edu.hu\/wp-content\/uploads\/2023\/03\/viz5.jpg 1500w\" sizes=\"(max-width: 604px) 100vw, 604px\" \/><\/td>\n<\/tr>\n<\/tbody>\n<\/table>\n<p align=\"justify\"><span style=\"font-size: large;\">Az oszt\u00e1lyk\u00f6z\u00f6ss\u00e9gek saj\u00e1t k\u00e9sz\u00edt\u00e9s\u0171 plak\u00e1tokat k\u00e9sz\u00edtettek, melyek gyermeki nyelven a tiszta v\u00edz fontoss\u00e1g\u00e1ra \u00e9s az \u00e9desv\u00edzk\u00e9szletek vesz\u00e9lyeztetetts\u00e9g\u00e9re h\u00edvj\u00e1k fel a figyelmet. A tanul\u00f3i alkot\u00e1sok utalnak arra, hogy a csapv\u00edz a legjobb \u00e9s legeg\u00e9szs\u00e9gesebb szomjolt\u00f3 folyad\u00e9k, \u00e9s mindannyiunk felel\u0151ss\u00e9ge, hogy takar\u00e9kosan b\u00e1njunk vele. Kov\u00e1cs Attila f\u00f6ldrajz-testnevel\u00e9s szakos tan\u00e1r a nagysz\u00fcnetben \u00e9rdekfesz\u00edt\u0151 vizes k\u00eds\u00e9rleteket mutatott be a di\u00e1koknak. A pedag\u00f3gus h\u00e9tk\u00f6znapi anyagok felhaszn\u00e1l\u00e1s\u00e1val v\u00edztorn\u00e1dot \u00e9s \u201eh\u00e1zi felh\u0151t\u201d szeml\u00e9ltetett, l\u00e1tv\u00e1nyos m\u00f3don prezent\u00e1lta a v\u00edz behatol\u00e1s\u00e1t l\u00e9g\u00fcres t\u00e9rbe \u00e9s a fel\u00fcleti fesz\u00fclts\u00e9get. A tan\u00e1r \u00far ismertette a slag m\u0171k\u00f6d\u00e9s\u00e9t \u00e9s Jedlik \u00c1nyos munk\u00e1ss\u00e1g\u00e1t, akinek nev\u00e9hez f\u0171z\u0151dik a sz\u00f3dav\u00edz feltal\u00e1l\u00e1sa. A gyerekek tengervizet is \u00edzlelhettek, \u00e9s megszeml\u00e9lhett\u00e9k a s\u00f3s, a jeges \u00e9s az \u00e9desv\u00edzk\u00e9szlet mennyis\u00e9g\u00e9t f\u00f6ldg\u00f6mb seg\u00edts\u00e9g\u00e9vel. <\/span><\/p>\n<table style=\"border-collapse: collapse; width: 100%;\">\n<tbody>\n<tr>\n<td style=\"width: 50%;\"><img loading=\"lazy\" decoding=\"async\" class=\"aligncenter size-large wp-image-1364\" src=\"https:\/\/altisk-mlak.edu.hu\/wp-content\/uploads\/2023\/03\/viz4-1024x768.jpg\" alt=\"\" width=\"604\" height=\"453\" srcset=\"https:\/\/altisk-mlak.edu.hu\/wp-content\/uploads\/2023\/03\/viz4-1024x768.jpg 1024w, https:\/\/altisk-mlak.edu.hu\/wp-content\/uploads\/2023\/03\/viz4-300x225.jpg 300w, https:\/\/altisk-mlak.edu.hu\/wp-content\/uploads\/2023\/03\/viz4-768x576.jpg 768w, https:\/\/altisk-mlak.edu.hu\/wp-content\/uploads\/2023\/03\/viz4-1536x1152.jpg 1536w, https:\/\/altisk-mlak.edu.hu\/wp-content\/uploads\/2023\/03\/viz4-600x450.jpg 600w, https:\/\/altisk-mlak.edu.hu\/wp-content\/uploads\/2023\/03\/viz4.jpg 2000w\" sizes=\"(max-width: 604px) 100vw, 604px\" \/><\/td>\n<td style=\"width: 50%;\"><img loading=\"lazy\" decoding=\"async\" class=\"aligncenter size-large wp-image-1363\" src=\"https:\/\/altisk-mlak.edu.hu\/wp-content\/uploads\/2023\/03\/viz2-1024x768.jpg\" alt=\"\" width=\"604\" height=\"453\" srcset=\"https:\/\/altisk-mlak.edu.hu\/wp-content\/uploads\/2023\/03\/viz2-1024x768.jpg 1024w, https:\/\/altisk-mlak.edu.hu\/wp-content\/uploads\/2023\/03\/viz2-300x225.jpg 300w, https:\/\/altisk-mlak.edu.hu\/wp-content\/uploads\/2023\/03\/viz2-768x576.jpg 768w, https:\/\/altisk-mlak.edu.hu\/wp-content\/uploads\/2023\/03\/viz2-1536x1152.jpg 1536w, https:\/\/altisk-mlak.edu.hu\/wp-content\/uploads\/2023\/03\/viz2-600x450.jpg 600w, https:\/\/altisk-mlak.edu.hu\/wp-content\/uploads\/2023\/03\/viz2.jpg 2000w\" sizes=\"(max-width: 604px) 100vw, 604px\" \/><\/td>\n<\/tr>\n<\/tbody>\n<\/table>\n<p align=\"justify\"><span style=\"font-size: large;\">A hatodik oszt\u00e1lyosok projektmunka keret\u00e9ben foglalkoztak a t\u00e9m\u00e1val. \u00d6t tan\u00f3ra keret\u00e9ben a R\u00e1ba-v\u00f6lgy term\u00e9szetf\u00f6ldrajz\u00e1t dolgozt\u00e1k fel. K\u00e9t \u00f3r\u00e1t a term\u00e9szetben t\u00f6lt\u00f6ttek, vizsg\u00e1l\u00f3dtak, projektnapl\u00f3t vezettek, \u00e9s csod\u00e1latos fot\u00f3kkal \u00f6r\u00f6k\u00edtett\u00e9k meg tapasztalataikat. A k\u00e9panyagb\u00f3l zenei al\u00e1fest\u00e9ssel egy hangulatos vide\u00f3filmet is \u00f6sszev\u00e1gtak. Egy\u00e9nileg is k\u00e9sz\u00fcltek alkot\u00e1sok: kisel\u0151ad\u00e1s a R\u00e1ba szab\u00e1lyoz\u00e1s\u00e1r\u00f3l, diavet\u00edt\u00e9s a cs\u00f6r\u00f6tneki v\u00edzi er\u0151m\u0171r\u0151l, \u00fajs\u00e1gcikk a h\u00f3dok munk\u00e1j\u00e1r\u00f3l, telev\u00edzi\u00f3s tud\u00f3s\u00edt\u00e1s a k\u00f6rnyezetv\u00e9delmi fejleszt\u00e9sekr\u0151l, tanul\u00f3i besz\u00e1mol\u00f3 a v\u00edz- \u00e9s talajszennyez\u00e9s form\u00e1ir\u00f3l, tabl\u00f3 a magyarlaki g\u00e1t t\u00f6rt\u00e9net\u00e9r\u0151l. Kov\u00e1cs Zsuzsanna oszt\u00e1lyf\u0151n\u00f6k \u00f6tlet\u00e9nek k\u00f6sz\u00f6nhet\u0151en iv\u00f3sarok j\u00f6tt l\u00e9tre az alkalomhoz ill\u0151en \u00e9s ig\u00e9nyesen feld\u00edsz\u00edtett teremben, ahol mindig friss iv\u00f3v\u00edz \u00e9s n\u00e9vre sz\u00f3l\u00f3 iv\u00f3poh\u00e1r v\u00e1rta a szomjas di\u00e1kokat. <\/span><\/p>\n<p align=\"justify\"><span style=\"font-size: large;\">Iskol\u00e1nk mint \u00d6r\u00f6k\u00f6s \u00d6koiskola sz\u00edv\u00fcgy\u00e9nek tekinti a term\u00e9szeti elemek meg\u00f3v\u00e1s\u00e1t. Hisz\u00fcnk abban, hogy cselekedeteink, b\u00e1rmilyen apr\u00f3k is, seg\u00edthetnek a vil\u00e1gon!<\/span><\/p>\n<p style=\"text-align: right;\" align=\"justify\">Mezein\u00e9 Kiss Katalin<\/p>\n","protected":false},"excerpt":{"rendered":"<p>A v\u00edz vil\u00e1gnapj\u00e1r\u00f3l mint jeles napr\u00f3l m\u00e1r \u00e9vek \u00f3ta megeml\u00e9kez\u00fcnk az iskol\u00e1ban. Minden tan\u00e9vben m\u00e1s form\u00e1ban tessz\u00fck ezt. K\u00e9k ruh\u00e1t \u00f6lt\u00f6tt\u00fcnk magunkra, ki\u00e1ll\u00edt\u00e1st, akad\u00e1lyversenyt vagy t\u00far\u00e1t szervezt\u00fcnk, tematikus napot tartottunk a kor\u00e1bbiakban.<a class=\"moretag\" href=\"https:\/\/altisk-mlak.edu.hu\/index.php\/viz-vilagnapja-es-happy-het-a-magyarlak-csorotnek-altalanos-iskolaban\/\">Read More&#8230;<\/a><\/p>\n","protected":false},"author":3,"featured_media":0,"comment_status":"closed","ping_status":"closed","sticky":false,"template":"","format":"standard","meta":{"two_page_speed":[],"footnotes":""},"categories":[1],"tags":[],"class_list":["post-1359","post","type-post","status-publish","format-standard","hentry","category-egyeb"],"_links":{"self":[{"href":"https:\/\/altisk-mlak.edu.hu\/index.php\/wp-json\/wp\/v2\/posts\/1359","targetHints":{"allow":["GET"]}}],"collection":[{"href":"https:\/\/altisk-mlak.edu.hu\/index.php\/wp-json\/wp\/v2\/posts"}],"about":[{"href":"https:\/\/altisk-mlak.edu.hu\/index.php\/wp-json\/wp\/v2\/types\/post"}],"author":[{"embeddable":true,"href":"https:\/\/altisk-mlak.edu.hu\/index.php\/wp-json\/wp\/v2\/users\/3"}],"replies":[{"embeddable":true,"href":"https:\/\/altisk-mlak.edu.hu\/index.php\/wp-json\/wp\/v2\/comments?post=1359"}],"version-history":[{"count":1,"href":"https:\/\/altisk-mlak.edu.hu\/index.php\/wp-json\/wp\/v2\/posts\/1359\/revisions"}],"predecessor-version":[{"id":1365,"href":"https:\/\/altisk-mlak.edu.hu\/index.php\/wp-json\/wp\/v2\/posts\/1359\/revisions\/1365"}],"wp:attachment":[{"href":"https:\/\/altisk-mlak.edu.hu\/index.php\/wp-json\/wp\/v2\/media?parent=1359"}],"wp:term":[{"taxonomy":"category","embeddable":true,"href":"https:\/\/altisk-mlak.edu.hu\/index.php\/wp-json\/wp\/v2\/categories?post=1359"},{"taxonomy":"post_tag","embeddable":true,"href":"https:\/\/altisk-mlak.edu.hu\/index.php\/wp-json\/wp\/v2\/tags?post=1359"}],"curies":[{"name":"wp","href":"https:\/\/api.w.org\/{rel}","templated":true}]}}