{"id":1366,"date":"2023-03-26T20:04:23","date_gmt":"2023-03-26T20:04:23","guid":{"rendered":"https:\/\/altisk-mlak.edu.hu\/?p=1366"},"modified":"2023-03-27T07:37:24","modified_gmt":"2023-03-27T07:37:24","slug":"penz7-2023","status":"publish","type":"post","link":"https:\/\/altisk-mlak.edu.hu\/index.php\/penz7-2023\/","title":{"rendered":"P\u00c9NZ7 2023"},"content":{"rendered":"<p align=\"justify\"><span style=\"font-family: Times New Roman, serif;\"><span style=\"font-size: medium;\">Az el\u0151z\u0151 h\u00e9t tan\u00e9v kedvez\u0151 tapasztalatai \u00e9s a kiemelked\u0151 iskolai \u00e9rdekl\u0151d\u00e9s alapj\u00e1n a 2022\/2023. tan\u00edt\u00e1si \u00e9vben m\u00e1rcius 6-10-ig ism\u00e9t megrendez\u00e9sre ker\u00fclt a p\u00e9nz\u00fcgyi \u00e9s v\u00e1llalkoz\u00f3i t\u00e9mah\u00e9t, a P\u00c9NZ7, amely az European Money Week \u00e9s a Global Money Week nemzetk\u00f6zi programokhoz is kapcsol\u00f3dik. T\u00f6bb mint 1000 iskola k\u00f6zel 140 ezer di\u00e1kja vett r\u00e9szt rajta, mintegy 11.700 \u00f3r\u00e1n \u00e9s 506 \u00f6nk\u00e9ntes k\u00f6zrem\u0171k\u00f6d\u00e9s\u00e9vel. Tagint\u00e9zm\u00e9ny\u00fcnk ebben a tan\u00e9vben is az els\u0151 500 iskola k\u00f6z\u00f6tt regisztr\u00e1lt a P\u00c9NZ7-re, ez\u00e9rt a tan\u00f3r\u00e1k megtart\u00e1s\u00e1hoz sz\u00fcks\u00e9ges \u00e9lm\u00e9nyalap\u00fa tan\u00f3rai anyagokat, eszk\u00f6z\u00f6ket, \u00f3rav\u00e1zlatokat nyomtatott form\u00e1ban is megkaptuk a szervez\u0151kt\u0151l. <\/span><\/span><\/p>\n<p align=\"justify\"><a name=\"_GoBack\"><\/a> <span style=\"font-family: Times New Roman, serif;\"><span style=\"font-size: medium;\">A projekth\u00e9t keret\u00e9ben a p\u00e9nz\u00fcgyi t\u00e9m\u00e1t oszt\u00e1lyf\u0151n\u00f6ki, technika \u00e9s tervez\u00e9s, valamint matematika \u00f3r\u00e1kon interakt\u00edv m\u00f3dszerekkel ismertett\u00fck meg a di\u00e1kokat a p\u00e9nz\u00fcgyi alapfogalmakkal, a korszer\u0171 p\u00e9nzkezel\u00e9ssel \u00e9s a digit\u00e1lis biztons\u00e1ggal. A gyerekek &#8211; hasonl\u00f3an az el\u0151z\u0151 tan\u00e9vekhez &#8211; sz\u00edvesen \u00e9s nagy \u00e9rdekl\u0151d\u00e9ssel vettek r\u00e9szt a tan\u00f3r\u00e1kon. Egyetlen kudarcunk az volt, hogy a banki \u00f6nk\u00e9ntessel nem tudtunk id\u0151pontot egyeztetni \u00e9s \u0151 nem volt ott ezeken az \u00f3r\u00e1kon.<\/span><\/span><\/p>\n<p align=\"justify\"><span style=\"font-family: Times New Roman, serif;\"><span style=\"font-size: medium;\">A kedvez\u0151 tapasztalatok alapj\u00e1n m\u00e1r eld\u00f6nt\u00f6tt\u00fck, hogy a 2023\/2024. tan\u00e9vben is regisztr\u00e1lunk a projekth\u00e9tre.<\/span><\/span><\/p>\n<p style=\"text-align: right;\" align=\"justify\"><span style=\"font-family: times new roman, times, serif;\">Kov\u00e1cs Zsuzsanna<\/span><\/p>\n","protected":false},"excerpt":{"rendered":"<p>Az el\u0151z\u0151 h\u00e9t tan\u00e9v kedvez\u0151 tapasztalatai \u00e9s a kiemelked\u0151 iskolai \u00e9rdekl\u0151d\u00e9s alapj\u00e1n a 2022\/2023. tan\u00edt\u00e1si \u00e9vben m\u00e1rcius 6-10-ig ism\u00e9t megrendez\u00e9sre ker\u00fclt a p\u00e9nz\u00fcgyi \u00e9s v\u00e1llalkoz\u00f3i t\u00e9mah\u00e9t, a P\u00c9NZ7, amely az European Money<a class=\"moretag\" href=\"https:\/\/altisk-mlak.edu.hu\/index.php\/penz7-2023\/\">Read More&#8230;<\/a><\/p>\n","protected":false},"author":3,"featured_media":0,"comment_status":"closed","ping_status":"closed","sticky":false,"template":"","format":"standard","meta":{"two_page_speed":[],"footnotes":""},"categories":[1],"tags":[],"class_list":["post-1366","post","type-post","status-publish","format-standard","hentry","category-egyeb"],"_links":{"self":[{"href":"https:\/\/altisk-mlak.edu.hu\/index.php\/wp-json\/wp\/v2\/posts\/1366","targetHints":{"allow":["GET"]}}],"collection":[{"href":"https:\/\/altisk-mlak.edu.hu\/index.php\/wp-json\/wp\/v2\/posts"}],"about":[{"href":"https:\/\/altisk-mlak.edu.hu\/index.php\/wp-json\/wp\/v2\/types\/post"}],"author":[{"embeddable":true,"href":"https:\/\/altisk-mlak.edu.hu\/index.php\/wp-json\/wp\/v2\/users\/3"}],"replies":[{"embeddable":true,"href":"https:\/\/altisk-mlak.edu.hu\/index.php\/wp-json\/wp\/v2\/comments?post=1366"}],"version-history":[{"count":1,"href":"https:\/\/altisk-mlak.edu.hu\/index.php\/wp-json\/wp\/v2\/posts\/1366\/revisions"}],"predecessor-version":[{"id":1367,"href":"https:\/\/altisk-mlak.edu.hu\/index.php\/wp-json\/wp\/v2\/posts\/1366\/revisions\/1367"}],"wp:attachment":[{"href":"https:\/\/altisk-mlak.edu.hu\/index.php\/wp-json\/wp\/v2\/media?parent=1366"}],"wp:term":[{"taxonomy":"category","embeddable":true,"href":"https:\/\/altisk-mlak.edu.hu\/index.php\/wp-json\/wp\/v2\/categories?post=1366"},{"taxonomy":"post_tag","embeddable":true,"href":"https:\/\/altisk-mlak.edu.hu\/index.php\/wp-json\/wp\/v2\/tags?post=1366"}],"curies":[{"name":"wp","href":"https:\/\/api.w.org\/{rel}","templated":true}]}}