{"id":1368,"date":"2023-03-27T07:47:41","date_gmt":"2023-03-27T07:47:41","guid":{"rendered":"https:\/\/altisk-mlak.edu.hu\/?p=1368"},"modified":"2023-03-28T06:02:04","modified_gmt":"2023-03-28T06:02:04","slug":"altalanos-iskolai-beiratas-a-2023-2024-es-tanevre-a-magyarlak-csorotnek-altalanos-iskolajaban","status":"publish","type":"post","link":"https:\/\/altisk-mlak.edu.hu\/index.php\/altalanos-iskolai-beiratas-a-2023-2024-es-tanevre-a-magyarlak-csorotnek-altalanos-iskolajaban\/","title":{"rendered":"\u00c1ltal\u00e1nos iskolai be\u00edrat\u00e1s a 2023\/2024-es tan\u00e9vre a Magyarlak-Cs\u00f6r\u00f6tnek \u00c1ltal\u00e1nos Iskol\u00e1j\u00e1ban"},"content":{"rendered":"<p><img fetchpriority=\"high\" decoding=\"async\" class=\"aligncenter size-full wp-image-1369\" src=\"https:\/\/altisk-mlak.edu.hu\/wp-content\/uploads\/2023\/03\/gyerekek2I.png\" alt=\"\" width=\"648\" height=\"457\" srcset=\"https:\/\/altisk-mlak.edu.hu\/wp-content\/uploads\/2023\/03\/gyerekek2I.png 648w, https:\/\/altisk-mlak.edu.hu\/wp-content\/uploads\/2023\/03\/gyerekek2I-300x212.png 300w, https:\/\/altisk-mlak.edu.hu\/wp-content\/uploads\/2023\/03\/gyerekek2I-600x423.png 600w\" sizes=\"(max-width: 648px) 100vw, 648px\" \/><\/p>\n<p style=\"text-align: center;\"><span style=\"color: #0b5294; font-size: 14pt;\"><span style=\"font-family: Bahnschrift Light, serif;\"><b>2023. \u00e1prilis 20-\u00e1n (cs\u00fct\u00f6rt\u00f6k) 8.00 &#8211; 18.00<\/b><\/span><\/span><\/p>\n<p style=\"text-align: center;\"><span style=\"color: #0b5294; font-size: 14pt;\"> <span style=\"font-family: Bahnschrift Light, serif;\"><b>2023. \u00e1prilis 21-\u00e9n (p\u00e9ntek) 8.00 &#8211; 17.00<\/b><\/span><\/span><\/p>\n<p><span style=\"font-family: Bahnschrift Light, serif;\"><span style=\"font-size: large;\"><b>A beiratkoz\u00e1sn\u00e1l k\u00e9rt dokumentumok:<\/b><\/span><\/span><\/p>\n<p><span style=\"font-family: Bahnschrift Light, serif;\"><span style=\"font-size: large;\">A gyermekre vonatkoz\u00f3an:<\/span><\/span><\/p>\n<ul>\n<li><span style=\"font-family: Bahnschrift Light, serif;\"><span style=\"font-size: large;\">sz\u00fclet\u00e9si anyak\u00f6nyvi kivonat<\/span><\/span><\/li>\n<li><span style=\"font-family: Bahnschrift Light, serif;\"><span style=\"font-size: large;\">szem\u00e9lyi igazolv\u00e1ny vagy \u00fatlev\u00e9l<\/span><\/span><\/li>\n<li><span style=\"font-family: Bahnschrift Light, serif;\"><span style=\"font-size: large;\">lakc\u00edmk\u00e1rtya<\/span><\/span><\/li>\n<li><span style=\"font-family: Bahnschrift Light, serif;\"><span style=\"font-size: large;\">ad\u00f3k\u00e1rtya<\/span><\/span><\/li>\n<li><span style=\"font-family: Bahnschrift Light, serif;\"><span style=\"font-size: large;\">TAJ-k\u00e1rtya<\/span><\/span><\/li>\n<li><span style=\"font-family: Bahnschrift Light, serif;\"><span style=\"font-size: large;\">Szak\u00e9rt\u0151i v\u00e9lem\u00e9ny BTMN, SNI eset\u00e9n <\/span><\/span><\/li>\n<li><span style=\"font-family: Bahnschrift Light, serif;\"><span style=\"font-size: large;\">Rendszeres gyermekv\u00e9delmi kedvezm\u00e9nyre jogos\u00edt\u00f3 hat\u00e1rozat<\/span><\/span><\/li>\n<li><span style=\"font-family: Bahnschrift Light, serif;\"><span style=\"font-size: large;\">NEK-adatlap di\u00e1kigazolv\u00e1ny k\u00e9sz\u00edt\u00e9s\u00e9hez (el\u0151zetesen beszerzend\u0151 az okm\u00e1nyirod\u00e1ban)<\/span><\/span><\/li>\n<\/ul>\n<p style=\"text-align: center;\"><span style=\"color: #ff0000;\"><span style=\"font-family: Bahnschrift Light, serif;\"><span style=\"font-size: xx-large;\"><b>Szeretettel v\u00e1rjuk leend\u0151 els\u0151seinket!<\/b><\/span><\/span><\/span><\/p>\n","protected":false},"excerpt":{"rendered":"<p>2023. \u00e1prilis 20-\u00e1n (cs\u00fct\u00f6rt\u00f6k) 8.00 &#8211; 18.00 2023. \u00e1prilis 21-\u00e9n (p\u00e9ntek) 8.00 &#8211; 17.00 A beiratkoz\u00e1sn\u00e1l k\u00e9rt dokumentumok: A gyermekre vonatkoz\u00f3an: sz\u00fclet\u00e9si anyak\u00f6nyvi kivonat szem\u00e9lyi igazolv\u00e1ny vagy \u00fatlev\u00e9l lakc\u00edmk\u00e1rtya ad\u00f3k\u00e1rtya TAJ-k\u00e1rtya Szak\u00e9rt\u0151i<a class=\"moretag\" href=\"https:\/\/altisk-mlak.edu.hu\/index.php\/altalanos-iskolai-beiratas-a-2023-2024-es-tanevre-a-magyarlak-csorotnek-altalanos-iskolajaban\/\">Read More&#8230;<\/a><\/p>\n","protected":false},"author":3,"featured_media":0,"comment_status":"closed","ping_status":"closed","sticky":false,"template":"","format":"standard","meta":{"two_page_speed":[],"footnotes":""},"categories":[1],"tags":[],"class_list":["post-1368","post","type-post","status-publish","format-standard","hentry","category-egyeb"],"_links":{"self":[{"href":"https:\/\/altisk-mlak.edu.hu\/index.php\/wp-json\/wp\/v2\/posts\/1368","targetHints":{"allow":["GET"]}}],"collection":[{"href":"https:\/\/altisk-mlak.edu.hu\/index.php\/wp-json\/wp\/v2\/posts"}],"about":[{"href":"https:\/\/altisk-mlak.edu.hu\/index.php\/wp-json\/wp\/v2\/types\/post"}],"author":[{"embeddable":true,"href":"https:\/\/altisk-mlak.edu.hu\/index.php\/wp-json\/wp\/v2\/users\/3"}],"replies":[{"embeddable":true,"href":"https:\/\/altisk-mlak.edu.hu\/index.php\/wp-json\/wp\/v2\/comments?post=1368"}],"version-history":[{"count":1,"href":"https:\/\/altisk-mlak.edu.hu\/index.php\/wp-json\/wp\/v2\/posts\/1368\/revisions"}],"predecessor-version":[{"id":1370,"href":"https:\/\/altisk-mlak.edu.hu\/index.php\/wp-json\/wp\/v2\/posts\/1368\/revisions\/1370"}],"wp:attachment":[{"href":"https:\/\/altisk-mlak.edu.hu\/index.php\/wp-json\/wp\/v2\/media?parent=1368"}],"wp:term":[{"taxonomy":"category","embeddable":true,"href":"https:\/\/altisk-mlak.edu.hu\/index.php\/wp-json\/wp\/v2\/categories?post=1368"},{"taxonomy":"post_tag","embeddable":true,"href":"https:\/\/altisk-mlak.edu.hu\/index.php\/wp-json\/wp\/v2\/tags?post=1368"}],"curies":[{"name":"wp","href":"https:\/\/api.w.org\/{rel}","templated":true}]}}