{"id":1371,"date":"2023-03-28T06:12:48","date_gmt":"2023-03-28T06:12:48","guid":{"rendered":"https:\/\/altisk-mlak.edu.hu\/?p=1371"},"modified":"2023-03-28T11:38:08","modified_gmt":"2023-03-28T11:38:08","slug":"viz-vilagnapi-rajzverseny","status":"publish","type":"post","link":"https:\/\/altisk-mlak.edu.hu\/index.php\/viz-vilagnapi-rajzverseny\/","title":{"rendered":"V\u00edz vil\u00e1gnapi rajzverseny"},"content":{"rendered":"<table style=\"width: 100%; border-collapse: collapse;\" border=\"0\">\n<tbody>\n<tr>\n<td style=\"width: 65%; vertical-align: top;\">\n<p align=\"justify\">Iskol\u00e1nk \u00f6koiskolai munkak\u00f6z\u00f6ss\u00e9ge alkot\u00f3i p\u00e1ly\u00e1zatot hirdetett a V\u00edz vil\u00e1gnapja alkalm\u00e1b\u00f3l. A tanul\u00f3k azt a feladatot kapt\u00e1k, hogy k\u00e9sz\u00edtsenek rajzot a R\u00e1ba foly\u00f3r\u00f3l. A technika (fest\u00e9s, zs\u00edrkr\u00e9ta, t\u00e9rplasztika stb.) szabadon v\u00e1laszthat\u00f3 volt. 27 alkot\u00e1s sz\u00fcletett, \u00f6rvendetes, hogy a r\u00e1bagyarmati telephely is k\u00e9pviseltette mag\u00e1t a megm\u00e9rettet\u00e9sen.<\/p>\n<p align=\"justify\">A zs\u0171ri: Kov\u00e1cs Zsuzsanna \u00e9s M\u00e9h\u00e9sz Zolt\u00e1n rajz szakos pedag\u00f3gusok az al\u00e1bbi rangsort \u00e1ll\u00edtott\u00e1k fel:<\/p>\n<p>Rajz:<\/p>\n<p>I. kateg\u00f3ria:<\/p>\n<p>1. Mesits Patr\u00edcia<br \/>\n2.Kakas Kriszti\u00e1n<br \/>\n3. Kov\u00e1cs R\u00e9ka (R\u00e1bagyarmat)<\/p>\n<p>K\u00fcl\u00f6nd\u00edj: Magyar Levente, Racker Elizabet<\/p>\n<p>II. kateg\u00f3ria:<\/p>\n<p>1.Horv\u00e1th Anna<br \/>\n2.Doncsecz Vikt\u00f3ria<br \/>\n3. Horv\u00e1th Gerg\u0151<\/p>\n<p>Kisplasztika (t\u00e9rbeli alkot\u00e1s):<\/p>\n<p>1.Kakas Levente \u00e9s Magyar Levente<br \/>\n2. Szab\u00f3 Emili\u00e1n \u00e9s Horv\u00e1th Valentin<br \/>\n3.Horv\u00e1th Rafael<\/td>\n<td style=\"width: 50%; vertical-align: top;\"><img fetchpriority=\"high\" decoding=\"async\" class=\"aligncenter wp-image-1372\" style=\"vertical-align: top;\" src=\"https:\/\/altisk-mlak.edu.hu\/wp-content\/uploads\/2023\/03\/Rajzpalyazat-108x300.jpeg\" alt=\"\" width=\"216\" height=\"600\" srcset=\"https:\/\/altisk-mlak.edu.hu\/wp-content\/uploads\/2023\/03\/Rajzpalyazat-108x300.jpeg 108w, https:\/\/altisk-mlak.edu.hu\/wp-content\/uploads\/2023\/03\/Rajzpalyazat-369x1024.jpeg 369w, https:\/\/altisk-mlak.edu.hu\/wp-content\/uploads\/2023\/03\/Rajzpalyazat-768x2132.jpeg 768w, https:\/\/altisk-mlak.edu.hu\/wp-content\/uploads\/2023\/03\/Rajzpalyazat-553x1536.jpeg 553w, https:\/\/altisk-mlak.edu.hu\/wp-content\/uploads\/2023\/03\/Rajzpalyazat-738x2048.jpeg 738w, https:\/\/altisk-mlak.edu.hu\/wp-content\/uploads\/2023\/03\/Rajzpalyazat-216x600.jpeg 216w, https:\/\/altisk-mlak.edu.hu\/wp-content\/uploads\/2023\/03\/Rajzpalyazat-scaled.jpeg 922w\" sizes=\"(max-width: 216px) 100vw, 216px\" \/><\/td>\n<\/tr>\n<\/tbody>\n<\/table>\n<p>Minden r\u00e9sztvev\u0151 egy finom R\u00e1ba-kocka s\u00fctem\u00e9nyt kapott, a helyezetteket csokival is jutalmaztuk.<\/p>\n<p style=\"text-align: right;\">&nbsp;<em>Mezein\u00e9 Kiss Katalin<\/em><\/p>\n","protected":false},"excerpt":{"rendered":"<p>Iskol\u00e1nk \u00f6koiskolai munkak\u00f6z\u00f6ss\u00e9ge alkot\u00f3i p\u00e1ly\u00e1zatot hirdetett a V\u00edz vil\u00e1gnapja alkalm\u00e1b\u00f3l. A tanul\u00f3k azt a feladatot kapt\u00e1k, hogy k\u00e9sz\u00edtsenek rajzot a R\u00e1ba foly\u00f3r\u00f3l. A technika (fest\u00e9s, zs\u00edrkr\u00e9ta, t\u00e9rplasztika stb.) szabadon v\u00e1laszthat\u00f3 volt. 27<a class=\"moretag\" href=\"https:\/\/altisk-mlak.edu.hu\/index.php\/viz-vilagnapi-rajzverseny\/\">Read More&#8230;<\/a><\/p>\n","protected":false},"author":3,"featured_media":0,"comment_status":"closed","ping_status":"closed","sticky":false,"template":"","format":"standard","meta":{"two_page_speed":[],"footnotes":""},"categories":[1],"tags":[],"class_list":["post-1371","post","type-post","status-publish","format-standard","hentry","category-egyeb"],"_links":{"self":[{"href":"https:\/\/altisk-mlak.edu.hu\/index.php\/wp-json\/wp\/v2\/posts\/1371","targetHints":{"allow":["GET"]}}],"collection":[{"href":"https:\/\/altisk-mlak.edu.hu\/index.php\/wp-json\/wp\/v2\/posts"}],"about":[{"href":"https:\/\/altisk-mlak.edu.hu\/index.php\/wp-json\/wp\/v2\/types\/post"}],"author":[{"embeddable":true,"href":"https:\/\/altisk-mlak.edu.hu\/index.php\/wp-json\/wp\/v2\/users\/3"}],"replies":[{"embeddable":true,"href":"https:\/\/altisk-mlak.edu.hu\/index.php\/wp-json\/wp\/v2\/comments?post=1371"}],"version-history":[{"count":4,"href":"https:\/\/altisk-mlak.edu.hu\/index.php\/wp-json\/wp\/v2\/posts\/1371\/revisions"}],"predecessor-version":[{"id":1378,"href":"https:\/\/altisk-mlak.edu.hu\/index.php\/wp-json\/wp\/v2\/posts\/1371\/revisions\/1378"}],"wp:attachment":[{"href":"https:\/\/altisk-mlak.edu.hu\/index.php\/wp-json\/wp\/v2\/media?parent=1371"}],"wp:term":[{"taxonomy":"category","embeddable":true,"href":"https:\/\/altisk-mlak.edu.hu\/index.php\/wp-json\/wp\/v2\/categories?post=1371"},{"taxonomy":"post_tag","embeddable":true,"href":"https:\/\/altisk-mlak.edu.hu\/index.php\/wp-json\/wp\/v2\/tags?post=1371"}],"curies":[{"name":"wp","href":"https:\/\/api.w.org\/{rel}","templated":true}]}}