{"id":1380,"date":"2023-03-28T11:36:22","date_gmt":"2023-03-28T11:36:22","guid":{"rendered":"https:\/\/altisk-mlak.edu.hu\/?p=1380"},"modified":"2023-03-31T08:58:00","modified_gmt":"2023-03-31T08:58:00","slug":"adni-jo","status":"publish","type":"post","link":"https:\/\/altisk-mlak.edu.hu\/index.php\/adni-jo\/","title":{"rendered":"Adni j\u00f3!"},"content":{"rendered":"<p style=\"text-align: justify;\">Mi, az iskola harmadik oszt\u00e1lyos tanul\u00f3i a kar\u00e1csony el\u0151tti napokban j\u00f3t\u00e9konys\u00e1gi kar\u00e1csonyi v\u00e1s\u00e1rt szervezt\u00fcnk. A saj\u00e1t kez\u0171leg \u00e9s sz\u00fcl\u0151i seg\u00edts\u00e9ggel k\u00e9sz\u00fclt apr\u00f3 aj\u00e1nd\u00e9kok \u00f6tlet\u00e9t, a v\u00e1s\u00e1r lebonyol\u00edt\u00e1s\u00e1t k\u00f6sz\u00f6nj\u00fck Koz\u00f3 Ren\u00e1ta lelkes anyuk\u00e1nak.<br \/>\nA v\u00e1s\u00e1rban sz\u00e9p adom\u00e1ny j\u00f6tt \u00f6ssze, melynek egy r\u00e9sz\u00e9t j\u00f3t\u00e9konys\u00e1gi c\u00e9lra, Horv\u00e1th Botond magyarlaki kisfi\u00fanak aj\u00e1nlottuk fel. Megl\u00e1togattuk \u0150t, \u00e9s nagymam\u00e1j\u00e1t, aki meglep\u0151dve, de \u00f6r\u00f6mmel fogadott benn\u00fcnket.<\/p>\n<table style=\"border-collapse: collapse; width: 100%;\">\n<tbody>\n<tr>\n<td style=\"width: 33.3333%;\"><img fetchpriority=\"high\" decoding=\"async\" class=\"aligncenter size-full wp-image-1383\" src=\"https:\/\/altisk-mlak.edu.hu\/wp-content\/uploads\/2023\/03\/Boti1.jpg\" alt=\"\" width=\"1496\" height=\"2000\" srcset=\"https:\/\/altisk-mlak.edu.hu\/wp-content\/uploads\/2023\/03\/Boti1.jpg 1496w, https:\/\/altisk-mlak.edu.hu\/wp-content\/uploads\/2023\/03\/Boti1-224x300.jpg 224w, https:\/\/altisk-mlak.edu.hu\/wp-content\/uploads\/2023\/03\/Boti1-766x1024.jpg 766w, https:\/\/altisk-mlak.edu.hu\/wp-content\/uploads\/2023\/03\/Boti1-768x1027.jpg 768w, https:\/\/altisk-mlak.edu.hu\/wp-content\/uploads\/2023\/03\/Boti1-1149x1536.jpg 1149w, https:\/\/altisk-mlak.edu.hu\/wp-content\/uploads\/2023\/03\/Boti1-449x600.jpg 449w\" sizes=\"(max-width: 1496px) 100vw, 1496px\" \/><\/td>\n<td style=\"width: 33.3333%;\"><img decoding=\"async\" class=\"aligncenter size-full wp-image-1382\" src=\"https:\/\/altisk-mlak.edu.hu\/wp-content\/uploads\/2023\/03\/Boti2.jpg\" alt=\"\" width=\"1496\" height=\"2000\" srcset=\"https:\/\/altisk-mlak.edu.hu\/wp-content\/uploads\/2023\/03\/Boti2.jpg 1496w, https:\/\/altisk-mlak.edu.hu\/wp-content\/uploads\/2023\/03\/Boti2-224x300.jpg 224w, https:\/\/altisk-mlak.edu.hu\/wp-content\/uploads\/2023\/03\/Boti2-766x1024.jpg 766w, https:\/\/altisk-mlak.edu.hu\/wp-content\/uploads\/2023\/03\/Boti2-768x1027.jpg 768w, https:\/\/altisk-mlak.edu.hu\/wp-content\/uploads\/2023\/03\/Boti2-1149x1536.jpg 1149w, https:\/\/altisk-mlak.edu.hu\/wp-content\/uploads\/2023\/03\/Boti2-449x600.jpg 449w\" sizes=\"(max-width: 1496px) 100vw, 1496px\" \/><\/td>\n<td style=\"width: 33.3333%;\"><img decoding=\"async\" class=\"aligncenter size-full wp-image-1381\" src=\"https:\/\/altisk-mlak.edu.hu\/wp-content\/uploads\/2023\/03\/Boti3.jpg\" alt=\"\" width=\"1496\" height=\"2000\" srcset=\"https:\/\/altisk-mlak.edu.hu\/wp-content\/uploads\/2023\/03\/Boti3.jpg 1496w, https:\/\/altisk-mlak.edu.hu\/wp-content\/uploads\/2023\/03\/Boti3-224x300.jpg 224w, https:\/\/altisk-mlak.edu.hu\/wp-content\/uploads\/2023\/03\/Boti3-766x1024.jpg 766w, https:\/\/altisk-mlak.edu.hu\/wp-content\/uploads\/2023\/03\/Boti3-768x1027.jpg 768w, https:\/\/altisk-mlak.edu.hu\/wp-content\/uploads\/2023\/03\/Boti3-1149x1536.jpg 1149w, https:\/\/altisk-mlak.edu.hu\/wp-content\/uploads\/2023\/03\/Boti3-449x600.jpg 449w\" sizes=\"(max-width: 1496px) 100vw, 1496px\" \/><\/td>\n<\/tr>\n<\/tbody>\n<\/table>\n<p style=\"text-align: justify;\">\nKicsit meghat\u00f3dva \u00e1lltunk Boti mellett. R\u00e1\u00e9bredt\u00fcnk arra, hogy a mi sorsunk mennyivel m\u00e1sabb, mint a lassan 13 \u00e9ves kisfi\u00fanak. Nagymam\u00e1ja sz\u00edvvel- l\u00e9lekkel gondozza, csal\u00e1dja szeretete veszi k\u00f6r\u00fcl, sok m\u0171t\u00e9ten \u00e1tesett, nagyon b\u00e1tor fi\u00fa. Rem\u00e9lj\u00fck, hogy m\u00e9g sok sz\u00e9p \u00e9vig k\u00f6zt\u00fcnk lesz. Apr\u00f3 aj\u00e1nd\u00e9kunkkal a h\u00fasv\u00e9ti \u00f6r\u00f6m\u00f6kh\u00f6z j\u00e1rultunk hozz\u00e1.<\/p>\n<p style=\"text-align: right;\"><em>a <span style=\"font-size: medium;\">3. oszt\u00e1ly \u00e9s Aradin\u00e9 Pov\u00e1zsay Katalin tan\u00edt\u00f3 n\u00e9ni<\/span><\/em><\/p>\n","protected":false},"excerpt":{"rendered":"<p>Mi, az iskola harmadik oszt\u00e1lyos tanul\u00f3i a kar\u00e1csony el\u0151tti napokban j\u00f3t\u00e9konys\u00e1gi kar\u00e1csonyi v\u00e1s\u00e1rt szervezt\u00fcnk. A saj\u00e1t kez\u0171leg \u00e9s sz\u00fcl\u0151i seg\u00edts\u00e9ggel k\u00e9sz\u00fclt apr\u00f3 aj\u00e1nd\u00e9kok \u00f6tlet\u00e9t, a v\u00e1s\u00e1r lebonyol\u00edt\u00e1s\u00e1t k\u00f6sz\u00f6nj\u00fck Koz\u00f3 Ren\u00e1ta lelkes anyuk\u00e1nak.<a class=\"moretag\" href=\"https:\/\/altisk-mlak.edu.hu\/index.php\/adni-jo\/\">Read More&#8230;<\/a><\/p>\n","protected":false},"author":3,"featured_media":0,"comment_status":"closed","ping_status":"closed","sticky":false,"template":"","format":"standard","meta":{"two_page_speed":[],"footnotes":""},"categories":[1],"tags":[],"class_list":["post-1380","post","type-post","status-publish","format-standard","hentry","category-egyeb"],"_links":{"self":[{"href":"https:\/\/altisk-mlak.edu.hu\/index.php\/wp-json\/wp\/v2\/posts\/1380","targetHints":{"allow":["GET"]}}],"collection":[{"href":"https:\/\/altisk-mlak.edu.hu\/index.php\/wp-json\/wp\/v2\/posts"}],"about":[{"href":"https:\/\/altisk-mlak.edu.hu\/index.php\/wp-json\/wp\/v2\/types\/post"}],"author":[{"embeddable":true,"href":"https:\/\/altisk-mlak.edu.hu\/index.php\/wp-json\/wp\/v2\/users\/3"}],"replies":[{"embeddable":true,"href":"https:\/\/altisk-mlak.edu.hu\/index.php\/wp-json\/wp\/v2\/comments?post=1380"}],"version-history":[{"count":2,"href":"https:\/\/altisk-mlak.edu.hu\/index.php\/wp-json\/wp\/v2\/posts\/1380\/revisions"}],"predecessor-version":[{"id":1385,"href":"https:\/\/altisk-mlak.edu.hu\/index.php\/wp-json\/wp\/v2\/posts\/1380\/revisions\/1385"}],"wp:attachment":[{"href":"https:\/\/altisk-mlak.edu.hu\/index.php\/wp-json\/wp\/v2\/media?parent=1380"}],"wp:term":[{"taxonomy":"category","embeddable":true,"href":"https:\/\/altisk-mlak.edu.hu\/index.php\/wp-json\/wp\/v2\/categories?post=1380"},{"taxonomy":"post_tag","embeddable":true,"href":"https:\/\/altisk-mlak.edu.hu\/index.php\/wp-json\/wp\/v2\/tags?post=1380"}],"curies":[{"name":"wp","href":"https:\/\/api.w.org\/{rel}","templated":true}]}}