{"id":1386,"date":"2023-03-31T08:40:30","date_gmt":"2023-03-31T08:40:30","guid":{"rendered":"https:\/\/altisk-mlak.edu.hu\/?p=1386"},"modified":"2023-04-03T06:28:03","modified_gmt":"2023-04-03T06:28:03","slug":"rendhagyo-termeszettudomany-ora","status":"publish","type":"post","link":"https:\/\/altisk-mlak.edu.hu\/index.php\/rendhagyo-termeszettudomany-ora\/","title":{"rendered":"Rendhagy\u00f3 term\u00e9szettudom\u00e1ny-\u00f3ra"},"content":{"rendered":"\t\t<div data-elementor-type=\"wp-post\" data-elementor-id=\"1386\" class=\"elementor elementor-1386\">\n\t\t\t\t\t\t<section class=\"elementor-section elementor-top-section elementor-element elementor-element-428020d2 elementor-section-boxed elementor-section-height-default elementor-section-height-default\" data-id=\"428020d2\" data-element_type=\"section\" data-e-type=\"section\">\n\t\t\t\t\t\t<div class=\"elementor-container elementor-column-gap-default\">\n\t\t\t\t\t<div class=\"elementor-column elementor-col-100 elementor-top-column elementor-element elementor-element-f9c5bfb\" data-id=\"f9c5bfb\" data-element_type=\"column\" data-e-type=\"column\">\n\t\t\t<div class=\"elementor-widget-wrap elementor-element-populated\">\n\t\t\t\t\t\t<div class=\"elementor-element elementor-element-e7f9e9 elementor-widget elementor-widget-text-editor\" data-id=\"e7f9e9\" data-element_type=\"widget\" data-e-type=\"widget\" data-widget_type=\"text-editor.default\">\n\t\t\t\t<div class=\"elementor-widget-container\">\n\t\t\t\t\t\t\t\t\t<p align=\"justify\"><a name=\"_GoBack\"><\/a> 2023. m\u00e1rcius 30-\u00e1n az \u0150rs\u00e9gi Nemzeti Park a Magyarlak-Cs\u00f6r\u00f6tnek \u00c1ltal\u00e1nos Iskol\u00e1ja 6. oszt\u00e1ly\u00e1ba k\u00f6lt\u00f6z\u00f6tt. Mindez term\u00e9szetesen jelk\u00e9pesen t\u00f6rt\u00e9nt, egy tan\u00f3ra erej\u00e9ig. Lajos Anna k\u00f6rnyezeti nevel\u0151 nagyon \u00f6tletesen val\u00f3s\u00edtotta meg a kitelep\u00fcl\u00e9st. A rendk\u00edv\u00fcl t\u00e1j\u00e9kozott \u00e9s nagyszer\u0171 el\u0151ad\u00f3i k\u00e9pess\u00e9gekkel rendelkez\u0151 szakember egy \u00f3ri\u00e1si t\u00e1rsasj\u00e1t\u00e9kot hozott mag\u00e1val, amely a f\u00e9l oszt\u00e1lyterem padl\u00f3zat\u00e1t befedte. A nevel\u0151 j\u00e1t\u00e9kos m\u00f3don ismertette meg a di\u00e1kokkal a nemzeti park ter\u00fclet\u00e9n fellelhet\u0151 \u00e9l\u0151helyt\u00edpusokat, az ott \u00e9l\u0151 n\u00f6v\u00e9ny- \u00e9s \u00e1llatvil\u00e1got. A sz\u0151nyegmozaikok \u00e9leth\u0171en \u00e1br\u00e1zolt\u00e1k a t\u00e1jegys\u00e9g jellegzetess\u00e9geit, pl. a sz\u00e1raz kasz\u00e1l\u00f3r\u00e9tet, a l\u00e1pr\u00e9tet, az erd\u0151ket, a kasz\u00e1l\u00f3gy\u00fcm\u00f6lcs\u00f6st stb. A szeml\u00e9ltet\u0151eszk\u00f6zh\u00f6z tartoz\u00f3 korongok kieg\u00e9sz\u00edtett\u00e9k \u00e9s m\u00e9ly\u00edtett\u00e9k a gyermekek megl\u00e9v\u0151 tud\u00e1s\u00e1t. Az el\u0151ad\u00f3 gondosan \u00fcgyelt arra, hogy minden gyermek sz\u00f3hoz jusson, kedvesen biztatta, \u00e9s logikus gondolkod\u00e1sra is buzd\u00edtotta \u0151ket. J\u00f3 volt l\u00e1tni a tanul\u00f3k igyekezet\u00e9t, lelkesed\u00e9s\u00e9t \u00e9s \u00f6r\u00f6m\u00e9t. H\u00e1l\u00e1san k\u00f6sz\u00f6nj\u00fck az \u0150rs\u00e9gi Nemzeti Parknak az \u00e9rdekes, \u00faj ismeretekkel \u00e9s \u00e9lm\u00e9nyekkel teli tan\u00f3r\u00e1t. Visszav\u00e1rjuk Ann\u00e1t!<\/p>\n\n<table style=\"border-collapse: collapse; width: 100%; height: 473px;\">\n<tbody>\n<tr style=\"height: 227px;\">\n<td style=\"width: 50%; height: 227px;\"><img fetchpriority=\"high\" decoding=\"async\" class=\"aligncenter size-full wp-image-1392\" src=\"https:\/\/altisk-mlak.edu.hu\/wp-content\/uploads\/2023\/03\/20230330_091211-scaled.jpg\" alt=\"\" width=\"2560\" height=\"1920\" srcset=\"https:\/\/altisk-mlak.edu.hu\/wp-content\/uploads\/2023\/03\/20230330_091211-scaled.jpg 2560w, https:\/\/altisk-mlak.edu.hu\/wp-content\/uploads\/2023\/03\/20230330_091211-300x225.jpg 300w, https:\/\/altisk-mlak.edu.hu\/wp-content\/uploads\/2023\/03\/20230330_091211-1024x768.jpg 1024w, https:\/\/altisk-mlak.edu.hu\/wp-content\/uploads\/2023\/03\/20230330_091211-768x576.jpg 768w, https:\/\/altisk-mlak.edu.hu\/wp-content\/uploads\/2023\/03\/20230330_091211-1536x1152.jpg 1536w, https:\/\/altisk-mlak.edu.hu\/wp-content\/uploads\/2023\/03\/20230330_091211-2048x1536.jpg 2048w, https:\/\/altisk-mlak.edu.hu\/wp-content\/uploads\/2023\/03\/20230330_091211-600x450.jpg 600w\" sizes=\"(max-width: 2560px) 100vw, 2560px\" \/><\/td>\n<td style=\"width: 50%; height: 227px;\"><img decoding=\"async\" class=\"aligncenter size-full wp-image-1391\" src=\"https:\/\/altisk-mlak.edu.hu\/wp-content\/uploads\/2023\/03\/20230330_091249-scaled.jpg\" alt=\"\" width=\"2560\" height=\"1920\" srcset=\"https:\/\/altisk-mlak.edu.hu\/wp-content\/uploads\/2023\/03\/20230330_091249-scaled.jpg 2560w, https:\/\/altisk-mlak.edu.hu\/wp-content\/uploads\/2023\/03\/20230330_091249-300x225.jpg 300w, https:\/\/altisk-mlak.edu.hu\/wp-content\/uploads\/2023\/03\/20230330_091249-1024x768.jpg 1024w, https:\/\/altisk-mlak.edu.hu\/wp-content\/uploads\/2023\/03\/20230330_091249-768x576.jpg 768w, https:\/\/altisk-mlak.edu.hu\/wp-content\/uploads\/2023\/03\/20230330_091249-1536x1152.jpg 1536w, https:\/\/altisk-mlak.edu.hu\/wp-content\/uploads\/2023\/03\/20230330_091249-2048x1536.jpg 2048w, https:\/\/altisk-mlak.edu.hu\/wp-content\/uploads\/2023\/03\/20230330_091249-600x450.jpg 600w\" sizes=\"(max-width: 2560px) 100vw, 2560px\" \/><\/td>\n<\/tr>\n<tr style=\"height: 246px;\">\n<td style=\"width: 50%; height: 246px;\"><img decoding=\"async\" class=\"aligncenter size-full wp-image-1390\" src=\"https:\/\/altisk-mlak.edu.hu\/wp-content\/uploads\/2023\/03\/20230330_092535-scaled.jpg\" alt=\"\" width=\"2560\" height=\"1920\" srcset=\"https:\/\/altisk-mlak.edu.hu\/wp-content\/uploads\/2023\/03\/20230330_092535-scaled.jpg 2560w, https:\/\/altisk-mlak.edu.hu\/wp-content\/uploads\/2023\/03\/20230330_092535-300x225.jpg 300w, https:\/\/altisk-mlak.edu.hu\/wp-content\/uploads\/2023\/03\/20230330_092535-1024x768.jpg 1024w, https:\/\/altisk-mlak.edu.hu\/wp-content\/uploads\/2023\/03\/20230330_092535-768x576.jpg 768w, https:\/\/altisk-mlak.edu.hu\/wp-content\/uploads\/2023\/03\/20230330_092535-1536x1152.jpg 1536w, https:\/\/altisk-mlak.edu.hu\/wp-content\/uploads\/2023\/03\/20230330_092535-2048x1536.jpg 2048w, https:\/\/altisk-mlak.edu.hu\/wp-content\/uploads\/2023\/03\/20230330_092535-600x450.jpg 600w\" sizes=\"(max-width: 2560px) 100vw, 2560px\" \/><\/td>\n<td style=\"width: 50%; height: 246px;\"><img loading=\"lazy\" decoding=\"async\" class=\"aligncenter size-full wp-image-1389\" src=\"https:\/\/altisk-mlak.edu.hu\/wp-content\/uploads\/2023\/03\/20230330_092536-scaled.jpg\" alt=\"\" width=\"2560\" height=\"1920\" srcset=\"https:\/\/altisk-mlak.edu.hu\/wp-content\/uploads\/2023\/03\/20230330_092536-scaled.jpg 2560w, https:\/\/altisk-mlak.edu.hu\/wp-content\/uploads\/2023\/03\/20230330_092536-300x225.jpg 300w, https:\/\/altisk-mlak.edu.hu\/wp-content\/uploads\/2023\/03\/20230330_092536-1024x768.jpg 1024w, https:\/\/altisk-mlak.edu.hu\/wp-content\/uploads\/2023\/03\/20230330_092536-768x576.jpg 768w, https:\/\/altisk-mlak.edu.hu\/wp-content\/uploads\/2023\/03\/20230330_092536-1536x1152.jpg 1536w, https:\/\/altisk-mlak.edu.hu\/wp-content\/uploads\/2023\/03\/20230330_092536-2048x1536.jpg 2048w, https:\/\/altisk-mlak.edu.hu\/wp-content\/uploads\/2023\/03\/20230330_092536-600x450.jpg 600w\" sizes=\"(max-width: 2560px) 100vw, 2560px\" \/><\/td>\n<\/tr>\n<\/tbody>\n<\/table>\n<p align=\"right\">Mezein\u00e9 Kiss Katalin<\/p>\t\t\t\t\t\t\t\t<\/div>\n\t\t\t\t<\/div>\n\t\t\t\t\t<\/div>\n\t\t<\/div>\n\t\t\t\t\t<\/div>\n\t\t<\/section>\n\t\t\t\t<\/div>\n\t\t","protected":false},"excerpt":{"rendered":"<p>2023. m\u00e1rcius 30-\u00e1n az \u0150rs\u00e9gi Nemzeti Park a Magyarlak-Cs\u00f6r\u00f6tnek \u00c1ltal\u00e1nos Iskol\u00e1ja 6. oszt\u00e1ly\u00e1ba k\u00f6lt\u00f6z\u00f6tt. Mindez term\u00e9szetesen jelk\u00e9pesen t\u00f6rt\u00e9nt, egy tan\u00f3ra erej\u00e9ig. Lajos Anna k\u00f6rnyezeti nevel\u0151 nagyon \u00f6tletesen val\u00f3s\u00edtotta meg a kitelep\u00fcl\u00e9st. A<a class=\"moretag\" href=\"https:\/\/altisk-mlak.edu.hu\/index.php\/rendhagyo-termeszettudomany-ora\/\">Read More&#8230;<\/a><\/p>\n","protected":false},"author":3,"featured_media":0,"comment_status":"closed","ping_status":"closed","sticky":false,"template":"","format":"standard","meta":{"two_page_speed":[],"footnotes":""},"categories":[1],"tags":[],"class_list":["post-1386","post","type-post","status-publish","format-standard","hentry","category-egyeb"],"_links":{"self":[{"href":"https:\/\/altisk-mlak.edu.hu\/index.php\/wp-json\/wp\/v2\/posts\/1386","targetHints":{"allow":["GET"]}}],"collection":[{"href":"https:\/\/altisk-mlak.edu.hu\/index.php\/wp-json\/wp\/v2\/posts"}],"about":[{"href":"https:\/\/altisk-mlak.edu.hu\/index.php\/wp-json\/wp\/v2\/types\/post"}],"author":[{"embeddable":true,"href":"https:\/\/altisk-mlak.edu.hu\/index.php\/wp-json\/wp\/v2\/users\/3"}],"replies":[{"embeddable":true,"href":"https:\/\/altisk-mlak.edu.hu\/index.php\/wp-json\/wp\/v2\/comments?post=1386"}],"version-history":[{"count":6,"href":"https:\/\/altisk-mlak.edu.hu\/index.php\/wp-json\/wp\/v2\/posts\/1386\/revisions"}],"predecessor-version":[{"id":1398,"href":"https:\/\/altisk-mlak.edu.hu\/index.php\/wp-json\/wp\/v2\/posts\/1386\/revisions\/1398"}],"wp:attachment":[{"href":"https:\/\/altisk-mlak.edu.hu\/index.php\/wp-json\/wp\/v2\/media?parent=1386"}],"wp:term":[{"taxonomy":"category","embeddable":true,"href":"https:\/\/altisk-mlak.edu.hu\/index.php\/wp-json\/wp\/v2\/categories?post=1386"},{"taxonomy":"post_tag","embeddable":true,"href":"https:\/\/altisk-mlak.edu.hu\/index.php\/wp-json\/wp\/v2\/tags?post=1386"}],"curies":[{"name":"wp","href":"https:\/\/api.w.org\/{rel}","templated":true}]}}