{"id":1400,"date":"2023-04-03T06:31:03","date_gmt":"2023-04-03T06:31:03","guid":{"rendered":"https:\/\/altisk-mlak.edu.hu\/?p=1400"},"modified":"2023-04-11T10:47:21","modified_gmt":"2023-04-11T10:47:21","slug":"iskolamise-2023-aprilis","status":"publish","type":"post","link":"https:\/\/altisk-mlak.edu.hu\/index.php\/iskolamise-2023-aprilis\/","title":{"rendered":"Iskolamise 2023. \u00e1prilis"},"content":{"rendered":"<p align=\"justify\"><span style=\"font-size: 12pt;\"><span class=\"sd-abs-pos\"> <img fetchpriority=\"high\" decoding=\"async\" class=\"alignleft size-full wp-image-1401\" src=\"https:\/\/altisk-mlak.edu.hu\/wp-content\/uploads\/2023\/04\/iskolamise2.jpg\" alt=\"\" width=\"195\" height=\"258\" \/><\/span><span style=\"font-size: 14pt;\"><b>2023. <\/b><span style=\"color: #ff0000;\"><b>\u00e1prilis 5-\u00e9n <\/b><\/span><b>(szerd\u00e1n) <\/b><span style=\"color: #ff0000;\"><b>11.00 \u00f3rakor <\/b><\/span><b>iskolamise lesz a <\/b><span style=\"color: #ff0000;\"><b>cs\u00f6r\u00f6tneki \u00d6r\u00f6k Ige templomban<\/b><\/span><b>. <\/b><\/span><\/span><span style=\"font-size: 14pt;\"><b>Az iskolamis\u00e9t k\u00f6vet\u0151en egy\u00fctt <\/b><span style=\"color: #ff0000;\"><b>bej\u00e1rjuk a<\/b><\/span><b> <\/b><span style=\"color: #ff0000;\"><b>st\u00e1ci\u00f3s<\/b><\/span><b> <\/b><span style=\"color: #ff0000;\"><b>keresztutat a templomkertben<\/b><\/span><b>. Szeretettel v\u00e1rjuk a sz\u00fcl\u0151ket, nagysz\u00fcl\u0151ket \u00e9s az egyh\u00e1zk\u00f6zs\u00e9g tagjait.<\/b><\/span><\/p>\n<p><span style=\"font-size: 14pt;\"><b>A mis\u00e9t bemutatja: Dr. Tak\u00e1cs Gyula iskolalelk\u00e9sz<\/b><\/span><\/p>\n<p>&nbsp;<\/p>\n<p align=\"center\"><span style=\"color: #ff0000; font-size: 24pt;\">J\u00c9ZUS T\u00c9GED IS V\u00c1R!<\/span><\/p>\n","protected":false},"excerpt":{"rendered":"<p>2023. \u00e1prilis 5-\u00e9n (szerd\u00e1n) 11.00 \u00f3rakor iskolamise lesz a cs\u00f6r\u00f6tneki \u00d6r\u00f6k Ige templomban. Az iskolamis\u00e9t k\u00f6vet\u0151en egy\u00fctt bej\u00e1rjuk a st\u00e1ci\u00f3s keresztutat a templomkertben. Szeretettel v\u00e1rjuk a sz\u00fcl\u0151ket, nagysz\u00fcl\u0151ket \u00e9s az egyh\u00e1zk\u00f6zs\u00e9g tagjait.<a class=\"moretag\" href=\"https:\/\/altisk-mlak.edu.hu\/index.php\/iskolamise-2023-aprilis\/\">Read More&#8230;<\/a><\/p>\n","protected":false},"author":3,"featured_media":0,"comment_status":"closed","ping_status":"closed","sticky":false,"template":"","format":"standard","meta":{"two_page_speed":[],"footnotes":""},"categories":[1],"tags":[],"class_list":["post-1400","post","type-post","status-publish","format-standard","hentry","category-egyeb"],"_links":{"self":[{"href":"https:\/\/altisk-mlak.edu.hu\/index.php\/wp-json\/wp\/v2\/posts\/1400","targetHints":{"allow":["GET"]}}],"collection":[{"href":"https:\/\/altisk-mlak.edu.hu\/index.php\/wp-json\/wp\/v2\/posts"}],"about":[{"href":"https:\/\/altisk-mlak.edu.hu\/index.php\/wp-json\/wp\/v2\/types\/post"}],"author":[{"embeddable":true,"href":"https:\/\/altisk-mlak.edu.hu\/index.php\/wp-json\/wp\/v2\/users\/3"}],"replies":[{"embeddable":true,"href":"https:\/\/altisk-mlak.edu.hu\/index.php\/wp-json\/wp\/v2\/comments?post=1400"}],"version-history":[{"count":1,"href":"https:\/\/altisk-mlak.edu.hu\/index.php\/wp-json\/wp\/v2\/posts\/1400\/revisions"}],"predecessor-version":[{"id":1402,"href":"https:\/\/altisk-mlak.edu.hu\/index.php\/wp-json\/wp\/v2\/posts\/1400\/revisions\/1402"}],"wp:attachment":[{"href":"https:\/\/altisk-mlak.edu.hu\/index.php\/wp-json\/wp\/v2\/media?parent=1400"}],"wp:term":[{"taxonomy":"category","embeddable":true,"href":"https:\/\/altisk-mlak.edu.hu\/index.php\/wp-json\/wp\/v2\/categories?post=1400"},{"taxonomy":"post_tag","embeddable":true,"href":"https:\/\/altisk-mlak.edu.hu\/index.php\/wp-json\/wp\/v2\/tags?post=1400"}],"curies":[{"name":"wp","href":"https:\/\/api.w.org\/{rel}","templated":true}]}}