{"id":1404,"date":"2023-04-11T10:54:16","date_gmt":"2023-04-11T10:54:16","guid":{"rendered":"https:\/\/altisk-mlak.edu.hu\/?p=1404"},"modified":"2023-04-19T11:29:25","modified_gmt":"2023-04-19T11:29:25","slug":"husvetra-hangolodas-a-magyarlak-csorotnek-altalanos-iskolaban","status":"publish","type":"post","link":"https:\/\/altisk-mlak.edu.hu\/index.php\/husvetra-hangolodas-a-magyarlak-csorotnek-altalanos-iskolaban\/","title":{"rendered":"H\u00fasv\u00e9tra hangol\u00f3d\u00e1s a Magyarlak-Cs\u00f6r\u00f6tnek \u00c1ltal\u00e1nos Iskol\u00e1ban"},"content":{"rendered":"<p style=\"text-align: justify;\">A tavaszi sz\u00fcnet el\u0151tt t\u00f6bb k\u00f6z\u00f6ss\u00e9gi programon is r\u00e9szt vettek tanul\u00f3ink. Kedden az 5. \u00e9s 6. \u00e9vfolyamos di\u00e1kok m\u00fazeumpedag\u00f3giai foglalkoz\u00e1son j\u00e1rtak Szentgotth\u00e1rdon. A programot K\u00e1roly Andrea, a M\u00f3ra Ferenc V\u00e1rosi K\u00f6nyvt\u00e1r \u00e9s M\u00fazeum munkat\u00e1rsa szervezte \u00e9s aj\u00e1nlotta az iskola figyelm\u00e9be. A tanul\u00f3k Bogn\u00e1r Szilvia tan\u00e1rn\u0151vel honismeret \u00f3r\u00e1n m\u00e1r foglalkoztak a R\u00e1bavid\u00e9k t\u00f6rt\u00e9net\u00e9vel, n\u00e9prajz\u00e1val, de a m\u00fazeum t\u00e1rgyi \u00e9s \u00edrott eml\u00e9kei m\u00e9g ink\u00e1bb k\u00f6zelebb vitt\u00e9k a gyerekeket e csod\u00e1s t\u00e1jegys\u00e9ghez, annak \u00e9rt\u00e9keihez. Doncsecz J\u00f3zsefn\u00e9, Ilus n\u00e9ni a h\u00fasv\u00e9ti \u00fcnnepk\u00f6rh\u00f6z kapcsol\u00f3d\u00f3an a toj\u00e1sd\u00edsz\u00edt\u00e9s rejtelmeibe is bevezette az \u00e9rdekl\u0151d\u0151 di\u00e1kokat.<\/p>\n<table style=\"border-collapse: collapse; width: 100%;\">\n<tbody>\n<tr>\n<td style=\"width: 50%;\"><img fetchpriority=\"high\" decoding=\"async\" class=\"aligncenter size-full wp-image-1405\" src=\"https:\/\/altisk-mlak.edu.hu\/wp-content\/uploads\/2023\/04\/20230405_083834-scaled.jpg\" alt=\"\" width=\"2560\" height=\"1920\" srcset=\"https:\/\/altisk-mlak.edu.hu\/wp-content\/uploads\/2023\/04\/20230405_083834-scaled.jpg 2560w, https:\/\/altisk-mlak.edu.hu\/wp-content\/uploads\/2023\/04\/20230405_083834-300x225.jpg 300w, https:\/\/altisk-mlak.edu.hu\/wp-content\/uploads\/2023\/04\/20230405_083834-1024x768.jpg 1024w, https:\/\/altisk-mlak.edu.hu\/wp-content\/uploads\/2023\/04\/20230405_083834-768x576.jpg 768w, https:\/\/altisk-mlak.edu.hu\/wp-content\/uploads\/2023\/04\/20230405_083834-1536x1152.jpg 1536w, https:\/\/altisk-mlak.edu.hu\/wp-content\/uploads\/2023\/04\/20230405_083834-2048x1536.jpg 2048w, https:\/\/altisk-mlak.edu.hu\/wp-content\/uploads\/2023\/04\/20230405_083834-600x450.jpg 600w\" sizes=\"(max-width: 2560px) 100vw, 2560px\" \/><\/td>\n<td style=\"width: 50%;\"><img decoding=\"async\" class=\"aligncenter size-full wp-image-1409\" src=\"https:\/\/altisk-mlak.edu.hu\/wp-content\/uploads\/2023\/04\/20230405_083840-scaled.jpg\" alt=\"\" width=\"2560\" height=\"1920\" srcset=\"https:\/\/altisk-mlak.edu.hu\/wp-content\/uploads\/2023\/04\/20230405_083840-scaled.jpg 2560w, https:\/\/altisk-mlak.edu.hu\/wp-content\/uploads\/2023\/04\/20230405_083840-300x225.jpg 300w, https:\/\/altisk-mlak.edu.hu\/wp-content\/uploads\/2023\/04\/20230405_083840-1024x768.jpg 1024w, https:\/\/altisk-mlak.edu.hu\/wp-content\/uploads\/2023\/04\/20230405_083840-768x576.jpg 768w, https:\/\/altisk-mlak.edu.hu\/wp-content\/uploads\/2023\/04\/20230405_083840-1536x1152.jpg 1536w, https:\/\/altisk-mlak.edu.hu\/wp-content\/uploads\/2023\/04\/20230405_083840-2048x1536.jpg 2048w, https:\/\/altisk-mlak.edu.hu\/wp-content\/uploads\/2023\/04\/20230405_083840-600x450.jpg 600w\" sizes=\"(max-width: 2560px) 100vw, 2560px\" \/><\/td>\n<\/tr>\n<\/tbody>\n<\/table>\n<p style=\"text-align: justify;\">A szerdai nap is akt\u00edvan telt a tagint\u00e9zm\u00e9nyben. A f\u00f6ldszinten az als\u00f3 tagozat ser\u00e9nykedett: a kicsik h\u00fasv\u00e9ti kopogtat\u00f3t \u00e9s toj\u00e1sh\u00e1zik\u00f3t k\u00e9sz\u00edtettek Aradin\u00e9 Pov\u00e1zsay Katalin tan\u00edt\u00f3 n\u00e9nivel, toj\u00e1st festettek hagyom\u00e1nyos m\u00f3don, konyhai alapanyagokb\u00f3l Koz\u00f3n\u00e9 Keszti \u00c1gnes tan\u00edt\u00f3 seg\u00edts\u00e9g\u00e9vel.<\/p>\n<table style=\"border-collapse: collapse; width: 100%;\">\n<tbody>\n<tr>\n<td style=\"width: 33.3333%;\"><img decoding=\"async\" class=\"aligncenter size-full wp-image-1408\" src=\"https:\/\/altisk-mlak.edu.hu\/wp-content\/uploads\/2023\/04\/20230405_084049-scaled.jpg\" alt=\"\" width=\"2560\" height=\"1920\" srcset=\"https:\/\/altisk-mlak.edu.hu\/wp-content\/uploads\/2023\/04\/20230405_084049-scaled.jpg 2560w, https:\/\/altisk-mlak.edu.hu\/wp-content\/uploads\/2023\/04\/20230405_084049-300x225.jpg 300w, https:\/\/altisk-mlak.edu.hu\/wp-content\/uploads\/2023\/04\/20230405_084049-1024x768.jpg 1024w, https:\/\/altisk-mlak.edu.hu\/wp-content\/uploads\/2023\/04\/20230405_084049-768x576.jpg 768w, https:\/\/altisk-mlak.edu.hu\/wp-content\/uploads\/2023\/04\/20230405_084049-1536x1152.jpg 1536w, https:\/\/altisk-mlak.edu.hu\/wp-content\/uploads\/2023\/04\/20230405_084049-2048x1536.jpg 2048w, https:\/\/altisk-mlak.edu.hu\/wp-content\/uploads\/2023\/04\/20230405_084049-600x450.jpg 600w\" sizes=\"(max-width: 2560px) 100vw, 2560px\" \/><\/td>\n<td style=\"width: 33.3333%;\"><img loading=\"lazy\" decoding=\"async\" class=\"aligncenter size-full wp-image-1407\" src=\"https:\/\/altisk-mlak.edu.hu\/wp-content\/uploads\/2023\/04\/20230405_084140-scaled.jpg\" alt=\"\" width=\"2560\" height=\"1920\" srcset=\"https:\/\/altisk-mlak.edu.hu\/wp-content\/uploads\/2023\/04\/20230405_084140-scaled.jpg 2560w, https:\/\/altisk-mlak.edu.hu\/wp-content\/uploads\/2023\/04\/20230405_084140-300x225.jpg 300w, https:\/\/altisk-mlak.edu.hu\/wp-content\/uploads\/2023\/04\/20230405_084140-1024x768.jpg 1024w, https:\/\/altisk-mlak.edu.hu\/wp-content\/uploads\/2023\/04\/20230405_084140-768x576.jpg 768w, https:\/\/altisk-mlak.edu.hu\/wp-content\/uploads\/2023\/04\/20230405_084140-1536x1152.jpg 1536w, https:\/\/altisk-mlak.edu.hu\/wp-content\/uploads\/2023\/04\/20230405_084140-2048x1536.jpg 2048w, https:\/\/altisk-mlak.edu.hu\/wp-content\/uploads\/2023\/04\/20230405_084140-600x450.jpg 600w\" sizes=\"(max-width: 2560px) 100vw, 2560px\" \/><\/td>\n<td style=\"width: 33.3333%;\"><img loading=\"lazy\" decoding=\"async\" class=\"aligncenter size-full wp-image-1406\" src=\"https:\/\/altisk-mlak.edu.hu\/wp-content\/uploads\/2023\/04\/20230405_084127-scaled.jpg\" alt=\"\" width=\"2560\" height=\"1920\" srcset=\"https:\/\/altisk-mlak.edu.hu\/wp-content\/uploads\/2023\/04\/20230405_084127-scaled.jpg 2560w, https:\/\/altisk-mlak.edu.hu\/wp-content\/uploads\/2023\/04\/20230405_084127-300x225.jpg 300w, https:\/\/altisk-mlak.edu.hu\/wp-content\/uploads\/2023\/04\/20230405_084127-1024x768.jpg 1024w, https:\/\/altisk-mlak.edu.hu\/wp-content\/uploads\/2023\/04\/20230405_084127-768x576.jpg 768w, https:\/\/altisk-mlak.edu.hu\/wp-content\/uploads\/2023\/04\/20230405_084127-1536x1152.jpg 1536w, https:\/\/altisk-mlak.edu.hu\/wp-content\/uploads\/2023\/04\/20230405_084127-2048x1536.jpg 2048w, https:\/\/altisk-mlak.edu.hu\/wp-content\/uploads\/2023\/04\/20230405_084127-600x450.jpg 600w\" sizes=\"(max-width: 2560px) 100vw, 2560px\" \/><\/td>\n<\/tr>\n<\/tbody>\n<\/table>\n<p style=\"text-align: justify;\">Az emeleten a fels\u0151 tagozat l\u00e9lekben k\u00e9sz\u00fclt az \u00fcnnepekre, melyben \u00c1gnes n\u0151v\u00e9r \u00e9s Dr. Tak\u00e1cs Gyula iskolalelk\u00e9sz m\u0171k\u00f6d\u00f6tt k\u00f6zre. A tanul\u00f3k bibliai sz\u00ednez\u0151kkel a h\u00fasv\u00e9t t\u00f6rt\u00e9net\u00e9t dolgozt\u00e1k fel, \u00e9s lehet\u0151s\u00e9g volt a szentgy\u00f3n\u00e1s elv\u00e9gz\u00e9s\u00e9re is.<br \/>\nA nagysz\u00fcnetben aj\u00e1nd\u00e9koz\u00e1sra ker\u00fclt sor. A Cs\u00f6r\u00f6tneki Roma Nemzetis\u00e9gi \u00d6nkorm\u00e1nyzat minden gyermeknek egy aj\u00e1nd\u00e9kcsomaggal, Horv\u00e1thn\u00e9 F\u00e9bert Zsuzsanna, az EZ + AZ \u00c9lelmiszerbolt tulajdonosa pedig gy\u00fcm\u00f6lccsel kedveskedett.<br \/>\n11 \u00f3rakor az iskolak\u00f6z\u00f6ss\u00e9g szentmis\u00e9n vett r\u00e9szt a cs\u00f6r\u00f6tneki \u00d6r\u00f6k Ige templomban, amit Gyula atya celebr\u00e1lt. A mis\u00e9n Gupcsi Anna \u00e9s Mesits Patr\u00edcia tanul\u00f3k p\u00e9ld\u00e1san szolg\u00e1ltak. A szertart\u00e1st k\u00f6vet\u0151en a templomkertben v\u00e9gigj\u00e1rtuk a keresztutat. J\u00e9zus jeruzs\u00e1lemi \u00fatj\u00e1t tett\u00fck meg kicsiben. A k\u00f6rmenet kezd\u0151\u00e9nekkel vette kezdet\u00e9t, \u00e9s az egyes st\u00e1ci\u00f3k k\u00f6z\u00f6tt is \u00e9neksz\u00f3val vonultunk. Gyula atya minden \u00e1llom\u00e1sn\u00e1l ismertette a st\u00e1ci\u00f3 c\u00edm\u00e9t \u00e9s a hozz\u00e1 f\u0171z\u0151d\u0151 esem\u00e9nyeket. Felemel\u0151 \u00e9rz\u00e9s volt a k\u00f6z\u00f6s v\u00e1ndorl\u00e1s J\u00e9zus nyomdokain. \u00dagy v\u00e9lem, hogy ezek az egy\u00fctt \u00e1t\u00e9lt k\u00f6z\u00f6ss\u00e9gi programok hozz\u00e1j\u00e1rultak, hogy l\u00e9lekben is felk\u00e9sz\u00fclj\u00fcnk a h\u00fasv\u00e9tra, a kereszt\u00e9nys\u00e9g legnagyobb \u00fcnnep\u00e9re.<\/p>\n<table style=\"border-collapse: collapse; width: 100%;\">\n<tbody>\n<tr>\n<td style=\"width: 50%;\"><img loading=\"lazy\" decoding=\"async\" class=\"aligncenter wp-image-1412\" src=\"https:\/\/altisk-mlak.edu.hu\/wp-content\/uploads\/2023\/04\/IMG_20230405_181248-scaled.jpg\" alt=\"\" width=\"594\" height=\"400\" srcset=\"https:\/\/altisk-mlak.edu.hu\/wp-content\/uploads\/2023\/04\/IMG_20230405_181248-scaled.jpg 2560w, https:\/\/altisk-mlak.edu.hu\/wp-content\/uploads\/2023\/04\/IMG_20230405_181248-300x202.jpg 300w, https:\/\/altisk-mlak.edu.hu\/wp-content\/uploads\/2023\/04\/IMG_20230405_181248-1024x690.jpg 1024w, https:\/\/altisk-mlak.edu.hu\/wp-content\/uploads\/2023\/04\/IMG_20230405_181248-768x517.jpg 768w, https:\/\/altisk-mlak.edu.hu\/wp-content\/uploads\/2023\/04\/IMG_20230405_181248-1536x1034.jpg 1536w, https:\/\/altisk-mlak.edu.hu\/wp-content\/uploads\/2023\/04\/IMG_20230405_181248-2048x1379.jpg 2048w, https:\/\/altisk-mlak.edu.hu\/wp-content\/uploads\/2023\/04\/IMG_20230405_181248-600x404.jpg 600w, https:\/\/altisk-mlak.edu.hu\/wp-content\/uploads\/2023\/04\/IMG_20230405_181248-272x182.jpg 272w\" sizes=\"(max-width: 594px) 100vw, 594px\" \/><\/td>\n<td style=\"width: 50%;\"><img loading=\"lazy\" decoding=\"async\" class=\"aligncenter wp-image-1413\" src=\"https:\/\/altisk-mlak.edu.hu\/wp-content\/uploads\/2023\/04\/IMG_20230405_180522.jpg\" alt=\"\" width=\"520\" height=\"400\" srcset=\"https:\/\/altisk-mlak.edu.hu\/wp-content\/uploads\/2023\/04\/IMG_20230405_180522.jpg 2361w, https:\/\/altisk-mlak.edu.hu\/wp-content\/uploads\/2023\/04\/IMG_20230405_180522-300x231.jpg 300w, https:\/\/altisk-mlak.edu.hu\/wp-content\/uploads\/2023\/04\/IMG_20230405_180522-1024x788.jpg 1024w, https:\/\/altisk-mlak.edu.hu\/wp-content\/uploads\/2023\/04\/IMG_20230405_180522-768x591.jpg 768w, https:\/\/altisk-mlak.edu.hu\/wp-content\/uploads\/2023\/04\/IMG_20230405_180522-1536x1182.jpg 1536w, https:\/\/altisk-mlak.edu.hu\/wp-content\/uploads\/2023\/04\/IMG_20230405_180522-2048x1576.jpg 2048w, https:\/\/altisk-mlak.edu.hu\/wp-content\/uploads\/2023\/04\/IMG_20230405_180522-600x462.jpg 600w\" sizes=\"(max-width: 520px) 100vw, 520px\" \/><\/td>\n<\/tr>\n<\/tbody>\n<\/table>\n<p style=\"text-align: justify;\">\u00c1ldott h\u00fasv\u00e9ti \u00fcnnepeket k\u00edv\u00e1nok az iskola di\u00e1k- \u00e9s alkalmazotti k\u00f6z\u00f6ss\u00e9ge nev\u00e9ben:<\/p>\n<p style=\"text-align: right;\">Mezein\u00e9 Kiss Katalin tagint\u00e9zm\u00e9ny-vezet\u0151<\/p>\n","protected":false},"excerpt":{"rendered":"<p>A tavaszi sz\u00fcnet el\u0151tt t\u00f6bb k\u00f6z\u00f6ss\u00e9gi programon is r\u00e9szt vettek tanul\u00f3ink. Kedden az 5. \u00e9s 6. \u00e9vfolyamos di\u00e1kok m\u00fazeumpedag\u00f3giai foglalkoz\u00e1son j\u00e1rtak Szentgotth\u00e1rdon. A programot K\u00e1roly Andrea, a M\u00f3ra Ferenc V\u00e1rosi K\u00f6nyvt\u00e1r \u00e9s<a class=\"moretag\" href=\"https:\/\/altisk-mlak.edu.hu\/index.php\/husvetra-hangolodas-a-magyarlak-csorotnek-altalanos-iskolaban\/\">Read More&#8230;<\/a><\/p>\n","protected":false},"author":3,"featured_media":0,"comment_status":"closed","ping_status":"closed","sticky":false,"template":"","format":"standard","meta":{"two_page_speed":[],"footnotes":""},"categories":[1],"tags":[],"class_list":["post-1404","post","type-post","status-publish","format-standard","hentry","category-egyeb"],"_links":{"self":[{"href":"https:\/\/altisk-mlak.edu.hu\/index.php\/wp-json\/wp\/v2\/posts\/1404","targetHints":{"allow":["GET"]}}],"collection":[{"href":"https:\/\/altisk-mlak.edu.hu\/index.php\/wp-json\/wp\/v2\/posts"}],"about":[{"href":"https:\/\/altisk-mlak.edu.hu\/index.php\/wp-json\/wp\/v2\/types\/post"}],"author":[{"embeddable":true,"href":"https:\/\/altisk-mlak.edu.hu\/index.php\/wp-json\/wp\/v2\/users\/3"}],"replies":[{"embeddable":true,"href":"https:\/\/altisk-mlak.edu.hu\/index.php\/wp-json\/wp\/v2\/comments?post=1404"}],"version-history":[{"count":2,"href":"https:\/\/altisk-mlak.edu.hu\/index.php\/wp-json\/wp\/v2\/posts\/1404\/revisions"}],"predecessor-version":[{"id":1414,"href":"https:\/\/altisk-mlak.edu.hu\/index.php\/wp-json\/wp\/v2\/posts\/1404\/revisions\/1414"}],"wp:attachment":[{"href":"https:\/\/altisk-mlak.edu.hu\/index.php\/wp-json\/wp\/v2\/media?parent=1404"}],"wp:term":[{"taxonomy":"category","embeddable":true,"href":"https:\/\/altisk-mlak.edu.hu\/index.php\/wp-json\/wp\/v2\/categories?post=1404"},{"taxonomy":"post_tag","embeddable":true,"href":"https:\/\/altisk-mlak.edu.hu\/index.php\/wp-json\/wp\/v2\/tags?post=1404"}],"curies":[{"name":"wp","href":"https:\/\/api.w.org\/{rel}","templated":true}]}}