{"id":1416,"date":"2023-04-19T11:34:24","date_gmt":"2023-04-19T11:34:24","guid":{"rendered":"https:\/\/altisk-mlak.edu.hu\/?p=1416"},"modified":"2023-04-29T20:35:26","modified_gmt":"2023-04-29T20:35:26","slug":"szentek-nyomaban-ifjusagi-gyalogos-zarandoklat","status":"publish","type":"post","link":"https:\/\/altisk-mlak.edu.hu\/index.php\/szentek-nyomaban-ifjusagi-gyalogos-zarandoklat\/","title":{"rendered":"Szentek nyom\u00e1ban &#8211; ifj\u00fas\u00e1gi gyalogos zar\u00e1ndoklat"},"content":{"rendered":"<p style=\"text-align: justify;\">2023 m\u00e1rcius k\u00f6zep\u00e9n egy sz\u00edvhez sz\u00f3l\u00f3 levelet kaptunk a Szombathelyi Egyh\u00e1zmegy\u00e9t\u0151l, melyben Dr. Sz\u00e9kely J\u00e1nos szombathelyi megy\u00e9sp\u00fcsp\u00f6k megh\u00edvta iskol\u00e1nk fels\u0151s tanul\u00f3it a Szentek nyom\u00e1ban elnevez\u00e9s\u0171 ifj\u00fas\u00e1gi zar\u00e1ndoklatra. Iskolat\u00e1rsammal, J\u00f3zsi J\u00e1zminnal \u00f6r\u00f6mmel csatlakoztunk a csoporthoz.<\/p>\n<table style=\"border-collapse: collapse; width: 100%;\">\n<tbody>\n<tr>\n<td style=\"width: 50%;\"><img fetchpriority=\"high\" decoding=\"async\" class=\"aligncenter size-full wp-image-1417\" src=\"https:\/\/altisk-mlak.edu.hu\/wp-content\/uploads\/2023\/04\/Ifjusagi_zarandoklat_2.jpg\" alt=\"\" width=\"1623\" height=\"1080\" srcset=\"https:\/\/altisk-mlak.edu.hu\/wp-content\/uploads\/2023\/04\/Ifjusagi_zarandoklat_2.jpg 1623w, https:\/\/altisk-mlak.edu.hu\/wp-content\/uploads\/2023\/04\/Ifjusagi_zarandoklat_2-300x200.jpg 300w, https:\/\/altisk-mlak.edu.hu\/wp-content\/uploads\/2023\/04\/Ifjusagi_zarandoklat_2-1024x681.jpg 1024w, https:\/\/altisk-mlak.edu.hu\/wp-content\/uploads\/2023\/04\/Ifjusagi_zarandoklat_2-768x511.jpg 768w, https:\/\/altisk-mlak.edu.hu\/wp-content\/uploads\/2023\/04\/Ifjusagi_zarandoklat_2-1536x1022.jpg 1536w, https:\/\/altisk-mlak.edu.hu\/wp-content\/uploads\/2023\/04\/Ifjusagi_zarandoklat_2-600x399.jpg 600w, https:\/\/altisk-mlak.edu.hu\/wp-content\/uploads\/2023\/04\/Ifjusagi_zarandoklat_2-272x182.jpg 272w\" sizes=\"(max-width: 1623px) 100vw, 1623px\" \/><\/td>\n<td style=\"width: 50%;\"><img decoding=\"async\" class=\"aligncenter size-full wp-image-1421\" src=\"https:\/\/altisk-mlak.edu.hu\/wp-content\/uploads\/2023\/04\/Ifjusagi_zarandoklat_3.jpg\" alt=\"\" width=\"1623\" height=\"1080\" srcset=\"https:\/\/altisk-mlak.edu.hu\/wp-content\/uploads\/2023\/04\/Ifjusagi_zarandoklat_3.jpg 1623w, https:\/\/altisk-mlak.edu.hu\/wp-content\/uploads\/2023\/04\/Ifjusagi_zarandoklat_3-300x200.jpg 300w, https:\/\/altisk-mlak.edu.hu\/wp-content\/uploads\/2023\/04\/Ifjusagi_zarandoklat_3-1024x681.jpg 1024w, https:\/\/altisk-mlak.edu.hu\/wp-content\/uploads\/2023\/04\/Ifjusagi_zarandoklat_3-768x511.jpg 768w, https:\/\/altisk-mlak.edu.hu\/wp-content\/uploads\/2023\/04\/Ifjusagi_zarandoklat_3-1536x1022.jpg 1536w, https:\/\/altisk-mlak.edu.hu\/wp-content\/uploads\/2023\/04\/Ifjusagi_zarandoklat_3-600x399.jpg 600w, https:\/\/altisk-mlak.edu.hu\/wp-content\/uploads\/2023\/04\/Ifjusagi_zarandoklat_3-272x182.jpg 272w\" sizes=\"(max-width: 1623px) 100vw, 1623px\" \/><\/td>\n<\/tr>\n<\/tbody>\n<\/table>\n<p style=\"text-align: justify;\">M\u00e1rcius 31-\u00e9n \u00c1gnes n\u0151v\u00e9r kocsival elvitt benn\u00fcnket J\u00e1kra, a Szent Gy\u00f6rgy templomhoz. Ott egy nyit\u00f3mis\u00e9n vett\u00fcnk r\u00e9szt, majd a szentmise ut\u00e1n elindultunk Szentp\u00e9terf\u00e1ra, kb. 13 km-t s\u00e9t\u00e1ltunk. Nagy \u00e9lm\u00e9ny volt a J\u00e1nos p\u00fcsp\u00f6k aty\u00e1val val\u00f3 besz\u00e9lget\u00e9s, aki \u00e9rdekl\u0151dve k\u00e9rdezett iskol\u00e1nkr\u00f3l \u00e9s Gyula aty\u00e1r\u00f3l.<\/p>\n<table style=\"border-collapse: collapse; width: 100%;\">\n<tbody>\n<tr>\n<td style=\"width: 50%;\"><img decoding=\"async\" class=\"aligncenter wp-image-1420 size-large\" src=\"https:\/\/altisk-mlak.edu.hu\/wp-content\/uploads\/2023\/04\/Ifjusagi_zarandoklat_4-1024x576.jpg\" alt=\"\" width=\"604\" height=\"340\" srcset=\"https:\/\/altisk-mlak.edu.hu\/wp-content\/uploads\/2023\/04\/Ifjusagi_zarandoklat_4-1024x576.jpg 1024w, https:\/\/altisk-mlak.edu.hu\/wp-content\/uploads\/2023\/04\/Ifjusagi_zarandoklat_4-300x169.jpg 300w, https:\/\/altisk-mlak.edu.hu\/wp-content\/uploads\/2023\/04\/Ifjusagi_zarandoklat_4-768x432.jpg 768w, https:\/\/altisk-mlak.edu.hu\/wp-content\/uploads\/2023\/04\/Ifjusagi_zarandoklat_4-1536x864.jpg 1536w, https:\/\/altisk-mlak.edu.hu\/wp-content\/uploads\/2023\/04\/Ifjusagi_zarandoklat_4-1600x900.jpg 1600w, https:\/\/altisk-mlak.edu.hu\/wp-content\/uploads\/2023\/04\/Ifjusagi_zarandoklat_4-600x338.jpg 600w, https:\/\/altisk-mlak.edu.hu\/wp-content\/uploads\/2023\/04\/Ifjusagi_zarandoklat_4.jpg 1920w\" sizes=\"(max-width: 604px) 100vw, 604px\" \/><\/td>\n<td style=\"width: 50%;\"><img loading=\"lazy\" decoding=\"async\" class=\"aligncenter wp-image-1418 size-large\" src=\"https:\/\/altisk-mlak.edu.hu\/wp-content\/uploads\/2023\/04\/Ifjusagi_zarandoklat_1-1024x681.jpg\" alt=\"\" width=\"604\" height=\"402\" srcset=\"https:\/\/altisk-mlak.edu.hu\/wp-content\/uploads\/2023\/04\/Ifjusagi_zarandoklat_1-1024x681.jpg 1024w, https:\/\/altisk-mlak.edu.hu\/wp-content\/uploads\/2023\/04\/Ifjusagi_zarandoklat_1-300x200.jpg 300w, https:\/\/altisk-mlak.edu.hu\/wp-content\/uploads\/2023\/04\/Ifjusagi_zarandoklat_1-768x511.jpg 768w, https:\/\/altisk-mlak.edu.hu\/wp-content\/uploads\/2023\/04\/Ifjusagi_zarandoklat_1-1536x1022.jpg 1536w, https:\/\/altisk-mlak.edu.hu\/wp-content\/uploads\/2023\/04\/Ifjusagi_zarandoklat_1-600x399.jpg 600w, https:\/\/altisk-mlak.edu.hu\/wp-content\/uploads\/2023\/04\/Ifjusagi_zarandoklat_1-272x182.jpg 272w, https:\/\/altisk-mlak.edu.hu\/wp-content\/uploads\/2023\/04\/Ifjusagi_zarandoklat_1.jpg 1623w\" sizes=\"(max-width: 604px) 100vw, 604px\" \/><\/td>\n<\/tr>\n<\/tbody>\n<\/table>\n<p style=\"text-align: justify;\">F\u00e9l\u00faton meg\u00e1lltunk, egy nagy k\u00f6rt alak\u00edtottunk ki, mindenki bemutatkozott \u00e9s elmondta, mi a hobbija \u00e9s kinek aj\u00e1nlja fel a zar\u00e1ndoklatot. A p\u00fcsp\u00f6k \u00far kiv\u00e1lasztott n\u00e9h\u00e1ny gyereket a r\u00f3zsaf\u00fcz\u00e9rim\u00e1ra, ut\u00e1na egyh\u00e1zi \u00e9nekeket \u00e9nekelt\u00fcnk, pl. Szentl\u00e9lek j\u00f6jj c\u00edm\u0171 dalt. Este \u00e9rt\u00fcnk Szentp\u00e9terf\u00e1ra, ahol az iskol\u00e1ban kaptunk sz\u00e1ll\u00e1st. Lepakoltunk, megvacsor\u00e1ztunk, majd \u00e1tment\u00fcnk az iskol\u00e1val szembeni templomba, ahol git\u00e1ros napz\u00e1r\u00f3 szentmis\u00e9n vett\u00fcnk r\u00e9szt. Ezt k\u00f6vet\u0151en egy j\u00e1t\u00e9kos csapatvet\u00e9lked\u0151 k\u00f6vetkezett. A feladv\u00e1nyokon sokat t\u00f6prengt\u00fcnk, hogy megfelel\u0151 c\u00edmet adjuk J\u00e9zus \u00e9let\u00e9nek egyes \u00e1llom\u00e1sainak. A csapatunk 4. helyez\u00e9st \u00e9rt el, az aj\u00e1nd\u00e9kcsokit testv\u00e9riesen elosztottuk egym\u00e1s k\u00f6zt. Este 21 \u00f3rakor volt a takarod\u00f3. M\u00e1snap 6 \u00f3rakor kelt\u00fcnk, megreggelizt\u00fcnk, \u00e9s \u00fatnak indultunk. Kicsit h\u0171v\u00f6s volt a reggel, de h\u0151siesen b\u00edrtunk a t\u00far\u00e1t. Csatlakozott hozz\u00e1nk \u00d3ra Kriszti\u00e1n atya \u00e9s n\u00e9gy szentgotth\u00e1rdi kisdi\u00e1k. \u00datk\u00f6zben felment\u00fcnk a fest\u0151i k\u00f6rnyezetben elhelyezked\u0151 Maria Weinberg-i (Pinkakertes) templomhoz, melyet be is mutatott Karl atya a zar\u00e1ndokcsoportnak. Kis pihen\u0151t beiktattunk, majd minden er\u0151nket \u00f6sszeszedve haladtunk c\u00e9lunkig, a g\u00fcssingi templomig. Ott z\u00e1r\u00f3mis\u00e9n vett\u00fcnk r\u00e9szt, amit J\u00e1nos p\u00fcsp\u00f6k atya \u00e9s Kriszti\u00e1n atya celebr\u00e1lt. Filom\u00e9na n\u0151v\u00e9r git\u00e1rral k\u00eds\u00e9rte az \u00e9nekeket. A mise v\u00e9g\u00e9n lement\u00fcnk a kript\u00e1ba, ahol Batthy\u00e1ny L\u00e1szl\u00f3 \u00e9s Coreth M\u00e1ria Ter\u00e9zia kopors\u00f3j\u00e1n\u00e1l ler\u00f3ttuk kegyelet\u00fcnket. Ezt k\u00f6vet\u0151en aut\u00f3busszal Szentgotth\u00e1rdra utaztunk, ahol Kriszti\u00e1n atya bemutatta a v\u00e1ros b\u00fcszkes\u00e9g\u00e9t, a csod\u00e1latosan fel\u00faj\u00edtott barokk templomot. V\u00e9gezet\u00fcl R\u00e1bakethelyre ment\u00fcnk a Brenner-k\u00e1poln\u00e1hoz, ahol J\u00e1nos p\u00fcsp\u00f6k mes\u00e9lt a tragikus k\u00f6r\u00fclm\u00e9nyek k\u00f6z\u00f6tt, fiatalon elhunyt Boldog Brenner J\u00e1nos \u00e9let\u00e9r\u0151l, majd v\u00e9rtan\u00fas\u00e1g\u00e1nak hely\u00e9n k\u00f6z\u00f6s im\u00e1ds\u00e1ggal \u00e9s \u00e9nekl\u00e9ssel ad\u00f3ztunk eml\u00e9k\u00e9nek.<\/p>\n<p><img loading=\"lazy\" decoding=\"async\" class=\"aligncenter size-full wp-image-1419\" src=\"https:\/\/altisk-mlak.edu.hu\/wp-content\/uploads\/2023\/04\/Ifjusagi_zarandoklat_5.jpg\" alt=\"\" width=\"1623\" height=\"1080\" srcset=\"https:\/\/altisk-mlak.edu.hu\/wp-content\/uploads\/2023\/04\/Ifjusagi_zarandoklat_5.jpg 1623w, https:\/\/altisk-mlak.edu.hu\/wp-content\/uploads\/2023\/04\/Ifjusagi_zarandoklat_5-300x200.jpg 300w, https:\/\/altisk-mlak.edu.hu\/wp-content\/uploads\/2023\/04\/Ifjusagi_zarandoklat_5-1024x681.jpg 1024w, https:\/\/altisk-mlak.edu.hu\/wp-content\/uploads\/2023\/04\/Ifjusagi_zarandoklat_5-768x511.jpg 768w, https:\/\/altisk-mlak.edu.hu\/wp-content\/uploads\/2023\/04\/Ifjusagi_zarandoklat_5-1536x1022.jpg 1536w, https:\/\/altisk-mlak.edu.hu\/wp-content\/uploads\/2023\/04\/Ifjusagi_zarandoklat_5-600x399.jpg 600w, https:\/\/altisk-mlak.edu.hu\/wp-content\/uploads\/2023\/04\/Ifjusagi_zarandoklat_5-272x182.jpg 272w\" sizes=\"(max-width: 1623px) 100vw, 1623px\" \/><\/p>\n<p style=\"text-align: justify;\">Felemel\u0151 \u00e9rz\u00e9s volt megismerni sz\u00fcl\u0151f\u00f6ld\u00fcnk szentjeit, l\u00e1buk nyom\u00e1ban j\u00e1rni. B\u00e1tran, \u00f6r\u00f6mmel, nagylelk\u0171en tett\u00fck ezt, hiszen tudjuk, hogy \u0150k J\u00e9zus nyom\u00e1ban j\u00e1rnak.<\/p>\n<p style=\"text-align: right;\"><em>Gupcsi Anna 8. oszt\u00e1lyos tanul\u00f3<br \/>\nSzent Gotth\u00e1rd \u00c1ltal\u00e1nos Iskola \u00e9s Gimn\u00e1zium<br \/>\nMagyarlak-Cs\u00f6r\u00f6tnek \u00c1ltal\u00e1nos Iskol\u00e1ja<\/em><\/p>\n","protected":false},"excerpt":{"rendered":"<p>2023 m\u00e1rcius k\u00f6zep\u00e9n egy sz\u00edvhez sz\u00f3l\u00f3 levelet kaptunk a Szombathelyi Egyh\u00e1zmegy\u00e9t\u0151l, melyben Dr. Sz\u00e9kely J\u00e1nos szombathelyi megy\u00e9sp\u00fcsp\u00f6k megh\u00edvta iskol\u00e1nk fels\u0151s tanul\u00f3it a Szentek nyom\u00e1ban elnevez\u00e9s\u0171 ifj\u00fas\u00e1gi zar\u00e1ndoklatra. Iskolat\u00e1rsammal, J\u00f3zsi J\u00e1zminnal \u00f6r\u00f6mmel csatlakoztunk<a class=\"moretag\" href=\"https:\/\/altisk-mlak.edu.hu\/index.php\/szentek-nyomaban-ifjusagi-gyalogos-zarandoklat\/\">Read More&#8230;<\/a><\/p>\n","protected":false},"author":3,"featured_media":0,"comment_status":"closed","ping_status":"closed","sticky":false,"template":"","format":"standard","meta":{"two_page_speed":[],"footnotes":""},"categories":[1],"tags":[],"class_list":["post-1416","post","type-post","status-publish","format-standard","hentry","category-egyeb"],"_links":{"self":[{"href":"https:\/\/altisk-mlak.edu.hu\/index.php\/wp-json\/wp\/v2\/posts\/1416","targetHints":{"allow":["GET"]}}],"collection":[{"href":"https:\/\/altisk-mlak.edu.hu\/index.php\/wp-json\/wp\/v2\/posts"}],"about":[{"href":"https:\/\/altisk-mlak.edu.hu\/index.php\/wp-json\/wp\/v2\/types\/post"}],"author":[{"embeddable":true,"href":"https:\/\/altisk-mlak.edu.hu\/index.php\/wp-json\/wp\/v2\/users\/3"}],"replies":[{"embeddable":true,"href":"https:\/\/altisk-mlak.edu.hu\/index.php\/wp-json\/wp\/v2\/comments?post=1416"}],"version-history":[{"count":2,"href":"https:\/\/altisk-mlak.edu.hu\/index.php\/wp-json\/wp\/v2\/posts\/1416\/revisions"}],"predecessor-version":[{"id":1424,"href":"https:\/\/altisk-mlak.edu.hu\/index.php\/wp-json\/wp\/v2\/posts\/1416\/revisions\/1424"}],"wp:attachment":[{"href":"https:\/\/altisk-mlak.edu.hu\/index.php\/wp-json\/wp\/v2\/media?parent=1416"}],"wp:term":[{"taxonomy":"category","embeddable":true,"href":"https:\/\/altisk-mlak.edu.hu\/index.php\/wp-json\/wp\/v2\/categories?post=1416"},{"taxonomy":"post_tag","embeddable":true,"href":"https:\/\/altisk-mlak.edu.hu\/index.php\/wp-json\/wp\/v2\/tags?post=1416"}],"curies":[{"name":"wp","href":"https:\/\/api.w.org\/{rel}","templated":true}]}}