{"id":1434,"date":"2023-05-09T09:05:30","date_gmt":"2023-05-09T09:05:30","guid":{"rendered":"https:\/\/altisk-mlak.edu.hu\/?p=1434"},"modified":"2023-05-16T12:14:52","modified_gmt":"2023-05-16T12:14:52","slug":"teszedd-onkentesen-a-tiszta-magyarorszagert-akciohet","status":"publish","type":"post","link":"https:\/\/altisk-mlak.edu.hu\/index.php\/teszedd-onkentesen-a-tiszta-magyarorszagert-akciohet\/","title":{"rendered":"TeSzedd! &#8211; \u00d6nk\u00e9ntesen a tiszta Magyarorsz\u00e1g\u00e9rt akci\u00f3h\u00e9t"},"content":{"rendered":"<p class=\"western\" align=\"center\"><span style=\"font-family: Times New Roman, serif;\"><b>Szent Gotth\u00e1rd \u00c1ltal\u00e1nos Iskola \u00e9s Gimn\u00e1zium Magyarlak-Cs\u00f6r\u00f6tnek \u00c1ltal\u00e1nos Iskol\u00e1ja<\/b><\/span><\/p>\n<p class=\"western\" align=\"center\"><span style=\"font-family: Times New Roman, serif;\"><b>k\u00e9pes besz\u00e1mol\u00f3ja a Fenntarthat\u00f3s\u00e1gi T\u00e9mah\u00e9ten megval\u00f3s\u00edtott TeSzedd!- \u00d6nk\u00e9ntesen a tiszta Magyarorsz\u00e1g\u00e9rt akci\u00f3h\u00e9ten tett aktivit\u00e1s\u00e1r\u00f3l<\/b><\/span><\/p>\n<p class=\"western\" align=\"justify\"><span style=\"font-family: Times New Roman, serif;\">A cs\u00f6r\u00f6tneki R\u00e1bar\u00e1tok Egyes\u00fclet regisztr\u00e1lt szervez\u0151k\u00e9nt a Te szedd! \u2013 \u00d6nk\u00e9ntesen a tiszta Magyarorsz\u00e1g\u00e9rt<\/span><b> <\/b><span style=\"font-family: Times New Roman, serif;\">programba, \u00e9s mi iskolaszinten csatlakoztunk hozz\u00e1. A tagint\u00e9zm\u00e9ny valamennyi pedag\u00f3gusa, technikai dolgoz\u00f3ja \u00e9s di\u00e1kja r\u00e9szt vett az akci\u00f3ban. K\u00e9t telep\u00fcl\u00e9s (Magyarlak, Cs\u00f6r\u00f6tnek) ter\u00fclet\u00e9t felosztottuk az oszt\u00e1lyok k\u00f6zt, \u00e9s sz\u00e9pen megtiszt\u00edtottuk a ter\u00fcletet a szem\u00e9tt\u0151l 2023. \u00e1prilis 24-28. k\u00f6z\u00f6tt. A h\u00e9tk\u00f6znapi aktivit\u00e1sok id\u0151pontj\u00e1ban csak kev\u00e9s sz\u00fcl\u0151 tudott r\u00e9szt venni munkahelyi elfoglalts\u00e1g miatt, \u00edgy el\u0151zetesen a F\u00f6ld napj\u00e1n, \u00e1prilis 22-re, szombatra is szervezt\u00fcnk egy telep\u00fcl\u00e9sszint\u0171 szem\u00e9tszed\u0151 akci\u00f3t. \u00d6rvendetes, hogy ezen a napon \u00f3vod\u00e1s \u00e9s iskol\u00e1s gyermekek, pedag\u00f3gusok, sz\u00fcl\u0151k, \u00f6nkorm\u00e1nyzati k\u00e9pvisel\u0151k, polg\u00e1rmester, egykori \u00e9s leend\u0151 tan\u00edtv\u00e1nyok egy\u00fctt tev\u00e9kenykedtek a k\u00f6rnyezet\u00fck megtiszt\u00edt\u00e1s\u00e1\u00e9rt. Az utak ment\u00e9n, \u00fcresen \u00e1ll\u00f3 ter\u00fcleteken, a R\u00e1ba foly\u00f3 partj\u00e1n, de a foly\u00f3ban is b\u0151ven tal\u00e1ltunk elhaj\u00edtott, kidobott t\u00e1rgyakat. Elkeser\u00edt\u0151 l\u00e1tv\u00e1nyt ny\u00fajtott a f\u00f6ld\u00f6n hever\u0151 PET palack, tejes \u00e9s s\u00f6r\u00f6s doboz, \u00f6bl\u00edt\u0151s flakon, tejf\u00f6l\u00f6s poh\u00e1r, nejlonzacsk\u00f3 \u00e9s \u2013t\u00e1skafoszl\u00e1nyok, szakadt p\u00f3l\u00f3, de m\u00e9g egy kimustr\u00e1lt porsz\u00edv\u00f3t is tal\u00e1ltunk a R\u00e1ba \u00e1rter\u00e9ben. Tal\u00e1ltunk t\u00f6r\u00f6tt bef\u0151ttes \u00fcveget, italos \u00fcveget, melyek balesetvesz\u00e9lyesek a s\u00e9t\u00e1l\u00f3kra, t\u00far\u00e1z\u00f3kra n\u00e9zve. Megd\u00f6bbentette a gyerekeket a jelent\u0151s mennyis\u00e9g\u0171 szem\u00e9t, de m\u00e9g ink\u00e1bb az, hogy mi mindent sz\u00f3rnak el\/ki felel\u0151tlen emberek, mekkora pazarl\u00e1s folyik a lakoss\u00e1g k\u00f6r\u00e9ben. Megfogadt\u00e1k, \u0151k nem okoznak ilyet. <\/span><\/p>\n<p class=\"western\" align=\"justify\"><span style=\"font-family: Times New Roman, serif;\"><u>Az akci\u00f3 sikeress\u00e9ge sz\u00e1mokban:<\/u><\/span><\/p>\n<p class=\"western\" align=\"justify\"><span style=\"font-family: Times New Roman, serif;\">Az iskola \u00e1ltal mozg\u00f3s\u00edtott tan\u00e1rok sz\u00e1ma: 13\/13 (100 %)<\/span><\/p>\n<p class=\"western\" align=\"justify\"><span style=\"font-family: Times New Roman, serif;\">Az iskola \u00e1ltal mozg\u00f3s\u00edtott sz\u00fcl\u0151k sz\u00e1ma: 50\/18 (36%)<\/span><\/p>\n<p class=\"western\" align=\"justify\"><span style=\"font-family: Times New Roman, serif;\">Az iskola \u00e1ltal mozg\u00f3s\u00edtott di\u00e1kok sz\u00e1ma: 63\/63 (100 %)<\/span><\/p>\n<p class=\"western\" align=\"justify\"><span style=\"font-family: Times New Roman, serif;\">Tan\u00e1rok, sz\u00fcl\u0151k \u00e9s di\u00e1kok ar\u00e1nya: 100:36:100<\/span><\/p>\n<p class=\"western\" align=\"justify\"><span style=\"font-family: Times New Roman, serif;\">A megtiszt\u00edtott ter\u00fclet nagys\u00e1ga: 30.000 m<\/span><sup><span style=\"font-family: Times New Roman, serif;\">2<\/span><\/sup><\/p>\n<p class=\"western\" align=\"justify\"><span style=\"font-family: Times New Roman, serif;\">Az \u00f6sszegy\u0171jt\u00f6tt szem\u00e9t mennyis\u00e9ge: 8 zs\u00e1knyi<\/span><\/p>\n<p class=\"western\" align=\"justify\"><span style=\"font-family: Times New Roman, serif;\">A t\u00e9m\u00e1ban megtartott tan\u00f3r\u00e1k\/projektek \u00e1ltal el\u00e9rt di\u00e1kok sz\u00e1ma: 63\/63 (100%) <\/span><\/p>\n<p class=\"western\" align=\"justify\"><span style=\"font-family: Times New Roman, serif;\"><b>K\u00e9pes \u00f6sszefoglal\u00f3 tev\u00e9kenys\u00e9geinkr\u0151l:<\/b><\/span><\/p>\n<table style=\"border-collapse: collapse; width: 100%;\">\n<tbody>\n<tr>\n<td style=\"width: 50%;\"><img fetchpriority=\"high\" decoding=\"async\" class=\"aligncenter size-full wp-image-1435\" src=\"https:\/\/altisk-mlak.edu.hu\/wp-content\/uploads\/2023\/05\/szemet1.jpg\" alt=\"\" width=\"543\" height=\"327\" srcset=\"https:\/\/altisk-mlak.edu.hu\/wp-content\/uploads\/2023\/05\/szemet1.jpg 543w, https:\/\/altisk-mlak.edu.hu\/wp-content\/uploads\/2023\/05\/szemet1-300x181.jpg 300w\" sizes=\"(max-width: 543px) 100vw, 543px\" \/><\/p>\n<p style=\"text-align: center;\"><b>Startol a szem\u00e9tkommand\u00f3<\/b><\/p>\n<\/td>\n<td style=\"width: 50%;\"><img decoding=\"async\" class=\"aligncenter size-full wp-image-1436\" src=\"https:\/\/altisk-mlak.edu.hu\/wp-content\/uploads\/2023\/05\/szemet2.jpg\" alt=\"\" width=\"546\" height=\"330\" srcset=\"https:\/\/altisk-mlak.edu.hu\/wp-content\/uploads\/2023\/05\/szemet2.jpg 546w, https:\/\/altisk-mlak.edu.hu\/wp-content\/uploads\/2023\/05\/szemet2-300x181.jpg 300w\" sizes=\"(max-width: 546px) 100vw, 546px\" \/><\/p>\n<p style=\"text-align: center;\"><b>\u00a0 Minden szem\u00e9t felszedve<\/b><\/p>\n<\/td>\n<\/tr>\n<tr>\n<td style=\"width: 50%;\"><img decoding=\"async\" class=\"aligncenter size-full wp-image-1437\" src=\"https:\/\/altisk-mlak.edu.hu\/wp-content\/uploads\/2023\/05\/szemet3.jpg\" alt=\"\" width=\"540\" height=\"346\" srcset=\"https:\/\/altisk-mlak.edu.hu\/wp-content\/uploads\/2023\/05\/szemet3.jpg 540w, https:\/\/altisk-mlak.edu.hu\/wp-content\/uploads\/2023\/05\/szemet3-300x192.jpg 300w\" sizes=\"(max-width: 540px) 100vw, 540px\" \/><\/p>\n<p style=\"text-align: center;\"><b>A fi\u00fak a vesz\u00e9lyes helyekre is lementek<\/b><\/p>\n<\/td>\n<td style=\"width: 50%;\"><img loading=\"lazy\" decoding=\"async\" class=\"aligncenter size-full wp-image-1438\" src=\"https:\/\/altisk-mlak.edu.hu\/wp-content\/uploads\/2023\/05\/szemet4.jpg\" alt=\"\" width=\"542\" height=\"388\" srcset=\"https:\/\/altisk-mlak.edu.hu\/wp-content\/uploads\/2023\/05\/szemet4.jpg 542w, https:\/\/altisk-mlak.edu.hu\/wp-content\/uploads\/2023\/05\/szemet4-300x215.jpg 300w\" sizes=\"(max-width: 542px) 100vw, 542px\" \/><\/p>\n<p style=\"text-align: center;\"><b>A R\u00e1ba t\u00f6lt\u00e9s\u00e9t is megtiszt\u00edtottuk<\/b><\/p>\n<\/td>\n<\/tr>\n<tr>\n<td style=\"width: 50%;\"><img loading=\"lazy\" decoding=\"async\" class=\"aligncenter size-full wp-image-1439\" src=\"https:\/\/altisk-mlak.edu.hu\/wp-content\/uploads\/2023\/05\/szemet5.jpg\" alt=\"\" width=\"558\" height=\"398\" srcset=\"https:\/\/altisk-mlak.edu.hu\/wp-content\/uploads\/2023\/05\/szemet5.jpg 558w, https:\/\/altisk-mlak.edu.hu\/wp-content\/uploads\/2023\/05\/szemet5-300x214.jpg 300w\" sizes=\"(max-width: 558px) 100vw, 558px\" \/><\/p>\n<p style=\"text-align: center;\"><b>A lak\u00f3ter\u00fcleteken is akadt szem\u00e9t<\/b><\/p>\n<\/td>\n<td style=\"width: 50%;\"><img loading=\"lazy\" decoding=\"async\" class=\"aligncenter size-full wp-image-1440\" src=\"https:\/\/altisk-mlak.edu.hu\/wp-content\/uploads\/2023\/05\/szemet6.jpg\" alt=\"\" width=\"588\" height=\"386\" srcset=\"https:\/\/altisk-mlak.edu.hu\/wp-content\/uploads\/2023\/05\/szemet6.jpg 588w, https:\/\/altisk-mlak.edu.hu\/wp-content\/uploads\/2023\/05\/szemet6-300x197.jpg 300w\" sizes=\"(max-width: 588px) 100vw, 588px\" \/><\/p>\n<p style=\"text-align: center;\"><b>5 nap \u201eterm\u00e9se\u201d 8 zs\u00e1knyi szem\u00e9t<\/b><\/p>\n<\/td>\n<\/tr>\n<tr>\n<td style=\"width: 50%;\"><img loading=\"lazy\" decoding=\"async\" class=\"aligncenter size-full wp-image-1441\" src=\"https:\/\/altisk-mlak.edu.hu\/wp-content\/uploads\/2023\/05\/szemet7.jpg\" alt=\"\" width=\"562\" height=\"422\" srcset=\"https:\/\/altisk-mlak.edu.hu\/wp-content\/uploads\/2023\/05\/szemet7.jpg 562w, https:\/\/altisk-mlak.edu.hu\/wp-content\/uploads\/2023\/05\/szemet7-300x225.jpg 300w\" sizes=\"(max-width: 562px) 100vw, 562px\" \/><\/p>\n<p style=\"text-align: center;\"><b>Tettrek\u00e9sz sz\u00fcl\u0151k egy csoportja<\/b><\/p>\n<\/td>\n<td style=\"width: 50%;\"><img loading=\"lazy\" decoding=\"async\" class=\"aligncenter wp-image-1442 size-full\" src=\"https:\/\/altisk-mlak.edu.hu\/wp-content\/uploads\/2023\/05\/szemet8.jpg\" alt=\"\" width=\"372\" height=\"496\" srcset=\"https:\/\/altisk-mlak.edu.hu\/wp-content\/uploads\/2023\/05\/szemet8.jpg 372w, https:\/\/altisk-mlak.edu.hu\/wp-content\/uploads\/2023\/05\/szemet8-225x300.jpg 225w\" sizes=\"(max-width: 372px) 100vw, 372px\" \/><\/p>\n<p style=\"text-align: center;\"><b>Csal\u00e1di szem\u00e9tszed\u00e9s, p\u00e9ldamutat\u00e1s<\/b><\/p>\n<\/td>\n<\/tr>\n<\/tbody>\n<\/table>\n<p>&nbsp;<\/p>\n<p class=\"western\" align=\"justify\"><span style=\"font-family: Times New Roman, serif;\">Tanul\u00f3ink nem csak a terepen, de oszt\u00e1lytermi foglalkoz\u00e1s keret\u00e9ben is foglalkoztak a szem\u00e9t \u00e9s a hullad\u00e9k t\u00e9m\u00e1j\u00e1val. Oszt\u00e1lyf\u0151n\u00f6ki \u00f3r\u00e1n minden fels\u0151s tanul\u00f3 \u201eHullad\u00e9kos ki mit tud?\u201d-on vett r\u00e9szt, az als\u00f3s gyermekek elsaj\u00e1t\u00edtott\u00e1k j\u00e1t\u00e9kos m\u00f3don a szelekt\u00edv gy\u0171jt\u00e9s szab\u00e1lyait, tov\u00e1bb\u00e1 n\u00e9met\u00f3r\u00e1n tematikus sz\u00f3kincsb\u0151v\u00edt\u0151 feladatot oldottak meg a di\u00e1kok. A gyerekek l\u00e1tv\u00e1nyos plak\u00e1tot \u00e9s oszt\u00e1lydekor\u00e1ci\u00f3t is k\u00e9sz\u00edtettek a t\u00e9m\u00e1hoz kapcsol\u00f3d\u00f3an saj\u00e1t kez\u0171leg.<\/span><\/p>\n<table style=\"border-collapse: collapse; width: 100%;\">\n<tbody>\n<tr>\n<td style=\"width: 33.3333%;\"><img loading=\"lazy\" decoding=\"async\" class=\"aligncenter size-full wp-image-1443\" src=\"https:\/\/altisk-mlak.edu.hu\/wp-content\/uploads\/2023\/05\/szemet9.jpg\" alt=\"\" width=\"580\" height=\"435\" srcset=\"https:\/\/altisk-mlak.edu.hu\/wp-content\/uploads\/2023\/05\/szemet9.jpg 580w, https:\/\/altisk-mlak.edu.hu\/wp-content\/uploads\/2023\/05\/szemet9-300x225.jpg 300w\" sizes=\"(max-width: 580px) 100vw, 580px\" \/><\/p>\n<p style=\"text-align: center;\"><b>Csakis szelekt\u00edven!<\/b><\/p>\n<\/td>\n<td style=\"width: 33.3333%;\"><img loading=\"lazy\" decoding=\"async\" class=\"aligncenter size-full wp-image-1444\" src=\"https:\/\/altisk-mlak.edu.hu\/wp-content\/uploads\/2023\/05\/szemet10.jpg\" alt=\"\" width=\"411\" height=\"548\" srcset=\"https:\/\/altisk-mlak.edu.hu\/wp-content\/uploads\/2023\/05\/szemet10.jpg 411w, https:\/\/altisk-mlak.edu.hu\/wp-content\/uploads\/2023\/05\/szemet10-225x300.jpg 225w\" sizes=\"(max-width: 411px) 100vw, 411px\" \/><\/p>\n<p style=\"text-align: center;\"><b>Elm\u00e9letben is \u00fcgyeskedtek<\/b><\/p>\n<\/td>\n<td style=\"width: 33.3333%;\"><img loading=\"lazy\" decoding=\"async\" class=\"aligncenter size-full wp-image-1445\" src=\"https:\/\/altisk-mlak.edu.hu\/wp-content\/uploads\/2023\/05\/szemet11.jpg\" alt=\"\" width=\"504\" height=\"378\" srcset=\"https:\/\/altisk-mlak.edu.hu\/wp-content\/uploads\/2023\/05\/szemet11.jpg 504w, https:\/\/altisk-mlak.edu.hu\/wp-content\/uploads\/2023\/05\/szemet11-300x225.jpg 300w\" sizes=\"(max-width: 504px) 100vw, 504px\" \/><\/p>\n<p style=\"text-align: center;\"><b>Oszt\u00e1lydekor\u00e1ci\u00f3<\/b><\/p>\n<\/td>\n<\/tr>\n<\/tbody>\n<\/table>\n<p align=\"justify\"><span style=\"color: #4f81bd;\">\u00a0\u00a0<span style=\"font-size: small;\"><b><span style=\"color: #000000;\"><br \/>\n<\/span><\/b><\/span><\/span><\/p>\n<p class=\"western\">\n","protected":false},"excerpt":{"rendered":"<p>Szent Gotth\u00e1rd \u00c1ltal\u00e1nos Iskola \u00e9s Gimn\u00e1zium Magyarlak-Cs\u00f6r\u00f6tnek \u00c1ltal\u00e1nos Iskol\u00e1ja k\u00e9pes besz\u00e1mol\u00f3ja a Fenntarthat\u00f3s\u00e1gi T\u00e9mah\u00e9ten megval\u00f3s\u00edtott TeSzedd!- \u00d6nk\u00e9ntesen a tiszta Magyarorsz\u00e1g\u00e9rt akci\u00f3h\u00e9ten tett aktivit\u00e1s\u00e1r\u00f3l A cs\u00f6r\u00f6tneki R\u00e1bar\u00e1tok Egyes\u00fclet regisztr\u00e1lt szervez\u0151k\u00e9nt a Te szedd!<a class=\"moretag\" href=\"https:\/\/altisk-mlak.edu.hu\/index.php\/teszedd-onkentesen-a-tiszta-magyarorszagert-akciohet\/\">Read More&#8230;<\/a><\/p>\n","protected":false},"author":3,"featured_media":0,"comment_status":"closed","ping_status":"closed","sticky":false,"template":"","format":"standard","meta":{"two_page_speed":[],"footnotes":""},"categories":[1],"tags":[],"class_list":["post-1434","post","type-post","status-publish","format-standard","hentry","category-egyeb"],"_links":{"self":[{"href":"https:\/\/altisk-mlak.edu.hu\/index.php\/wp-json\/wp\/v2\/posts\/1434","targetHints":{"allow":["GET"]}}],"collection":[{"href":"https:\/\/altisk-mlak.edu.hu\/index.php\/wp-json\/wp\/v2\/posts"}],"about":[{"href":"https:\/\/altisk-mlak.edu.hu\/index.php\/wp-json\/wp\/v2\/types\/post"}],"author":[{"embeddable":true,"href":"https:\/\/altisk-mlak.edu.hu\/index.php\/wp-json\/wp\/v2\/users\/3"}],"replies":[{"embeddable":true,"href":"https:\/\/altisk-mlak.edu.hu\/index.php\/wp-json\/wp\/v2\/comments?post=1434"}],"version-history":[{"count":1,"href":"https:\/\/altisk-mlak.edu.hu\/index.php\/wp-json\/wp\/v2\/posts\/1434\/revisions"}],"predecessor-version":[{"id":1446,"href":"https:\/\/altisk-mlak.edu.hu\/index.php\/wp-json\/wp\/v2\/posts\/1434\/revisions\/1446"}],"wp:attachment":[{"href":"https:\/\/altisk-mlak.edu.hu\/index.php\/wp-json\/wp\/v2\/media?parent=1434"}],"wp:term":[{"taxonomy":"category","embeddable":true,"href":"https:\/\/altisk-mlak.edu.hu\/index.php\/wp-json\/wp\/v2\/categories?post=1434"},{"taxonomy":"post_tag","embeddable":true,"href":"https:\/\/altisk-mlak.edu.hu\/index.php\/wp-json\/wp\/v2\/tags?post=1434"}],"curies":[{"name":"wp","href":"https:\/\/api.w.org\/{rel}","templated":true}]}}