{"id":1455,"date":"2023-05-22T10:59:25","date_gmt":"2023-05-22T10:59:25","guid":{"rendered":"https:\/\/altisk-mlak.edu.hu\/?p=1455"},"modified":"2023-06-05T11:35:46","modified_gmt":"2023-06-05T11:35:46","slug":"2023-majusi-iskolamise","status":"publish","type":"post","link":"https:\/\/altisk-mlak.edu.hu\/index.php\/2023-majusi-iskolamise\/","title":{"rendered":"2023. m\u00e1jusi iskolamise"},"content":{"rendered":"<p align=\"justify\"><span lang=\"hu-HU\"> M\u00e1jus 8-\u00e1n, h\u00e9tf\u0151n Gyula atya a cs\u00f6r\u00f6tneki templomban tartotta iskolamis\u00e9nket. Ez a szentmise k\u00e9tszeresen is \u00fcnnepi alkalom volt: egyr\u00e9szt a h\u00fasv\u00e9ti id\u0151szak derek\u00e1n j\u00e1runk; m\u00e1sr\u00e9szt m\u00e1jus Sz\u0171z M\u00e1ria, \u00e9gi \u00e9desany\u00e1nk h\u00f3napja, \u00e9s \u00e9ppen el\u0151z\u0151 napon k\u00f6sz\u00f6nt\u00f6tt\u00fck f\u00f6ldi \u00e9desany\u00e1inkat. A gyerekekkel M\u00e1ria-\u00e9nekek tanul\u00e1s\u00e1val k\u00e9sz\u00fclt\u00fcnk a Sz\u0171zanya k\u00f6sz\u00f6nt\u00e9s\u00e9re. Tal\u00e1n pontosan az \u0151 k\u00f6zbenj\u00e1r\u00e1s\u00e1nak k\u00f6sz\u00f6nhet\u0151, hogy el\u0151re megszervezhetetlen, \u00edgy v\u00e9letlenszer\u0171 \u2013 vagy ink\u00e1bb gondvisel\u00e9sszer\u0171 \u2013 m\u00f3don eg\u00e9szen k\u00fcl\u00f6nleges volt ez a szentmise abban, hogy most el\u0151sz\u00f6r jelentkeztek gyerekek a ministr\u00e1l\u00e1s szolg\u00e1lat\u00e1ra, \u00e9s egyszerre h\u00e1rman is: Magyar Levente, Mezei Anna \u00e9s Kakas Levente.<\/span><\/p>\n<p align=\"justify\"><span lang=\"hu-HU\"> A szent\u00edr\u00e1si r\u00e9szek felolvas\u00e1s\u00e1ban most m\u00e1r rendszeresnek mondhat\u00f3 Gupcsi Anna 8-os tanul\u00f3 szerepv\u00e1llal\u00e1sa. Az evang\u00e9liumban az emmauszi tan\u00edtv\u00e1nyok t\u00f6rt\u00e9net\u00e9t hallottuk. Gyula atya szentbesz\u00e9d\u00e9ben azt emelte ki, hogy \u00e9let\u00fcnk \u00fatj\u00e1n mi is sokszor hasonl\u00f3an j\u00e1runk, mint az emmauszi tan\u00edtv\u00e1nyok: csak bandukolunk \u00f6nmagunk gondjaiba elmer\u00fclten, \u00e9s nem is vessz\u00fck \u00e9szre, hogy J\u00e9zus mellett\u00fcnk j\u00f6n, meghallgat minket, besz\u00e9l hozz\u00e1nk &#8211; vel\u00fcnk van. Gyula atya a gyerekekkel t\u00f6bbsz\u00f6r hangosan is kimondatta: J\u00c9ZUS MINDIG VELEM VAN, hogy min\u00e9l jobban tudatos\u00edtsa benn\u00fck ezt az \u00e9letet alak\u00edt\u00f3 fontoss\u00e1g\u00fa t\u00e9nyt. <\/span><\/p>\n<p align=\"justify\"><span lang=\"hu-HU\"> J\u00e9zus mindig velem van &#8211; ennek a mindennapi \u00e9let\u00fcnk val\u00f3s\u00e1g\u00e1v\u00e1 v\u00e1lt\u00e1s\u00e1hoz k\u00e9rj\u00fck Sz\u0171z M\u00e1ria seg\u00edts\u00e9g\u00e9t a gyermekek \u00e9s feln\u0151ttek sz\u00e1m\u00e1ra!<\/span><\/p>\n<p style=\"text-align: right;\" align=\"justify\"><span lang=\"hu-HU\"> \u00c1gnes n\u0151v\u00e9r<\/span><\/p>\n","protected":false},"excerpt":{"rendered":"<p>M\u00e1jus 8-\u00e1n, h\u00e9tf\u0151n Gyula atya a cs\u00f6r\u00f6tneki templomban tartotta iskolamis\u00e9nket. Ez a szentmise k\u00e9tszeresen is \u00fcnnepi alkalom volt: egyr\u00e9szt a h\u00fasv\u00e9ti id\u0151szak derek\u00e1n j\u00e1runk; m\u00e1sr\u00e9szt m\u00e1jus Sz\u0171z M\u00e1ria, \u00e9gi \u00e9desany\u00e1nk h\u00f3napja, \u00e9s<a class=\"moretag\" href=\"https:\/\/altisk-mlak.edu.hu\/index.php\/2023-majusi-iskolamise\/\">Read More&#8230;<\/a><\/p>\n","protected":false},"author":3,"featured_media":0,"comment_status":"closed","ping_status":"closed","sticky":false,"template":"","format":"standard","meta":{"two_page_speed":[],"footnotes":""},"categories":[1],"tags":[],"class_list":["post-1455","post","type-post","status-publish","format-standard","hentry","category-egyeb"],"_links":{"self":[{"href":"https:\/\/altisk-mlak.edu.hu\/index.php\/wp-json\/wp\/v2\/posts\/1455","targetHints":{"allow":["GET"]}}],"collection":[{"href":"https:\/\/altisk-mlak.edu.hu\/index.php\/wp-json\/wp\/v2\/posts"}],"about":[{"href":"https:\/\/altisk-mlak.edu.hu\/index.php\/wp-json\/wp\/v2\/types\/post"}],"author":[{"embeddable":true,"href":"https:\/\/altisk-mlak.edu.hu\/index.php\/wp-json\/wp\/v2\/users\/3"}],"replies":[{"embeddable":true,"href":"https:\/\/altisk-mlak.edu.hu\/index.php\/wp-json\/wp\/v2\/comments?post=1455"}],"version-history":[{"count":1,"href":"https:\/\/altisk-mlak.edu.hu\/index.php\/wp-json\/wp\/v2\/posts\/1455\/revisions"}],"predecessor-version":[{"id":1456,"href":"https:\/\/altisk-mlak.edu.hu\/index.php\/wp-json\/wp\/v2\/posts\/1455\/revisions\/1456"}],"wp:attachment":[{"href":"https:\/\/altisk-mlak.edu.hu\/index.php\/wp-json\/wp\/v2\/media?parent=1455"}],"wp:term":[{"taxonomy":"category","embeddable":true,"href":"https:\/\/altisk-mlak.edu.hu\/index.php\/wp-json\/wp\/v2\/categories?post=1455"},{"taxonomy":"post_tag","embeddable":true,"href":"https:\/\/altisk-mlak.edu.hu\/index.php\/wp-json\/wp\/v2\/tags?post=1455"}],"curies":[{"name":"wp","href":"https:\/\/api.w.org\/{rel}","templated":true}]}}