{"id":1474,"date":"2023-06-05T12:03:20","date_gmt":"2023-06-05T12:03:20","guid":{"rendered":"https:\/\/altisk-mlak.edu.hu\/?p=1474"},"modified":"2023-06-08T06:16:56","modified_gmt":"2023-06-08T06:16:56","slug":"tersegi-mesemondo-versenyt-szerveztunk","status":"publish","type":"post","link":"https:\/\/altisk-mlak.edu.hu\/index.php\/tersegi-mesemondo-versenyt-szerveztunk\/","title":{"rendered":"T\u00e9rs\u00e9gi Mesemond\u00f3 Versenyt szervezt\u00fcnk"},"content":{"rendered":"<p style=\"text-align: justify;\">Magyarlak-Cs\u00f6r\u00f6tnek \u00c1ltal\u00e1nos Iskol\u00e1ja ebben az \u00e9vben is megrendezte a m\u00e1r hagyom\u00e1nyoss\u00e1 v\u00e1lt T\u00e9rs\u00e9gi Mesemond\u00f3 Versenyt a cs\u00f6r\u00f6tneki Kunt\u00e1r Lajos M\u0171vel\u0151d\u00e9si H\u00e1zban. A megh\u00edvott iskol\u00e1k tanul\u00f3i k\u00f6z\u00fcl t\u00f6bben m\u00e1r nem el\u0151sz\u00f6r vettek r\u00e9szt a megm\u00e9rettet\u00e9sen. Az Ap\u00e1tistv\u00e1nfalvi K\u00e9ttannyelv\u0171 \u00c1ltal\u00e1nos Iskola \u00e9s \u00d3voda, az \u0150riszentp\u00e9teri \u00c1ltal\u00e1nos Iskola, a r\u00e1bagyarmati \u00c1ltal\u00e1nos Iskola, a baj\u00e1nsenyei Bocskai Istv\u00e1n Reform\u00e1tus Oktat\u00e1si K\u00f6zpont Nemesn\u00e9pi Zak\u00e1l Gy\u00f6rgy Tagint\u00e9zm\u00e9nye \u00e9s term\u00e9szetesen a mi iskol\u00e1nk is t\u00f6bb tanul\u00f3val k\u00e9pviseltette mag\u00e1t.<\/p>\n<p style=\"text-align: justify;\">\u00a0A gyerekek \u2013 a kor\u00e1bbi \u00e9vekhez hasonl\u00f3an- \u00a0nagy lelkesed\u00e9ssel \u00e9s kem\u00e9ny munk\u00e1val k\u00e9sz\u00fcltek, sok sz\u00e9p mes\u00e9t hallgatott meg a zs\u0171ri \u00e9s a k\u00f6z\u00f6ns\u00e9g. Nagyon gazdag volt a v\u00e1laszt\u00e9k, volt m\u0171mese \u00e9s n\u00e9pmese. Elhangzott t\u00fcnd\u00e9rmese, tr\u00e9f\u00e1smese, l\u00e1ncmese \u00e9s sok- sok \u00e1llatmese, m\u00e9g a j\u00f3 \u00f6reg \u00d6reg n\u00e9ne \u0151zik\u00e9j\u00e9t is meghallgathattuk. Az els\u0151s \u00e9s m\u00e1sodikos gyerekek mes\u00e9i ut\u00e1n r\u00f6vid sz\u00fcnet k\u00f6vetkezett. A gyerekek \u00e9s k\u00eds\u00e9r\u0151 tan\u00e1raik egy kis pog\u00e1cs\u00e1t \u00e9s \u00fcd\u00edt\u0151t kaptak. Ismerkedhettek, besz\u00e9lgethettek \u00e9s persze m\u00e1r a tal\u00e1lgat\u00e1sok is megindultak.<\/p>\n<p style=\"text-align: justify;\">\u00a0A zs\u0171ri tagjainak Lacz\u00f3n\u00e9 Kov\u00e1cs Ica n\u00e9nit, Horv\u00e1th Katalint \u00e9s iskol\u00e1nk tan\u00e1r\u00e1t, Bogn\u00e1r Szilvi\u00e1t k\u00e9rt\u00fck fel. Abban mindannyian egyet\u00e9rtettek, hogy a versenyz\u0151k alaposan felk\u00e9sz\u00fcltek, \u00edgy nehezen hozt\u00e1k meg d\u00f6nt\u00e9s\u00fcket.<\/p>\n<p style=\"text-align: justify;\">Az \u00edt\u00e9szek n\u00e9gy koroszt\u00e1lyban h\u00e1rom helyezettet neveztek meg, \u00e9s minden korcsoportban kiosztottak k\u00fcl\u00f6nd\u00edjakat is. Valamennyi r\u00e9sztvev\u0151 kisiskol\u00e1s kapott eml\u00e9klapot \u00e9s kis aj\u00e1nd\u00e9kot. Egy igaz\u00e1n kellemes \u00e9s tartalmas d\u00e9lut\u00e1nt t\u00f6lt\u00f6tt\u00fcnk el egy\u00fctt! A l\u00e1tottak, hallottak alapj\u00e1n elmondhatjuk, a mese mindig is a gyermeki l\u00e9t fontos r\u00e9sze marad.<\/p>\n<p>A T\u00e9rs\u00e9gi Mesemond\u00f3 Verseny helyezettjei:<\/p>\n<ol>\n<li><u>oszt\u00e1ly:<\/u>\n<ol style=\"list-style-type: lower-roman;\">\n<li>Bal\u00e1zs Anna, Ap\u00e1tistv\u00e1nfalva<\/li>\n<li>Juh\u00e1sz Liza, Ap\u00e1tistv\u00e1nfalva<\/li>\n<li>Kor\u00e1ndi D\u00e1vid, Ap\u00e1tistv\u00e1nfalva<\/li>\n<\/ol>\n<\/li>\n<li>\u00a0oszt\u00e1ly:\n<ol style=\"list-style-type: lower-roman;\">\n<li>\u00a0Kov\u00e1cs R\u00e9ka, R\u00e1bagyarmat<\/li>\n<li>\u00a0Seres Bor\u00f3ka, \u0150riszentp\u00e9ter<\/li>\n<li>Tak\u00e1cs D\u00e1vid, Cs\u00f6r\u00f6tnek- Magyarlak<\/li>\n<\/ol>\n<\/li>\n<li><u>oszt\u00e1ly:<\/u>\n<ol style=\"list-style-type: lower-roman;\">\n<li>M\u00e1rton Emese, \u0150riszentp\u00e9ter<\/li>\n<li>Varga Janka Lujza, \u0150riszentp\u00e9ter<\/li>\n<li>Ga\u00e1l Fanni, \u0150riszentp\u00e9ter<\/li>\n<\/ol>\n<\/li>\n<li>\u00a0oszt\u00e1ly:\n<ol style=\"list-style-type: lower-roman;\">\n<li>Kov\u00e1cs N\u00f3ra, \u0150riszentp\u00e9ter<\/li>\n<li>Gy\u00f6rke Marcell, \u0150riszentp\u00e9ter<\/li>\n<li>Horv\u00e1th Lilla, Cs\u00f6r\u00f6tnek- Magyarlak<\/li>\n<\/ol>\n<\/li>\n<\/ol>\n","protected":false},"excerpt":{"rendered":"<p>Magyarlak-Cs\u00f6r\u00f6tnek \u00c1ltal\u00e1nos Iskol\u00e1ja ebben az \u00e9vben is megrendezte a m\u00e1r hagyom\u00e1nyoss\u00e1 v\u00e1lt T\u00e9rs\u00e9gi Mesemond\u00f3 Versenyt a cs\u00f6r\u00f6tneki Kunt\u00e1r Lajos M\u0171vel\u0151d\u00e9si H\u00e1zban. A megh\u00edvott iskol\u00e1k tanul\u00f3i k\u00f6z\u00fcl t\u00f6bben m\u00e1r nem el\u0151sz\u00f6r vettek r\u00e9szt<a class=\"moretag\" href=\"https:\/\/altisk-mlak.edu.hu\/index.php\/tersegi-mesemondo-versenyt-szerveztunk\/\">Read More&#8230;<\/a><\/p>\n","protected":false},"author":3,"featured_media":0,"comment_status":"closed","ping_status":"closed","sticky":false,"template":"","format":"standard","meta":{"two_page_speed":[],"footnotes":""},"categories":[1],"tags":[],"class_list":["post-1474","post","type-post","status-publish","format-standard","hentry","category-egyeb"],"_links":{"self":[{"href":"https:\/\/altisk-mlak.edu.hu\/index.php\/wp-json\/wp\/v2\/posts\/1474","targetHints":{"allow":["GET"]}}],"collection":[{"href":"https:\/\/altisk-mlak.edu.hu\/index.php\/wp-json\/wp\/v2\/posts"}],"about":[{"href":"https:\/\/altisk-mlak.edu.hu\/index.php\/wp-json\/wp\/v2\/types\/post"}],"author":[{"embeddable":true,"href":"https:\/\/altisk-mlak.edu.hu\/index.php\/wp-json\/wp\/v2\/users\/3"}],"replies":[{"embeddable":true,"href":"https:\/\/altisk-mlak.edu.hu\/index.php\/wp-json\/wp\/v2\/comments?post=1474"}],"version-history":[{"count":1,"href":"https:\/\/altisk-mlak.edu.hu\/index.php\/wp-json\/wp\/v2\/posts\/1474\/revisions"}],"predecessor-version":[{"id":1475,"href":"https:\/\/altisk-mlak.edu.hu\/index.php\/wp-json\/wp\/v2\/posts\/1474\/revisions\/1475"}],"wp:attachment":[{"href":"https:\/\/altisk-mlak.edu.hu\/index.php\/wp-json\/wp\/v2\/media?parent=1474"}],"wp:term":[{"taxonomy":"category","embeddable":true,"href":"https:\/\/altisk-mlak.edu.hu\/index.php\/wp-json\/wp\/v2\/categories?post=1474"},{"taxonomy":"post_tag","embeddable":true,"href":"https:\/\/altisk-mlak.edu.hu\/index.php\/wp-json\/wp\/v2\/tags?post=1474"}],"curies":[{"name":"wp","href":"https:\/\/api.w.org\/{rel}","templated":true}]}}