{"id":1476,"date":"2023-06-08T06:23:28","date_gmt":"2023-06-08T06:23:28","guid":{"rendered":"https:\/\/altisk-mlak.edu.hu\/?p=1476"},"modified":"2023-06-08T06:23:37","modified_gmt":"2023-06-08T06:23:37","slug":"a-loca-egyuttes-koncertjen-jartunk","status":"publish","type":"post","link":"https:\/\/altisk-mlak.edu.hu\/index.php\/a-loca-egyuttes-koncertjen-jartunk\/","title":{"rendered":"A L\u00f3ca egy\u00fcttes koncertj\u00e9n j\u00e1rtunk"},"content":{"rendered":"<p align=\"justify\"><span style=\"font-size: medium;\">M\u00e1jus 15-\u00e9n a R\u00e1bagyarmati M\u0171vel\u0151d\u00e9si H\u00e1z szervez\u00e9s\u00e9ben iskol\u00e1nk als\u00f3s tanul\u00f3i egy fergeteges koncerten vehettek r\u00e9szt.<\/span><\/p>\n<p align=\"justify\"><span style=\"font-size: medium;\">A fell\u00e9p\u0151k a h\u00e1romtag\u00fa L\u00d3CA egy\u00fcttes volt, akik egy n\u00e9pmes\u00e9t dolgoztak fel. A Sz\u00e9tt\u00e1ncolt papucsok c\u00edm\u0171 vid\u00e1m darabot sok, a gyerekek \u00e1ltal is ismert dal gazdag\u00edtotta. Az \u00e9nekes biztat\u00e1s\u00e1ra mindenki \u00e9nekelt, el\u0151sz\u00f6r b\u00e1tortalanul, majd egyre ink\u00e1bb \u00e9lvezve a k\u00f6z\u00f6s dalol\u00e1st. El\u0151ker\u00fcltek hagyom\u00e1nyos n\u00e9pi hangszerek is, melyek ismeretlenek voltak a kicsik sz\u00e1m\u00e1ra.<\/span><\/p>\n<p align=\"justify\"><img fetchpriority=\"high\" decoding=\"async\" class=\"aligncenter size-medium wp-image-1477\" src=\"https:\/\/altisk-mlak.edu.hu\/wp-content\/uploads\/2023\/06\/Loca-2-224x300.jpg\" alt=\"\" width=\"224\" height=\"300\" srcset=\"https:\/\/altisk-mlak.edu.hu\/wp-content\/uploads\/2023\/06\/Loca-2-224x300.jpg 224w, https:\/\/altisk-mlak.edu.hu\/wp-content\/uploads\/2023\/06\/Loca-2-766x1024.jpg 766w, https:\/\/altisk-mlak.edu.hu\/wp-content\/uploads\/2023\/06\/Loca-2-768x1027.jpg 768w, https:\/\/altisk-mlak.edu.hu\/wp-content\/uploads\/2023\/06\/Loca-2-1149x1536.jpg 1149w, https:\/\/altisk-mlak.edu.hu\/wp-content\/uploads\/2023\/06\/Loca-2-449x600.jpg 449w, https:\/\/altisk-mlak.edu.hu\/wp-content\/uploads\/2023\/06\/Loca-2.jpg 1496w\" sizes=\"(max-width: 224px) 100vw, 224px\" \/><\/p>\n<p align=\"justify\"><span style=\"font-size: medium;\">Ahogy el\u0151re haladt a mese sz\u00f6v\u00e9se, \u00fagy old\u00f3dott egyre jobban a hangulat. V\u00e9g\u00fcl a t\u00f6rt\u00e9net szerepl\u0151i lagzit csaptak, ahov\u00e1 a lelkes kis di\u00e1kok is meg lettek invit\u00e1lva. A sz\u00ednpad el\u0151tt igazi t\u00e1nch\u00e1z-hangulat alakult ki. Mindenki ropta a vid\u00e1m talpal\u00e1val\u00f3 hangj\u00e1ra. Olyan j\u00f3l \u00e9rezt\u00e9k magukat, hogy a mes\u00e9nek alig lehetett v\u00e9get vetni.<\/span><\/p>\n<table style=\"border-collapse: collapse; width: 100%;\">\n<tbody>\n<tr>\n<td style=\"width: 50%;\"><img decoding=\"async\" class=\"aligncenter size-medium wp-image-1479\" src=\"https:\/\/altisk-mlak.edu.hu\/wp-content\/uploads\/2023\/06\/Loca-3-224x300.jpg\" alt=\"\" width=\"224\" height=\"300\" srcset=\"https:\/\/altisk-mlak.edu.hu\/wp-content\/uploads\/2023\/06\/Loca-3-224x300.jpg 224w, https:\/\/altisk-mlak.edu.hu\/wp-content\/uploads\/2023\/06\/Loca-3-766x1024.jpg 766w, https:\/\/altisk-mlak.edu.hu\/wp-content\/uploads\/2023\/06\/Loca-3-768x1027.jpg 768w, https:\/\/altisk-mlak.edu.hu\/wp-content\/uploads\/2023\/06\/Loca-3-1149x1536.jpg 1149w, https:\/\/altisk-mlak.edu.hu\/wp-content\/uploads\/2023\/06\/Loca-3-449x600.jpg 449w, https:\/\/altisk-mlak.edu.hu\/wp-content\/uploads\/2023\/06\/Loca-3.jpg 1496w\" sizes=\"(max-width: 224px) 100vw, 224px\" \/><\/td>\n<td style=\"width: 50%;\"><img decoding=\"async\" class=\"aligncenter size-medium wp-image-1478\" src=\"https:\/\/altisk-mlak.edu.hu\/wp-content\/uploads\/2023\/06\/Loca-1-224x300.jpg\" alt=\"\" width=\"224\" height=\"300\" srcset=\"https:\/\/altisk-mlak.edu.hu\/wp-content\/uploads\/2023\/06\/Loca-1-224x300.jpg 224w, https:\/\/altisk-mlak.edu.hu\/wp-content\/uploads\/2023\/06\/Loca-1-766x1024.jpg 766w, https:\/\/altisk-mlak.edu.hu\/wp-content\/uploads\/2023\/06\/Loca-1-768x1027.jpg 768w, https:\/\/altisk-mlak.edu.hu\/wp-content\/uploads\/2023\/06\/Loca-1-1149x1536.jpg 1149w, https:\/\/altisk-mlak.edu.hu\/wp-content\/uploads\/2023\/06\/Loca-1-449x600.jpg 449w, https:\/\/altisk-mlak.edu.hu\/wp-content\/uploads\/2023\/06\/Loca-1.jpg 1496w\" sizes=\"(max-width: 224px) 100vw, 224px\" \/><\/td>\n<\/tr>\n<\/tbody>\n<\/table>\n<p align=\"justify\"><span style=\"font-size: medium;\">Nagyon k\u00f6sz\u00f6nj\u00fck a zen\u00e9szeknek \u00e9s a vend\u00e9gl\u00e1t\u00f3knak ezt a j\u00e1t\u00e9kosan nevel\u0151 el\u0151ad\u00e1st!<\/span><\/p>\n<p style=\"text-align: right;\"><span style=\"font-size: medium;\"><i>Aradin\u00e9 Pov\u00e1zsay Katalin<\/i><\/span><\/p>\n","protected":false},"excerpt":{"rendered":"<p>M\u00e1jus 15-\u00e9n a R\u00e1bagyarmati M\u0171vel\u0151d\u00e9si H\u00e1z szervez\u00e9s\u00e9ben iskol\u00e1nk als\u00f3s tanul\u00f3i egy fergeteges koncerten vehettek r\u00e9szt. A fell\u00e9p\u0151k a h\u00e1romtag\u00fa L\u00d3CA egy\u00fcttes volt, akik egy n\u00e9pmes\u00e9t dolgoztak fel. A Sz\u00e9tt\u00e1ncolt papucsok c\u00edm\u0171 vid\u00e1m<a class=\"moretag\" href=\"https:\/\/altisk-mlak.edu.hu\/index.php\/a-loca-egyuttes-koncertjen-jartunk\/\">Read More&#8230;<\/a><\/p>\n","protected":false},"author":3,"featured_media":0,"comment_status":"closed","ping_status":"closed","sticky":false,"template":"","format":"standard","meta":{"two_page_speed":[],"footnotes":""},"categories":[1],"tags":[],"class_list":["post-1476","post","type-post","status-publish","format-standard","hentry","category-egyeb"],"_links":{"self":[{"href":"https:\/\/altisk-mlak.edu.hu\/index.php\/wp-json\/wp\/v2\/posts\/1476","targetHints":{"allow":["GET"]}}],"collection":[{"href":"https:\/\/altisk-mlak.edu.hu\/index.php\/wp-json\/wp\/v2\/posts"}],"about":[{"href":"https:\/\/altisk-mlak.edu.hu\/index.php\/wp-json\/wp\/v2\/types\/post"}],"author":[{"embeddable":true,"href":"https:\/\/altisk-mlak.edu.hu\/index.php\/wp-json\/wp\/v2\/users\/3"}],"replies":[{"embeddable":true,"href":"https:\/\/altisk-mlak.edu.hu\/index.php\/wp-json\/wp\/v2\/comments?post=1476"}],"version-history":[{"count":2,"href":"https:\/\/altisk-mlak.edu.hu\/index.php\/wp-json\/wp\/v2\/posts\/1476\/revisions"}],"predecessor-version":[{"id":1481,"href":"https:\/\/altisk-mlak.edu.hu\/index.php\/wp-json\/wp\/v2\/posts\/1476\/revisions\/1481"}],"wp:attachment":[{"href":"https:\/\/altisk-mlak.edu.hu\/index.php\/wp-json\/wp\/v2\/media?parent=1476"}],"wp:term":[{"taxonomy":"category","embeddable":true,"href":"https:\/\/altisk-mlak.edu.hu\/index.php\/wp-json\/wp\/v2\/categories?post=1476"},{"taxonomy":"post_tag","embeddable":true,"href":"https:\/\/altisk-mlak.edu.hu\/index.php\/wp-json\/wp\/v2\/tags?post=1476"}],"curies":[{"name":"wp","href":"https:\/\/api.w.org\/{rel}","templated":true}]}}