{"id":1487,"date":"2023-06-15T10:04:12","date_gmt":"2023-06-15T10:04:12","guid":{"rendered":"https:\/\/altisk-mlak.edu.hu\/?p=1487"},"modified":"2023-06-15T10:06:46","modified_gmt":"2023-06-15T10:06:46","slug":"porci-berci","status":"publish","type":"post","link":"https:\/\/altisk-mlak.edu.hu\/index.php\/porci-berci\/","title":{"rendered":"Porci Berci"},"content":{"rendered":"<p align=\"justify\"><span style=\"font-family: Times New Roman, serif;\"><span style=\"font-size: medium;\">Mint ismert, napjainkban a mozg\u00e1sszeg\u00e9ny \u00e9letm\u00f3d miatt sok a g\u00f6rnyedt, tart\u00e1shib\u00e1s fiatal. Ezt pr\u00f3b\u00e1lja a szentgotth\u00e1rdi EFI egy kifejezetten a 6-10 \u00e9ves koroszt\u00e1lynak sz\u00f3l\u00f3 programmal jav\u00edtani a Magyarlak-Cs\u00f6r\u00f6tnek \u00c1ltal\u00e1nos Iskol\u00e1ban \u00e9s a R\u00e1bagyarmati Telephelyen.<\/span><\/span><\/p>\n<table style=\"border-collapse: collapse; width: 100%;\">\n<tbody>\n<tr>\n<td style=\"width: 33.3333%;\"><img fetchpriority=\"high\" decoding=\"async\" class=\"aligncenter size-medium wp-image-1488\" src=\"https:\/\/altisk-mlak.edu.hu\/wp-content\/uploads\/2023\/06\/IMG_20230413_104904-300x225.jpg\" alt=\"\" width=\"300\" height=\"225\" srcset=\"https:\/\/altisk-mlak.edu.hu\/wp-content\/uploads\/2023\/06\/IMG_20230413_104904-300x225.jpg 300w, https:\/\/altisk-mlak.edu.hu\/wp-content\/uploads\/2023\/06\/IMG_20230413_104904-1024x768.jpg 1024w, https:\/\/altisk-mlak.edu.hu\/wp-content\/uploads\/2023\/06\/IMG_20230413_104904-768x576.jpg 768w, https:\/\/altisk-mlak.edu.hu\/wp-content\/uploads\/2023\/06\/IMG_20230413_104904-1536x1152.jpg 1536w, https:\/\/altisk-mlak.edu.hu\/wp-content\/uploads\/2023\/06\/IMG_20230413_104904-2048x1536.jpg 2048w, https:\/\/altisk-mlak.edu.hu\/wp-content\/uploads\/2023\/06\/IMG_20230413_104904-600x450.jpg 600w\" sizes=\"(max-width: 300px) 100vw, 300px\" \/><\/td>\n<td style=\"width: 33.3333%;\"><img decoding=\"async\" class=\"aligncenter size-medium wp-image-1489\" src=\"https:\/\/altisk-mlak.edu.hu\/wp-content\/uploads\/2023\/06\/IMG_20230413_105838-300x225.jpg\" alt=\"\" width=\"300\" height=\"225\" srcset=\"https:\/\/altisk-mlak.edu.hu\/wp-content\/uploads\/2023\/06\/IMG_20230413_105838-300x225.jpg 300w, https:\/\/altisk-mlak.edu.hu\/wp-content\/uploads\/2023\/06\/IMG_20230413_105838-1024x768.jpg 1024w, https:\/\/altisk-mlak.edu.hu\/wp-content\/uploads\/2023\/06\/IMG_20230413_105838-768x576.jpg 768w, https:\/\/altisk-mlak.edu.hu\/wp-content\/uploads\/2023\/06\/IMG_20230413_105838-1536x1152.jpg 1536w, https:\/\/altisk-mlak.edu.hu\/wp-content\/uploads\/2023\/06\/IMG_20230413_105838-2048x1536.jpg 2048w, https:\/\/altisk-mlak.edu.hu\/wp-content\/uploads\/2023\/06\/IMG_20230413_105838-600x450.jpg 600w\" sizes=\"(max-width: 300px) 100vw, 300px\" \/><\/td>\n<td style=\"width: 33.3333%;\"><img decoding=\"async\" class=\"aligncenter size-medium wp-image-1490\" src=\"https:\/\/altisk-mlak.edu.hu\/wp-content\/uploads\/2023\/06\/20230504_111646-300x225.jpg\" alt=\"\" width=\"300\" height=\"225\" srcset=\"https:\/\/altisk-mlak.edu.hu\/wp-content\/uploads\/2023\/06\/20230504_111646-300x225.jpg 300w, https:\/\/altisk-mlak.edu.hu\/wp-content\/uploads\/2023\/06\/20230504_111646-1024x768.jpg 1024w, https:\/\/altisk-mlak.edu.hu\/wp-content\/uploads\/2023\/06\/20230504_111646-768x576.jpg 768w, https:\/\/altisk-mlak.edu.hu\/wp-content\/uploads\/2023\/06\/20230504_111646-1536x1152.jpg 1536w, https:\/\/altisk-mlak.edu.hu\/wp-content\/uploads\/2023\/06\/20230504_111646-2048x1536.jpg 2048w, https:\/\/altisk-mlak.edu.hu\/wp-content\/uploads\/2023\/06\/20230504_111646-600x450.jpg 600w\" sizes=\"(max-width: 300px) 100vw, 300px\" \/><\/td>\n<\/tr>\n<\/tbody>\n<\/table>\n<p align=\"justify\"><span style=\"font-family: Times New Roman, serif;\"><span style=\"font-size: medium;\">M\u00e1r az elnevez\u00e9s is kedvet csin\u00e1lt a r\u00e9szv\u00e9telre, &#8211; Porci Berci \u2013 ezt fokozta a j\u00e1t\u00e9kos mack\u00f3figura is. Dr. Kl\u00f3sz Be\u00e1ta seg\u00edts\u00e9g\u00e9vel a gyerekek 6 alkalommal ismerkedtek a helyes tart\u00e1s szab\u00e1lyaival. Megtanult\u00e1k az iskolat\u00e1ska helyes be\u00e1ll\u00edt\u00e1s\u00e1t, a neh\u00e9z t\u00e1rgyak felemel\u00e9s\u00e9nek gerinck\u00edm\u00e9l\u0151 m\u00f3dj\u00e1t. Gyakorolt\u00e1k a helyes \u00edr\u00f3-olvas\u00f3-figyel\u0151 tart\u00e1st, j\u00e1t\u00e9kos ut\u00e1nz\u00f3 mozg\u00e1sokkal laz\u00edtott\u00e1k a gerincoszlopot, rugalmass\u00e1 t\u00e9ve a megfelel\u0151 mozg\u00e1shoz.<\/span><\/span><\/p>\n<table style=\"border-collapse: collapse; width: 100%;\">\n<tbody>\n<tr>\n<td style=\"width: 33.3333%;\"><img loading=\"lazy\" decoding=\"async\" class=\"aligncenter size-medium wp-image-1491\" src=\"https:\/\/altisk-mlak.edu.hu\/wp-content\/uploads\/2023\/06\/IMG_20230323_110511-225x300.jpg\" alt=\"\" width=\"225\" height=\"300\" srcset=\"https:\/\/altisk-mlak.edu.hu\/wp-content\/uploads\/2023\/06\/IMG_20230323_110511-225x300.jpg 225w, https:\/\/altisk-mlak.edu.hu\/wp-content\/uploads\/2023\/06\/IMG_20230323_110511-768x1024.jpg 768w, https:\/\/altisk-mlak.edu.hu\/wp-content\/uploads\/2023\/06\/IMG_20230323_110511-1152x1536.jpg 1152w, https:\/\/altisk-mlak.edu.hu\/wp-content\/uploads\/2023\/06\/IMG_20230323_110511-1536x2048.jpg 1536w, https:\/\/altisk-mlak.edu.hu\/wp-content\/uploads\/2023\/06\/IMG_20230323_110511-450x600.jpg 450w, https:\/\/altisk-mlak.edu.hu\/wp-content\/uploads\/2023\/06\/IMG_20230323_110511-scaled.jpg 1920w\" sizes=\"(max-width: 225px) 100vw, 225px\" \/><\/td>\n<td style=\"width: 33.3333%;\"><img loading=\"lazy\" decoding=\"async\" class=\"aligncenter size-medium wp-image-1492\" src=\"https:\/\/altisk-mlak.edu.hu\/wp-content\/uploads\/2023\/06\/IMG_20230323_111903-225x300.jpg\" alt=\"\" width=\"225\" height=\"300\" srcset=\"https:\/\/altisk-mlak.edu.hu\/wp-content\/uploads\/2023\/06\/IMG_20230323_111903-225x300.jpg 225w, https:\/\/altisk-mlak.edu.hu\/wp-content\/uploads\/2023\/06\/IMG_20230323_111903-768x1024.jpg 768w, https:\/\/altisk-mlak.edu.hu\/wp-content\/uploads\/2023\/06\/IMG_20230323_111903-1152x1536.jpg 1152w, https:\/\/altisk-mlak.edu.hu\/wp-content\/uploads\/2023\/06\/IMG_20230323_111903-1536x2048.jpg 1536w, https:\/\/altisk-mlak.edu.hu\/wp-content\/uploads\/2023\/06\/IMG_20230323_111903-450x600.jpg 450w, https:\/\/altisk-mlak.edu.hu\/wp-content\/uploads\/2023\/06\/IMG_20230323_111903-scaled.jpg 1920w\" sizes=\"(max-width: 225px) 100vw, 225px\" \/><\/td>\n<td style=\"width: 33.3333%;\"><img loading=\"lazy\" decoding=\"async\" class=\"aligncenter size-medium wp-image-1493\" src=\"https:\/\/altisk-mlak.edu.hu\/wp-content\/uploads\/2023\/06\/IMG_20230413_110745-225x300.jpg\" alt=\"\" width=\"225\" height=\"300\" srcset=\"https:\/\/altisk-mlak.edu.hu\/wp-content\/uploads\/2023\/06\/IMG_20230413_110745-225x300.jpg 225w, https:\/\/altisk-mlak.edu.hu\/wp-content\/uploads\/2023\/06\/IMG_20230413_110745-768x1024.jpg 768w, https:\/\/altisk-mlak.edu.hu\/wp-content\/uploads\/2023\/06\/IMG_20230413_110745-1152x1536.jpg 1152w, https:\/\/altisk-mlak.edu.hu\/wp-content\/uploads\/2023\/06\/IMG_20230413_110745-1536x2048.jpg 1536w, https:\/\/altisk-mlak.edu.hu\/wp-content\/uploads\/2023\/06\/IMG_20230413_110745-450x600.jpg 450w, https:\/\/altisk-mlak.edu.hu\/wp-content\/uploads\/2023\/06\/IMG_20230413_110745.jpg 1800w\" sizes=\"(max-width: 225px) 100vw, 225px\" \/><\/td>\n<\/tr>\n<\/tbody>\n<\/table>\n<p align=\"justify\"><span style=\"font-family: Times New Roman, serif;\"><span style=\"font-size: medium;\">Minden als\u00f3s \u00e9vfolyam \u00f6r\u00f6mmel forgatta, haszn\u00e1lta az \u00e1br\u00e1kkal gazdag\u00edtott kiadv\u00e1nyt is.<\/span><\/span><\/p>\n<p align=\"justify\"><span style=\"font-family: Times New Roman, serif;\"><span style=\"font-size: medium;\">B\u00edzunk abban, hogy ez a program folytat\u00f3dni fog, hogy mindenki jobban figyeljen saj\u00e1t eg\u00e9szs\u00e9g\u00e9re.<\/span><\/span><\/p>\n<p style=\"text-align: right;\"><span style=\"font-family: Times New Roman, serif;\"><span style=\"font-size: medium;\"><i>Aradin\u00e9 Pov\u00e1zsay Katalin<\/i><\/span><\/span><\/p>\n","protected":false},"excerpt":{"rendered":"<p>Mint ismert, napjainkban a mozg\u00e1sszeg\u00e9ny \u00e9letm\u00f3d miatt sok a g\u00f6rnyedt, tart\u00e1shib\u00e1s fiatal. Ezt pr\u00f3b\u00e1lja a szentgotth\u00e1rdi EFI egy kifejezetten a 6-10 \u00e9ves koroszt\u00e1lynak sz\u00f3l\u00f3 programmal jav\u00edtani a Magyarlak-Cs\u00f6r\u00f6tnek \u00c1ltal\u00e1nos Iskol\u00e1ban \u00e9s a<a class=\"moretag\" href=\"https:\/\/altisk-mlak.edu.hu\/index.php\/porci-berci\/\">Read More&#8230;<\/a><\/p>\n","protected":false},"author":3,"featured_media":0,"comment_status":"closed","ping_status":"closed","sticky":false,"template":"","format":"standard","meta":{"two_page_speed":[],"footnotes":""},"categories":[1],"tags":[],"class_list":["post-1487","post","type-post","status-publish","format-standard","hentry","category-egyeb"],"_links":{"self":[{"href":"https:\/\/altisk-mlak.edu.hu\/index.php\/wp-json\/wp\/v2\/posts\/1487","targetHints":{"allow":["GET"]}}],"collection":[{"href":"https:\/\/altisk-mlak.edu.hu\/index.php\/wp-json\/wp\/v2\/posts"}],"about":[{"href":"https:\/\/altisk-mlak.edu.hu\/index.php\/wp-json\/wp\/v2\/types\/post"}],"author":[{"embeddable":true,"href":"https:\/\/altisk-mlak.edu.hu\/index.php\/wp-json\/wp\/v2\/users\/3"}],"replies":[{"embeddable":true,"href":"https:\/\/altisk-mlak.edu.hu\/index.php\/wp-json\/wp\/v2\/comments?post=1487"}],"version-history":[{"count":1,"href":"https:\/\/altisk-mlak.edu.hu\/index.php\/wp-json\/wp\/v2\/posts\/1487\/revisions"}],"predecessor-version":[{"id":1494,"href":"https:\/\/altisk-mlak.edu.hu\/index.php\/wp-json\/wp\/v2\/posts\/1487\/revisions\/1494"}],"wp:attachment":[{"href":"https:\/\/altisk-mlak.edu.hu\/index.php\/wp-json\/wp\/v2\/media?parent=1487"}],"wp:term":[{"taxonomy":"category","embeddable":true,"href":"https:\/\/altisk-mlak.edu.hu\/index.php\/wp-json\/wp\/v2\/categories?post=1487"},{"taxonomy":"post_tag","embeddable":true,"href":"https:\/\/altisk-mlak.edu.hu\/index.php\/wp-json\/wp\/v2\/tags?post=1487"}],"curies":[{"name":"wp","href":"https:\/\/api.w.org\/{rel}","templated":true}]}}