{"id":1495,"date":"2023-06-15T10:11:34","date_gmt":"2023-06-15T10:11:34","guid":{"rendered":"https:\/\/altisk-mlak.edu.hu\/?p=1495"},"modified":"2023-06-15T10:13:43","modified_gmt":"2023-06-15T10:13:43","slug":"a-fovarosi-nagycirkuszban-jartunk","status":"publish","type":"post","link":"https:\/\/altisk-mlak.edu.hu\/index.php\/a-fovarosi-nagycirkuszban-jartunk\/","title":{"rendered":"A F\u0151v\u00e1rosi Nagycirkuszban j\u00e1rtunk"},"content":{"rendered":"<p align=\"justify\"><img fetchpriority=\"high\" decoding=\"async\" class=\"aligncenter size-medium wp-image-1496\" src=\"https:\/\/altisk-mlak.edu.hu\/wp-content\/uploads\/2023\/06\/20230524_130545-300x300.jpg\" alt=\"\" width=\"300\" height=\"300\" srcset=\"https:\/\/altisk-mlak.edu.hu\/wp-content\/uploads\/2023\/06\/20230524_130545-300x300.jpg 300w, https:\/\/altisk-mlak.edu.hu\/wp-content\/uploads\/2023\/06\/20230524_130545-1024x1024.jpg 1024w, https:\/\/altisk-mlak.edu.hu\/wp-content\/uploads\/2023\/06\/20230524_130545-150x150.jpg 150w, https:\/\/altisk-mlak.edu.hu\/wp-content\/uploads\/2023\/06\/20230524_130545-768x768.jpg 768w, https:\/\/altisk-mlak.edu.hu\/wp-content\/uploads\/2023\/06\/20230524_130545-1536x1536.jpg 1536w, https:\/\/altisk-mlak.edu.hu\/wp-content\/uploads\/2023\/06\/20230524_130545-600x600.jpg 600w, https:\/\/altisk-mlak.edu.hu\/wp-content\/uploads\/2023\/06\/20230524_130545.jpg 2000w\" sizes=\"(max-width: 300px) 100vw, 300px\" \/><\/p>\n<p align=\"justify\">M\u00e1jus 24-\u00e9n 8. oszt\u00e1lyos tanul\u00f3ink Budapestre utaztak, hogy a L\u00e1z\u00e1r Ervin Program keret\u00e9ben megtekints\u00e9k A sztyeppe illata c\u00edm\u0171 el\u0151ad\u00e1st a F\u0151v\u00e1rosi Nagycirkuszban. T\u00fcrkm\u00e9n, \u00fczb\u00e9g, mongol, azeri, ukr\u00e1n \u00e9s magyar artist\u00e1k eleven\u00edtett\u00e9k fel az egykori v\u00e1ndorl\u00f3 n\u00e9pek \u0151si vil\u00e1g\u00e1t. Az \u00f3ri\u00e1si jurt\u00e1nak berendezett cirkusz porondj\u00e1n vakmer\u0151 artist\u00e1kat, zsongl\u0151r\u00f6ket, er\u0151m\u0171v\u00e9szeket, l\u00e9gtorn\u00e1szokat l\u00e1ttunk. A sz\u00ednvonalas produkci\u00f3k nagy sikert arattak a gyerekek k\u00f6r\u00e9ben.<\/p>\n<table style=\"border-collapse: collapse; width: 100%;\">\n<tbody>\n<tr>\n<td style=\"width: 50%;\"><img decoding=\"async\" class=\"aligncenter size-medium wp-image-1497\" src=\"https:\/\/altisk-mlak.edu.hu\/wp-content\/uploads\/2023\/06\/20230524_110743-300x300.jpg\" alt=\"\" width=\"300\" height=\"300\" srcset=\"https:\/\/altisk-mlak.edu.hu\/wp-content\/uploads\/2023\/06\/20230524_110743-300x300.jpg 300w, https:\/\/altisk-mlak.edu.hu\/wp-content\/uploads\/2023\/06\/20230524_110743-1024x1024.jpg 1024w, https:\/\/altisk-mlak.edu.hu\/wp-content\/uploads\/2023\/06\/20230524_110743-150x150.jpg 150w, https:\/\/altisk-mlak.edu.hu\/wp-content\/uploads\/2023\/06\/20230524_110743-768x768.jpg 768w, https:\/\/altisk-mlak.edu.hu\/wp-content\/uploads\/2023\/06\/20230524_110743-1536x1536.jpg 1536w, https:\/\/altisk-mlak.edu.hu\/wp-content\/uploads\/2023\/06\/20230524_110743-600x600.jpg 600w, https:\/\/altisk-mlak.edu.hu\/wp-content\/uploads\/2023\/06\/20230524_110743.jpg 2000w\" sizes=\"(max-width: 300px) 100vw, 300px\" \/><\/td>\n<td style=\"width: 50%;\"><img decoding=\"async\" class=\"aligncenter size-medium wp-image-1498\" src=\"https:\/\/altisk-mlak.edu.hu\/wp-content\/uploads\/2023\/06\/20230524_111257-300x300.jpg\" alt=\"\" width=\"300\" height=\"300\" srcset=\"https:\/\/altisk-mlak.edu.hu\/wp-content\/uploads\/2023\/06\/20230524_111257-300x300.jpg 300w, https:\/\/altisk-mlak.edu.hu\/wp-content\/uploads\/2023\/06\/20230524_111257-1024x1024.jpg 1024w, https:\/\/altisk-mlak.edu.hu\/wp-content\/uploads\/2023\/06\/20230524_111257-150x150.jpg 150w, https:\/\/altisk-mlak.edu.hu\/wp-content\/uploads\/2023\/06\/20230524_111257-768x768.jpg 768w, https:\/\/altisk-mlak.edu.hu\/wp-content\/uploads\/2023\/06\/20230524_111257-1536x1536.jpg 1536w, https:\/\/altisk-mlak.edu.hu\/wp-content\/uploads\/2023\/06\/20230524_111257-2048x2048.jpg 2048w, https:\/\/altisk-mlak.edu.hu\/wp-content\/uploads\/2023\/06\/20230524_111257-600x600.jpg 600w\" sizes=\"(max-width: 300px) 100vw, 300px\" \/><\/td>\n<\/tr>\n<\/tbody>\n<\/table>\n<p style=\"text-align: right;\"><i>Bogn\u00e1r Szilvia<\/i><\/p>\n","protected":false},"excerpt":{"rendered":"<p>M\u00e1jus 24-\u00e9n 8. oszt\u00e1lyos tanul\u00f3ink Budapestre utaztak, hogy a L\u00e1z\u00e1r Ervin Program keret\u00e9ben megtekints\u00e9k A sztyeppe illata c\u00edm\u0171 el\u0151ad\u00e1st a F\u0151v\u00e1rosi Nagycirkuszban. T\u00fcrkm\u00e9n, \u00fczb\u00e9g, mongol, azeri, ukr\u00e1n \u00e9s magyar artist\u00e1k eleven\u00edtett\u00e9k fel<a class=\"moretag\" href=\"https:\/\/altisk-mlak.edu.hu\/index.php\/a-fovarosi-nagycirkuszban-jartunk\/\">Read More&#8230;<\/a><\/p>\n","protected":false},"author":3,"featured_media":0,"comment_status":"closed","ping_status":"closed","sticky":false,"template":"","format":"standard","meta":{"two_page_speed":[],"footnotes":""},"categories":[1],"tags":[],"class_list":["post-1495","post","type-post","status-publish","format-standard","hentry","category-egyeb"],"_links":{"self":[{"href":"https:\/\/altisk-mlak.edu.hu\/index.php\/wp-json\/wp\/v2\/posts\/1495","targetHints":{"allow":["GET"]}}],"collection":[{"href":"https:\/\/altisk-mlak.edu.hu\/index.php\/wp-json\/wp\/v2\/posts"}],"about":[{"href":"https:\/\/altisk-mlak.edu.hu\/index.php\/wp-json\/wp\/v2\/types\/post"}],"author":[{"embeddable":true,"href":"https:\/\/altisk-mlak.edu.hu\/index.php\/wp-json\/wp\/v2\/users\/3"}],"replies":[{"embeddable":true,"href":"https:\/\/altisk-mlak.edu.hu\/index.php\/wp-json\/wp\/v2\/comments?post=1495"}],"version-history":[{"count":1,"href":"https:\/\/altisk-mlak.edu.hu\/index.php\/wp-json\/wp\/v2\/posts\/1495\/revisions"}],"predecessor-version":[{"id":1499,"href":"https:\/\/altisk-mlak.edu.hu\/index.php\/wp-json\/wp\/v2\/posts\/1495\/revisions\/1499"}],"wp:attachment":[{"href":"https:\/\/altisk-mlak.edu.hu\/index.php\/wp-json\/wp\/v2\/media?parent=1495"}],"wp:term":[{"taxonomy":"category","embeddable":true,"href":"https:\/\/altisk-mlak.edu.hu\/index.php\/wp-json\/wp\/v2\/categories?post=1495"},{"taxonomy":"post_tag","embeddable":true,"href":"https:\/\/altisk-mlak.edu.hu\/index.php\/wp-json\/wp\/v2\/tags?post=1495"}],"curies":[{"name":"wp","href":"https:\/\/api.w.org\/{rel}","templated":true}]}}